{"id":8158,"date":"2020-11-04T18:28:37","date_gmt":"2020-11-04T15:28:37","guid":{"rendered":"http:\/\/mersinekonomipolitikagazetesi.com\/?p=8158"},"modified":"2020-11-04T18:28:37","modified_gmt":"2020-11-04T15:28:37","slug":"mersindeki-tefeci-operasyonunda-14-kisi-tutuklandi","status":"publish","type":"post","link":"https:\/\/akdenizolaygazetesi.com\/?p=8158","title":{"rendered":"Mersin\u2019deki tefeci operasyonunda 14 ki\u015fi tutukland\u0131"},"content":{"rendered":"<p><span style=\"line-height: 1.6em;\">\u00a0Mersin&#8217;de tefecilik ve pos tefecilik yaparak haks\u0131z kazan\u00e7 sa\u011flayanlara y\u00f6nelik d\u00fczenlenen operasyonda g\u00f6zalt\u0131na al\u0131nan 29 ki\u015fiden 14&#8217;\u00fc tutukland\u0131.\u00a0<\/span><\/p>\n<p>Edinilen bilgiye g\u00f6re, Mersin \u0130l Emniyet M\u00fcd\u00fcrl\u00fc\u011f\u00fc ile Tarsus il\u00e7e Emniyet M\u00fcd\u00fcrl\u00fc\u011f\u00fc ekipleri, haks\u0131z ekonomik \u00e7\u0131kar sa\u011flamak amac\u0131yla tefecilik ve pos tefecilik yapt\u0131\u011f\u0131 de\u011ferlendirilen \u015fah\u0131slar\u0131n tespitine y\u00f6nelik \u00e7al\u0131\u015fma ba\u015flatt\u0131. 6 ayl\u0131k \u00e7al\u0131\u015fman\u0131n ard\u0131ndan tefecilik yapt\u0131klar\u0131 iddias\u0131yla aralar\u0131nda mobilyac\u0131, kuyumcu, emlak\u00e7\u0131, yerel gazete, telefon bayi, dernek gibi meslek gruplar\u0131ndan ki\u015filerin de oldu\u011fu 32 \u015f\u00fcphelinin yakalanmas\u0131na y\u00f6nelik d\u00fczenlenen operasyonda, 29 ki\u015fi g\u00f6zalt\u0131na al\u0131nd\u0131. \u015eah\u0131slar\u0131n Mersin, Tarsus ve Adana illerinde bulunan 18 adreste arama yapan ekipler, farkl\u0131 \u015fah\u0131slara ait kredi kartlar\u0131, alacak verecek notlar\u0131n\u0131n bulundu\u011fu ajandalar, 3 ruhsats\u0131z av t\u00fcfe\u011fi, dijital materyaller ve fason olarak kurulan \u015firketlerden \u00e7ekim yap\u0131ld\u0131\u011f\u0131n\u0131 g\u00f6sterir slipler ele ge\u00e7irdi.\u00a0<br \/>\nEmniyetteki i\u015flemlerinin ard\u0131ndan adliyeye sevk edilen \u015fah\u0131slardan 14&#8217;\u00fc tutuklan\u0131rken, 12 ki\u015fi adli kontrolle serbest b\u0131rak\u0131ld\u0131. 1 \u015fah\u0131s mahkeme taraf\u0131ndan, 2 \u015fah\u0131s ise savc\u0131l\u0131ktan sa\u011fl\u0131k sorunlar\u0131 sebebiyle serbest b\u0131rak\u0131l\u0131rken, adreslerinde bulunmayan 3 ki\u015finin ise aranmas\u0131na devam ediliyor.\u00a0<\/p>\n","protected":false},"excerpt":{"rendered":"<p>\u00a0Mersin&#8217;de tefecilik ve pos tefecilik yaparak haks\u0131z kazan\u00e7 sa\u011flayanlara y\u00f6nelik d\u00fczenlenen operasyonda g\u00f6zalt\u0131na al\u0131nan 29 ki\u015fiden 14&#8217;\u00fc tutukland\u0131.\u00a0 Edinilen bilgiye g\u00f6re, Mersin \u0130l Emniyet M\u00fcd\u00fcrl\u00fc\u011f\u00fc ile Tarsus il\u00e7e Emniyet M\u00fcd\u00fcrl\u00fc\u011f\u00fc &hellip; <a href=\"https:\/\/akdenizolaygazetesi.com\/?p=8158\" class=\"more-link\">Devam\u0131n\u0131 Oku&#8230;<\/a><\/p>\n","protected":false},"author":1,"featured_media":0,"comment_status":"open","ping_status":"open","sticky":false,"template":"","format":"standard","meta":[],"categories":[],"tags":[],"_links":{"self":[{"href":"https:\/\/akdenizolaygazetesi.com\/index.php?rest_route=\/wp\/v2\/posts\/8158"}],"collection":[{"href":"https:\/\/akdenizolaygazetesi.com\/index.php?rest_route=\/wp\/v2\/posts"}],"about":[{"href":"https:\/\/akdenizolaygazetesi.com\/index.php?rest_route=\/wp\/v2\/types\/post"}],"author":[{"embeddable":true,"href":"https:\/\/akdenizolaygazetesi.com\/index.php?rest_route=\/wp\/v2\/users\/1"}],"replies":[{"embeddable":true,"href":"https:\/\/akdenizolaygazetesi.com\/index.php?rest_route=%2Fwp%2Fv2%2Fcomments&post=8158"}],"version-history":[{"count":0,"href":"https:\/\/akdenizolaygazetesi.com\/index.php?rest_route=\/wp\/v2\/posts\/8158\/revisions"}],"wp:attachment":[{"href":"https:\/\/akdenizolaygazetesi.com\/index.php?rest_route=%2Fwp%2Fv2%2Fmedia&parent=8158"}],"wp:term":[{"taxonomy":"category","embeddable":true,"href":"https:\/\/akdenizolaygazetesi.com\/index.php?rest_route=%2Fwp%2Fv2%2Fcategories&post=8158"},{"taxonomy":"post_tag","embeddable":true,"href":"https:\/\/akdenizolaygazetesi.com\/index.php?rest_route=%2Fwp%2Fv2%2Ftags&post=8158"}],"curies":[{"name":"wp","href":"https:\/\/api.w.org\/{rel}","templated":true}]}}