{"id":8159,"date":"2020-11-04T18:28:37","date_gmt":"2020-11-04T15:28:37","guid":{"rendered":"http:\/\/mersinekonomipolitikagazetesi.com\/?p=8159"},"modified":"2020-11-04T18:28:37","modified_gmt":"2020-11-04T15:28:37","slug":"mersine-kayit-icin-gelen-universiteliler-otogarda-karsilaniyor","status":"publish","type":"post","link":"https:\/\/akdenizolaygazetesi.com\/?p=8159","title":{"rendered":"Mersin&#8217;e kay\u0131t i\u00e7in gelen \u00fcniversiteliler otogarda kar\u015f\u0131lan\u0131yor"},"content":{"rendered":"<p><span style=\"line-height: 1.6em;\">Mersin B\u00fcy\u00fck\u015fehir Belediyesi, \u00fcniversite kayd\u0131 i\u00e7in kentte gelen gen\u00e7leri Mersin \u015eehirleraras\u0131 Otob\u00fcs Terminali\u2019nde (ME\u015eOT) kar\u015f\u0131l\u0131yor. Gelen yolcu b\u00f6l\u00fcm\u00fcndeki stantta \u00f6\u011frencilere hem rehberlik yap\u0131l\u0131yor hem ikramlar sunuluyor hem de Mersin B\u00fcy\u00fck\u015fehir\u2019in \u00f6\u011frencilere y\u00f6nelik hizmetleri anlat\u0131l\u0131yor.\u00a0<\/span><\/p>\n<p>Sabah 05.30\u2019da a\u00e7\u0131lan stantta Mersin B\u00fcy\u00fck\u015fehir\u2019in kurs merkezi \u00f6\u011fretmenleri saat 18.00\u2019e kadar \u00f6\u011frencileri kar\u015f\u0131l\u0131yor. Burada meyve suyu ve su ikram\u0131n\u0131n yan\u0131 s\u0131ra gen\u00e7lere bilgilendirici bro\u015f\u00fcrler veriliyor. G\u00f6revli personel gelen \u00f6\u011frencilere \u00f6nce k\u0131saca Mersin\u2019den bahsediyor, ard\u0131ndan B\u00fcy\u00fck\u015fehir\u2019in \u00f6\u011frencilere y\u00f6nelik hizmetlerini anlat\u0131yor. \u00d6\u011frencilere Mersin \u015eehirleraras\u0131 Otob\u00fcs Terminali\u2019nden gidecekleri noktalara y\u00f6nelik rehberlik de yap\u0131l\u0131yor. ME\u015eOT\u2019ta \u00f6\u011frencileri kar\u015f\u0131layan personel, 1 Ekmek 1 \u00c7orba\u2019dan \u00c7ama\u015f\u0131r Kafe\u2019ye kadar \u00f6\u011frencilere y\u00f6nelik hizmetler konusunda gen\u00e7leri bilgilendiriyor. \u00d6\u011fretmen Tu\u011frul K\u00fcrek\u00e7i, gen\u00e7lere Mersin\u2019e att\u0131klar\u0131 ilk ad\u0131mdan itibaren yard\u0131mc\u0131 olmak istediklerini belirterek, \u201cPandemi s\u00fcreci \u00e7ok zor bir s\u00fcre\u00e7. \u0130nsanlar gergin bir \u015fekilde seyahat ediyor, vir\u00fcse yakalanma riski var. \u00d6\u011frencilerde bu gerginlik var, ak\u0131llar\u0131nda \u015f\u00fcpheler var. Biz dedik ki en az\u0131ndan \u00e7ocuklar geldi\u011finde aile \u015fefkatiyle s\u0131cak bir kar\u015f\u0131lama g\u00f6rs\u00fcnler. Birka\u00e7 k\u00fc\u00e7\u00fck ikram\u0131m\u0131z olsun, sa\u011fdan soldan adres sormadan, \u00fcniversiteye nas\u0131l gideriz diye d\u00fc\u015f\u00fcnmeden biz onlar\u0131 \u00fccretsiz olarak \u00fcniversiteye b\u0131rakal\u0131m. Biraz y\u00fczleri g\u00fcls\u00fcn, biraz gerginlikleri azals\u0131n istedik\u201d dedi.\u00a0<br \/>\nMustafa Ak\u0131n Hal\u0131c\u0131o\u011flu adl\u0131 \u00f6\u011frenci ise bu sene Mersin \u00dcniversitesi Turizm Fak\u00fcltesi\u2019ni kazand\u0131\u011f\u0131n\u0131 ve beklemedi\u011fi bir kar\u015f\u0131lamayla kar\u015f\u0131la\u015ft\u0131\u011f\u0131n\u0131 vurgulayarak, \u201c\u0130nternetten ara\u015ft\u0131rm\u0131\u015ft\u0131m, Ba\u015fkan Vahap Se\u00e7er\u2019in yapt\u0131\u011f\u0131 yenilikler hakk\u0131nda \u00e7ok \u015fey okudum. Ama b\u00f6yle s\u0131cak bir kar\u015f\u0131lama beklemiyordum. Benim i\u00e7in \u00e7ok \u015fa\u015f\u0131rt\u0131c\u0131 oldu, \u00e7ok da g\u00fczel oldu. Zaten s\u0131cak bir \u015fehre geldik, s\u0131cak bir kar\u015f\u0131lama da B\u00fcy\u00fck\u015fehir\u2019e yak\u0131\u015f\u0131rd\u0131. \u00c7ok g\u00fczel oldu, \u00e7ok ho\u015fuma gitti. Ba\u015fkan\u0131m\u0131z Vahap Se\u00e7er\u2019e de \u00e7ok te\u015fekk\u00fcr ederiz, \u00f6\u011frencilere bu kadar ilgili ve alakal\u0131 oldu\u011fu i\u00e7in. Zaten \u00e7ama\u015f\u0131r\u0131ndan yurduna kadar her \u015fey d\u00fc\u015f\u00fcn\u00fclm\u00fc\u015f, daha ne isteyebilir ki \u00f6\u011frenciler\u201d diye konu\u015ftu.\u00a0<br \/>\nMuhammet \u00c7\u0131rak adl\u0131 \u00f6\u011frenci ise \u00c7orum\u2019dan geldi\u011fini ve heyecanl\u0131 oldu\u011funu s\u00f6yleyerek, \u201c\u00c7ok g\u00fczel bir \u00e7al\u0131\u015fma ba\u015flatm\u0131\u015flar, \u00e7ok te\u015fekk\u00fcr ediyorum Mersin B\u00fcy\u00fck\u015fehir Belediyesi\u2019ne. Beklemedi\u011fim bir kar\u015f\u0131lamayd\u0131. \u00c7\u00fcnk\u00fc neyle kar\u015f\u0131la\u015faca\u011f\u0131m\u0131, otob\u00fcse binece\u011fim yeri bile bilmiyordum asl\u0131nda. Bu hizmetler \u015fu anda beni heyecanland\u0131rd\u0131&#8221; \u015feklinde konu\u015ftu.\u00a0<\/p>\n","protected":false},"excerpt":{"rendered":"<p>Mersin B\u00fcy\u00fck\u015fehir Belediyesi, \u00fcniversite kayd\u0131 i\u00e7in kentte gelen gen\u00e7leri Mersin \u015eehirleraras\u0131 Otob\u00fcs Terminali\u2019nde (ME\u015eOT) kar\u015f\u0131l\u0131yor. Gelen yolcu b\u00f6l\u00fcm\u00fcndeki stantta \u00f6\u011frencilere hem rehberlik yap\u0131l\u0131yor hem ikramlar sunuluyor hem de Mersin B\u00fcy\u00fck\u015fehir\u2019in &hellip; <a href=\"https:\/\/akdenizolaygazetesi.com\/?p=8159\" class=\"more-link\">Devam\u0131n\u0131 Oku&#8230;<\/a><\/p>\n","protected":false},"author":1,"featured_media":0,"comment_status":"open","ping_status":"open","sticky":false,"template":"","format":"standard","meta":[],"categories":[],"tags":[],"_links":{"self":[{"href":"https:\/\/akdenizolaygazetesi.com\/index.php?rest_route=\/wp\/v2\/posts\/8159"}],"collection":[{"href":"https:\/\/akdenizolaygazetesi.com\/index.php?rest_route=\/wp\/v2\/posts"}],"about":[{"href":"https:\/\/akdenizolaygazetesi.com\/index.php?rest_route=\/wp\/v2\/types\/post"}],"author":[{"embeddable":true,"href":"https:\/\/akdenizolaygazetesi.com\/index.php?rest_route=\/wp\/v2\/users\/1"}],"replies":[{"embeddable":true,"href":"https:\/\/akdenizolaygazetesi.com\/index.php?rest_route=%2Fwp%2Fv2%2Fcomments&post=8159"}],"version-history":[{"count":0,"href":"https:\/\/akdenizolaygazetesi.com\/index.php?rest_route=\/wp\/v2\/posts\/8159\/revisions"}],"wp:attachment":[{"href":"https:\/\/akdenizolaygazetesi.com\/index.php?rest_route=%2Fwp%2Fv2%2Fmedia&parent=8159"}],"wp:term":[{"taxonomy":"category","embeddable":true,"href":"https:\/\/akdenizolaygazetesi.com\/index.php?rest_route=%2Fwp%2Fv2%2Fcategories&post=8159"},{"taxonomy":"post_tag","embeddable":true,"href":"https:\/\/akdenizolaygazetesi.com\/index.php?rest_route=%2Fwp%2Fv2%2Ftags&post=8159"}],"curies":[{"name":"wp","href":"https:\/\/api.w.org\/{rel}","templated":true}]}}