{"id":8160,"date":"2020-11-04T18:28:37","date_gmt":"2020-11-04T15:28:37","guid":{"rendered":"http:\/\/mersinekonomipolitikagazetesi.com\/?p=8160"},"modified":"2020-11-04T18:28:37","modified_gmt":"2020-11-04T15:28:37","slug":"toroslarda-sehitler-icin-mevlit-okutuldu","status":"publish","type":"post","link":"https:\/\/akdenizolaygazetesi.com\/?p=8160","title":{"rendered":"Toroslar&#8217;da \u015fehitler i\u00e7in mevlit okutuldu"},"content":{"rendered":"<p><span style=\"line-height: 1.6em;\">Mersin&#8217;in merkez il\u00e7e Toroslar Belediyesi, vatan u\u011fruna canlar\u0131n\u0131 feda eden t\u00fcm \u015fehitler i\u00e7in mevlit okuttu.\u00a0<\/span><\/p>\n<p>Toroslar Belediye Ba\u015fkan\u0131 Ats\u0131z Af\u015f\u0131n Y\u0131lmaz, Mersin \u015eehitli\u011fi&#8217;nde d\u00fczenlenen programda \u015fehit aileleri ve yak\u0131nlar\u0131yla bir araya geldi. Kuran-\u0131 Kerim tilavetinin ard\u0131ndan, \u015fehitlerin kabri ba\u015f\u0131nda dua edildi. Toroslar \u0130l\u00e7e Kaymakam\u0131 Ahmet Hikmet \u015eahin ve Belediye Meclis \u00fcyelerinin de kat\u0131ld\u0131\u011f\u0131 programda Ba\u015fkan Y\u0131lmaz, \u015fehit aileleriyle yak\u0131ndan ilgilenerek, &#8220;Siz de\u011ferli \u015fehit ailelerimiz, bizlere \u015fehitlerimizin birer emanetisiniz. Sizlerin evlad\u0131, abisi ve karde\u015fi olarak bu hayat\u0131 hep birlikte payla\u015faca\u011f\u0131z. Biz her zaman sizlerin yan\u0131n\u0131zday\u0131z. \u015eehitlerimizi asla unutmayaca\u011f\u0131z. Ruhlar\u0131 \u015fad olsun. Bu vesileyle ulu \u00f6nderimiz Gazi Mustafa Kemal Atat\u00fcrk ve silah arkada\u015flar\u0131 ba\u015fta olmak \u00fczere vatan\u0131m\u0131z i\u00e7in canlar\u0131n\u0131 feda eden aziz \u015fehitlerimize Allah&#8217;tan rahmet, kahraman gazilerimize minnet ve \u015f\u00fckranlar\u0131m\u0131 sunuyorum&#8221; dedi.\u00a0<\/p>\n","protected":false},"excerpt":{"rendered":"<p>Mersin&#8217;in merkez il\u00e7e Toroslar Belediyesi, vatan u\u011fruna canlar\u0131n\u0131 feda eden t\u00fcm \u015fehitler i\u00e7in mevlit okuttu.\u00a0 Toroslar Belediye Ba\u015fkan\u0131 Ats\u0131z Af\u015f\u0131n Y\u0131lmaz, Mersin \u015eehitli\u011fi&#8217;nde d\u00fczenlenen programda \u015fehit aileleri ve yak\u0131nlar\u0131yla bir &hellip; <a href=\"https:\/\/akdenizolaygazetesi.com\/?p=8160\" class=\"more-link\">Devam\u0131n\u0131 Oku&#8230;<\/a><\/p>\n","protected":false},"author":1,"featured_media":0,"comment_status":"open","ping_status":"open","sticky":false,"template":"","format":"standard","meta":[],"categories":[],"tags":[],"_links":{"self":[{"href":"https:\/\/akdenizolaygazetesi.com\/index.php?rest_route=\/wp\/v2\/posts\/8160"}],"collection":[{"href":"https:\/\/akdenizolaygazetesi.com\/index.php?rest_route=\/wp\/v2\/posts"}],"about":[{"href":"https:\/\/akdenizolaygazetesi.com\/index.php?rest_route=\/wp\/v2\/types\/post"}],"author":[{"embeddable":true,"href":"https:\/\/akdenizolaygazetesi.com\/index.php?rest_route=\/wp\/v2\/users\/1"}],"replies":[{"embeddable":true,"href":"https:\/\/akdenizolaygazetesi.com\/index.php?rest_route=%2Fwp%2Fv2%2Fcomments&post=8160"}],"version-history":[{"count":0,"href":"https:\/\/akdenizolaygazetesi.com\/index.php?rest_route=\/wp\/v2\/posts\/8160\/revisions"}],"wp:attachment":[{"href":"https:\/\/akdenizolaygazetesi.com\/index.php?rest_route=%2Fwp%2Fv2%2Fmedia&parent=8160"}],"wp:term":[{"taxonomy":"category","embeddable":true,"href":"https:\/\/akdenizolaygazetesi.com\/index.php?rest_route=%2Fwp%2Fv2%2Fcategories&post=8160"},{"taxonomy":"post_tag","embeddable":true,"href":"https:\/\/akdenizolaygazetesi.com\/index.php?rest_route=%2Fwp%2Fv2%2Ftags&post=8160"}],"curies":[{"name":"wp","href":"https:\/\/api.w.org\/{rel}","templated":true}]}}