{"id":8161,"date":"2020-11-04T18:28:37","date_gmt":"2020-11-04T15:28:37","guid":{"rendered":"http:\/\/mersinekonomipolitikagazetesi.com\/?p=8161"},"modified":"2020-11-04T18:28:37","modified_gmt":"2020-11-04T15:28:37","slug":"rektor-camsari-mersin-hizli-artis-yasanan-illerden-biri","status":"publish","type":"post","link":"https:\/\/akdenizolaygazetesi.com\/?p=8161","title":{"rendered":"Rekt\u00f6r \u00c7amsar\u0131: \u201cMersin, h\u0131zl\u0131 art\u0131\u015f ya\u015fanan illerden biri\u201d"},"content":{"rendered":"<p><span style=\"line-height: 1.6em;\">\u00a0Mersin \u00dcniversitesi (ME\u00dc) Rekt\u00f6r\u00fc Prof. Dr. Ahmet \u00c7amsar\u0131, Mersin\u2019de son d\u00f6nemde korona vir\u00fcs pozitif vakalar\u0131nda h\u0131zl\u0131 bir art\u0131\u015f oldu\u011funu belirterek, ilerleyi\u015fin h\u0131zl\u0131 olmas\u0131n\u0131n \u00fcz\u00fcc\u00fc oldu\u011funu vurgulad\u0131. \u00c7amsar\u0131, karantinan\u0131n ard\u0131ndan ikinci testi yapt\u0131rmak i\u00e7in ME\u00dc Hastanesine gelen pozitif hastalar\u0131n test yap\u0131lmadan geri \u00e7evrildi\u011fi iddialar\u0131n\u0131 ise ara\u015ft\u0131raca\u011f\u0131n\u0131, bir eksiklik varsa d\u00fczeltece\u011fini s\u00f6yledi.\u00a0<\/span><\/p>\n<p>ME\u00dc Rekt\u00f6r\u00fc Prof. Dr. \u00c7amsar\u0131, son d\u00f6nemde T\u00fcrkiye genelinde oldu\u011fu gibi Mersin\u2019de de art\u0131\u015f g\u00f6steren korona vir\u00fcs (Covid-19) vakalar\u0131na ili\u015fkin gazetecilerin sorular\u0131n\u0131 yan\u0131tlad\u0131. Mersin\u2019de h\u0131zl\u0131 bir art\u0131\u015f oldu\u011funa dikkat \u00e7eken Rekt\u00f6r \u00c7amsar\u0131, sa\u011fl\u0131k \u00e7al\u0131\u015fanlar\u0131 aras\u0131nda da pozitif vakalar bulundu\u011funu a\u00e7\u0131klad\u0131.\u00a0<\/p>\n<p>\u201c\u0130lerleyi\u015f h\u0131zl\u0131\u201d\u00a0<br \/>\nSa\u011fl\u0131k Bakan\u0131 Fahrettin Koca\u2019n\u0131n da Mersin\u2019i, art\u0131\u015f ya\u015fanan iller aras\u0131nda sayd\u0131\u011f\u0131n\u0131 an\u0131msatan \u00c7amsar\u0131, \u201cMersin de h\u0131zl\u0131 art\u0131\u015f ya\u015fanan illerden birisi. \u0130lk 5\u2019te yokuz \u00e7ok \u015f\u00fck\u00fcr ama bir art\u0131\u015f ya\u015fand\u0131\u011f\u0131 kesin. Bu, bayram sonras\u0131 daha \u00e7ok dikkat \u00e7ekti. Bizim hastanemizde de y\u00fczde olarak art\u0131\u015f oldu. \u015eu an i\u00e7in yatak s\u0131k\u0131nt\u0131m\u0131z yok fakat ilerleyi\u015f h\u0131zl\u0131. Bu biraz \u00fcz\u00fcc\u00fc bizim a\u00e7\u0131m\u0131zdan\u201d dedi.\u00a0<br \/>\nME\u00dc Hastanesindeki sa\u011fl\u0131k \u00e7al\u0131\u015fanlar\u0131 i\u00e7inde de pozitif vakalar oldu\u011funu dile getiren \u00c7amsar\u0131, \u201cCan kayb\u0131 yok \u00e7ok \u015f\u00fck\u00fcr. Sa\u011fl\u0131k \u00e7al\u0131\u015fanlar\u0131nda temasl\u0131 olanlarda var ama bu \u015fu an i\u00e7in i\u015flemleri engelleyecek d\u00fczeyde bir s\u0131k\u0131nt\u0131 olu\u015fturmuyor bizim i\u00e7in. Zaten bu i\u015fin do\u011fas\u0131, sa\u011fl\u0131k \u00e7al\u0131\u015fan\u0131 olman\u0131n zorlu\u011fu, \u00f6zverisi burada. Ba\u015ftan bu yana bunu kontrol alt\u0131nda tutmaya \u00e7al\u0131\u015f\u0131yoruz biz ama neticede arkada\u015flar orada b\u00fcy\u00fck bir \u00f6zveriyle birebir \u00e7al\u0131\u015f\u0131yor. \u0130ster istemez bula\u015flar olabiliyor. Ama \u015funu da belirtmek isterim; sa\u011fl\u0131k \u00e7al\u0131\u015fanlar\u0131 dahil personelimizde bula\u015fanlar\u0131n bir k\u0131sm\u0131 da d\u0131\u015far\u0131daki aktivasyonlardan bula\u015fanlar. Yani her hem\u015fire, her doktor hasta oldu\u011funda hastaneden bula\u015f\u0131yor diye bir \u015fey yok. Bunu da g\u00f6zden ka\u00e7\u0131rmamak laz\u0131m, sosyal hayat\u0131m\u0131zda da bu konuda hassas olmak laz\u0131m\u201d diye konu\u015ftu.\u00a0<\/p>\n<p>\u201cGazete \u00fcst\u00fcnden konu\u015fmay\u0131 tercih ediyorlar, bu \u00fcz\u00fcyor beni\u201d\u00a0<br \/>\n\u00c7amsar\u0131, CHP Mersin Milletvekili Alpay Antmen\u2019in, d\u00fcnk\u00fc a\u00e7\u0131klamas\u0131nda, ME\u00dc Hastanesinde Covid-19 testi pozitif \u00e7\u0131kan ve evde karantinada kald\u0131ktan sonra iyile\u015fip iyile\u015fmedi\u011fini \u00f6\u011frenmek isteyen vatanda\u015flar\u0131n, test i\u00e7in hastaneye gittiklerinde \u201cA\u011f\u0131r semptom g\u00f6stermiyorsan\u0131z test yapamay\u0131z\u201d denilerek geri g\u00f6nderildikleri iddias\u0131n\u0131 da yan\u0131tlad\u0131. Milletvekilleri ile bir irtibat zorlu\u011fu ya\u015famad\u0131klar\u0131n\u0131, herhangi bir d\u00fc\u015f\u00fcnce, ele\u015ftiri veya s\u0131k\u0131nt\u0131lar\u0131n\u0131, kendisine ula\u015farak aktarabileceklerini kaydeden \u00c7amsar\u0131, \u201cFakat gazete \u00fcst\u00fcnden konu\u015fmay\u0131 tercih ediyorlar, bu \u00fcz\u00fcyor beni\u201d diyerek sitemini dile getirdi.\u00a0<\/p>\n<p>\u201c\u00c7eli\u015fen hareketi olanlara mutlaka gerekeni yapar\u0131z. Kimsenin \u015f\u00fcphesi olmas\u0131n\u201d\u00a0<br \/>\nME\u00dc Hastanesini laboratuar\u0131n\u0131n, korona takibinde laboratuar g\u00fcvenli\u011finde T\u00fcrkiye birincisi oldu\u011funu vurgulayan Rekt\u00f6r \u00c7amsar\u0131, \u201cT\u00fcrkiye\u2019nin en iyi i\u015fleyen laboratuar\u0131 burada. Baz\u0131 imkans\u0131zl\u0131klar, aksakl\u0131klar olabilir. Bu, b\u00fct\u00fcn T\u00fcrkiye\u2019de \u015fu an ziyadesiyle s\u00f6z konusu olan \u015feyler. Bizde aksayan hi\u00e7bir \u015fey yok. Baz\u0131 ele\u015ftiriler olabilir. Tav\u0131r ve tutumlarda biz, bizim k\u0131lavuz dedi\u011fimiz ve bakanl\u0131\u011f\u0131n bize \u00f6nerdi\u011fi hareket tarzlar\u0131n\u0131 belirleriz. Onun d\u0131\u015f\u0131na \u00e7\u0131kamay\u0131z. Herkes bu kanunlar, kurallar, y\u00f6netmelikler baz\u0131nda davran\u0131yor. Bununla \u00e7eli\u015fen hareketi olanlara da biz mutlaka gerekeni yapar\u0131z; ondan da kimsenin \u015f\u00fcphesi olmas\u0131n. D\u00fcnyan\u0131n en b\u00fcy\u00fck \u00fclkeleri bile zorluk ya\u015f\u0131yor \u015fu an. Bizim sa\u011fl\u0131k sistemimiz, \u015fu an korona ile ilgili olan tedbirlerimiz, tedavilerimiz ger\u00e7ekten d\u00fcnyada en iyelerden biri. Bunu kabul etmek laz\u0131m\u201d ifadelerini kulland\u0131.\u00a0<\/p>\n<p>\u201cGerekeni yapar\u0131z\u201d\u00a0<br \/>\nHastaneye ilk kez test yapt\u0131rmak i\u00e7in gelen vatanda\u015flar\u0131n kesinlikle geri \u00e7evrilmediklerini vurgulayan \u00c7amsar\u0131, \u201cKabul edilme kriterleri vard\u0131r, kabul edilmeme kriterleri vard\u0131r ve bu standartt\u0131r. Bu standartlara uyulmayan bir davran\u0131\u015f oldu\u011funda e\u011fer bizim haberimiz olursa biz zaten gerekeni yapar\u0131z. Her dalda her meslekte mutlaka hata yapan olur, bizde de vard\u0131r, ben de yapm\u0131\u015f\u0131md\u0131r hatalar ama bunu d\u00fczeltmek \u00f6nemlidir. Bir haber okudum, ne haberde ne de iletilen bir isim de yok, kimin su\u00e7land\u0131\u011f\u0131n\u0131 da bilmiyoruz. Ke\u015fke bize s\u00f6yleseler \u015furada \u015f\u00f6yle bir aksama var, biz de bir \u015feyleri d\u00fczeltsek. Ama son 6 ayd\u0131r bu t\u00fcr haberlerin olmas\u0131 dikkat \u00e7ekici, bu bizi \u00e7ok \u00fcz\u00fcyor\u201d \u015feklinde konu\u015ftu.\u00a0<br \/>\nME\u00dc\u2019n\u00fcn daha ge\u00e7en hafta 217 \u00fcniversite aras\u0131ndan at\u0131fta T\u00fcrkiye birincisi, yay\u0131nda 26\u2019nc\u0131 ve projede 30\u2019uncu oldu\u011funun alt\u0131n\u0131 \u00e7izen \u00c7amsar\u0131, \u015f\u00f6yle devam etti: \u201c197 \u00fcniversiteyi geride b\u0131rakm\u0131\u015f\u0131z, buna \u00f6zel \u00fcniversiteler dahil. \u00c7ok yak\u0131nda ba\u015fka iyi haberler de payla\u015faca\u011f\u0131m. Bu haberler varken, \u2018birine telefon a\u00e7t\u0131k bakmad\u0131\u2019 t\u00fcr\u00fc \u015feylere anlam veremiyorum, niyetini de anlam\u0131yorum. Bizler buraday\u0131z, bir \u015fikayet oldu\u011funda 24 saat ula\u015f\u0131labiliriz. Hastanemize, personelimizin \u00f6zverisine g\u00fcveniyoruz.\u201d\u00a0<\/p>\n<p>\u201cMutlaka ara\u015ft\u0131raca\u011f\u0131. Eksiklik varsa d\u00fczeltece\u011fim\u201d\u00a0<br \/>\nS\u00f6z konusu iddiay\u0131 ara\u015ft\u0131raca\u011f\u0131n\u0131 da s\u00f6yleyen \u00c7amsar\u0131, \u201cBir yerde eksik bir \u015fey, hata veya ele\u015ftiri varsa ben her zaman ula\u015f\u0131labilir biriyim. B\u00f6yle bir \u015fey oldu\u011funu sanm\u0131yorum t\u0131bbi gereklilikler i\u00e7inde ama mutlaka ara\u015ft\u0131raca\u011f\u0131m. Bir eksiklik de varsa onu d\u00fczeltece\u011fim\u201d dedi.\u00a0<\/p>\n","protected":false},"excerpt":{"rendered":"<p>\u00a0Mersin \u00dcniversitesi (ME\u00dc) Rekt\u00f6r\u00fc Prof. Dr. Ahmet \u00c7amsar\u0131, Mersin\u2019de son d\u00f6nemde korona vir\u00fcs pozitif vakalar\u0131nda h\u0131zl\u0131 bir art\u0131\u015f oldu\u011funu belirterek, ilerleyi\u015fin h\u0131zl\u0131 olmas\u0131n\u0131n \u00fcz\u00fcc\u00fc oldu\u011funu vurgulad\u0131. \u00c7amsar\u0131, karantinan\u0131n ard\u0131ndan ikinci &hellip; <a href=\"https:\/\/akdenizolaygazetesi.com\/?p=8161\" class=\"more-link\">Devam\u0131n\u0131 Oku&#8230;<\/a><\/p>\n","protected":false},"author":1,"featured_media":0,"comment_status":"open","ping_status":"open","sticky":false,"template":"","format":"standard","meta":[],"categories":[],"tags":[],"_links":{"self":[{"href":"https:\/\/akdenizolaygazetesi.com\/index.php?rest_route=\/wp\/v2\/posts\/8161"}],"collection":[{"href":"https:\/\/akdenizolaygazetesi.com\/index.php?rest_route=\/wp\/v2\/posts"}],"about":[{"href":"https:\/\/akdenizolaygazetesi.com\/index.php?rest_route=\/wp\/v2\/types\/post"}],"author":[{"embeddable":true,"href":"https:\/\/akdenizolaygazetesi.com\/index.php?rest_route=\/wp\/v2\/users\/1"}],"replies":[{"embeddable":true,"href":"https:\/\/akdenizolaygazetesi.com\/index.php?rest_route=%2Fwp%2Fv2%2Fcomments&post=8161"}],"version-history":[{"count":0,"href":"https:\/\/akdenizolaygazetesi.com\/index.php?rest_route=\/wp\/v2\/posts\/8161\/revisions"}],"wp:attachment":[{"href":"https:\/\/akdenizolaygazetesi.com\/index.php?rest_route=%2Fwp%2Fv2%2Fmedia&parent=8161"}],"wp:term":[{"taxonomy":"category","embeddable":true,"href":"https:\/\/akdenizolaygazetesi.com\/index.php?rest_route=%2Fwp%2Fv2%2Fcategories&post=8161"},{"taxonomy":"post_tag","embeddable":true,"href":"https:\/\/akdenizolaygazetesi.com\/index.php?rest_route=%2Fwp%2Fv2%2Ftags&post=8161"}],"curies":[{"name":"wp","href":"https:\/\/api.w.org\/{rel}","templated":true}]}}