{"id":8162,"date":"2020-11-04T18:28:37","date_gmt":"2020-11-04T15:28:37","guid":{"rendered":"http:\/\/mersinekonomipolitikagazetesi.com\/?p=8162"},"modified":"2020-11-04T18:28:37","modified_gmt":"2020-11-04T15:28:37","slug":"kir-cicekleri-projesinde-55-sporcu-adayi-belirlendi","status":"publish","type":"post","link":"https:\/\/akdenizolaygazetesi.com\/?p=8162","title":{"rendered":"K\u0131r \u00c7i\u00e7ekleri projesinde 55 sporcu aday\u0131 belirlendi"},"content":{"rendered":"<p><span style=\"line-height: 1.6em;\">Mersin B\u00fcy\u00fck\u015fehir Belediye Ba\u015fkan\u0131 Vahap Se\u00e7er\u2019in \u00f6ncelikli projeleri aras\u0131nda yer alan \u201cK\u0131r \u00c7i\u00e7ekleri\u201d projesi kapsam\u0131nda aday \u00f6\u011frenciler se\u00e7melere kat\u0131ld\u0131. S\u0131nava giren 64 aday \u00f6\u011frenciden 55\u2019inin sportif becerileri yeterli g\u00f6r\u00fclerek proje kapsam\u0131na al\u0131nd\u0131. Projeye kat\u0131lan k\u0131z \u00e7ocuklar\u0131n\u0131n e\u011fitim masraflar\u0131n\u0131 belediye kar\u015f\u0131layacak, spor e\u011fitimini belediyenin antren\u00f6rleri \u00fcstlenecek.\u00a0<\/span><\/p>\n<p>B\u00fcy\u00fck\u015fehir Belediyesinden yap\u0131lan a\u00e7\u0131klamaya g\u00f6re, spora yetene\u011fi olan ve k\u0131rsam mahallelerde ya\u015fayan k\u0131z \u00e7ocuklar\u0131 i\u00e7in hayata ge\u00e7irilen \u201cK\u0131r \u00c7i\u00e7ekleri\u201d projesi kapsam\u0131na al\u0131nan \u00f6\u011frenciler belirendi. B\u00fcy\u00fck\u015fehir Belediyesinin uzman antren\u00f6rleri, aday \u00f6\u011frencileri testlerden ge\u00e7irerek de\u011ferlendirmeye ald\u0131. Atletik testlerden ge\u00e7en \u00f6\u011frencilerin vital kapasiteleri de \u00f6l\u00e7\u00fcld\u00fc.\u00a0<\/p>\n<p>Aday \u00f6\u011frenciler \u201cK\u0131r \u00c7i\u00e7e\u011fi\u201d olmak i\u00e7in ter d\u00f6kt\u00fc\u00a0<br \/>\nMacit \u00d6zcan Spor Kompleksinde bir araya gelen aileler ve aday \u00f6\u011frenciler, antren\u00f6rleriyle tan\u0131\u015ft\u0131. Gen\u00e7lik ve Spor Hizmetleri Dairesi Ba\u015fkan\u0131 Ahmet Tarak\u00e7\u0131\u2019n\u0131n proje ve s\u00fcre\u00e7le ilgili bilgilendirmesinin ard\u0131ndan aileler ve \u00f6\u011frenciler se\u00e7meler i\u00e7in spor salonuna ge\u00e7ti. 64 \u00f6\u011frencinin kat\u0131ld\u0131\u011f\u0131 se\u00e7melerde 55 \u00f6\u011frenci sportif yeterlilikte g\u00f6r\u00fcld\u00fc ve projeye dahil edildi.\u00a0<br \/>\nTarak\u00e7\u0131, aday \u00f6\u011frencilerin esneklik, s\u00fcrat, kuvvet, dayan\u0131kl\u0131l\u0131k gibi bir\u00e7ok alanda teste tabi tutulduklar\u0131n\u0131 kaydetti. Ba\u015fkan Vahap Se\u00e7er\u2019in \u00f6ncelikli projeler aras\u0131na koydu\u011fu \u201cK\u0131r \u00c7i\u00e7ekleri\u201d projesi ile k\u0131rsal b\u00f6lgelerde ya\u015fayan k\u0131z \u00e7ocuklar\u0131n\u0131n da spora kazand\u0131r\u0131lmas\u0131n\u0131n ama\u00e7land\u0131\u011f\u0131n\u0131 ifade eden Tarak\u00e7\u0131, projeye dahil olacak k\u0131z \u00f6\u011frencilerin e\u011fitim masraflar\u0131n\u0131n Mersin B\u00fcy\u00fck\u015fehir Belediyesi taraf\u0131ndan kar\u015f\u0131lanaca\u011f\u0131n\u0131 ve her \u00f6\u011frencinin kendi spor bran\u015f\u0131nda Mersin B\u00fcy\u00fck\u015fehir b\u00fcnyesinde g\u00f6rev yapan hocalardan e\u011fitim alaca\u011f\u0131n\u0131 s\u00f6yledi.\u00a0<\/p>\n<p>\u201cBu projeyi duydu\u011fumuzda k\u0131z\u0131m\u0131z ad\u0131na \u00e7ok duyguland\u0131k\u201d\u00a0<br \/>\nTarsus il\u00e7esi Ye\u015filtepe Mahallesinde ya\u015fayan A\u00e7elya Sava\u015f, 11 ya\u015f\u0131ndaki k\u0131z\u0131 Semiha\u2019n\u0131n projede yer almas\u0131n\u0131 \u00e7ok istedi\u011fini ifade ederek, \u201cBu projeyi duydu\u011fumuzda k\u0131z\u0131m\u0131z ad\u0131na \u00e7ok duyguland\u0131k. K\u0131zlar\u0131m\u0131z\u0131 \u00e7ok \u015fansl\u0131 g\u00f6r\u00fcyoruz. Gezdik, g\u00f6rd\u00fck \u00e7ok be\u011fendik. Bence \u00e7ocuklar\u0131m\u0131z \u00e7ok \u015fansl\u0131 ve bu \u015fans\u0131 de\u011ferlendirmelerini velileri olarak \u00e7ok istiyoruz\u201d dedi.\u00a0<br \/>\nK\u0131z\u0131n\u0131n se\u00e7melerde iyi bir performans sergiledi\u011fini s\u00f6yleyen Sava\u015f, \u201cK\u0131z\u0131m\u0131n asl\u0131nda voleybol ge\u00e7mi\u015fi de var, \u00e7ok da ba\u015far\u0131l\u0131. Severek gitti\u011fi bir spor dal\u0131. \u00c7ocuklar\u0131m\u0131z\u0131n hakk\u0131nda hay\u0131rl\u0131s\u0131 olsun\u201d diye konu\u015ftu.\u00a0<\/p>\n<p>\u201cBu f\u0131rsat kimsenin eline ge\u00e7miyor ve ben bunu iyi de\u011ferlendirmek istiyorum\u201d\u00a0<br \/>\n12 ya\u015f\u0131ndaki Fatma Fesli ise \u2018K\u0131r \u00c7i\u00e7e\u011fi\u2019 olmak i\u00e7in sahada sportif becerilerini sergiledi. Se\u00e7melerin kendisi i\u00e7in g\u00fczel ge\u00e7ti\u011fini belirten Fesli, \u201cBence bu f\u0131rsat kimsenin eline ge\u00e7miyor ve ben bunu iyi de\u011ferlendirmek istiyorum. Se\u00e7meler iyi ge\u00e7ti. Ben voleybol bran\u015f\u0131n\u0131 istiyorum. Oynam\u0131\u015ft\u0131m ama hi\u00e7 turnuvalara ge\u00e7memi\u015ftim, hayalimdi. \u0130n\u015fallah olur\u201d dedi.\u00a0<\/p>\n","protected":false},"excerpt":{"rendered":"<p>Mersin B\u00fcy\u00fck\u015fehir Belediye Ba\u015fkan\u0131 Vahap Se\u00e7er\u2019in \u00f6ncelikli projeleri aras\u0131nda yer alan \u201cK\u0131r \u00c7i\u00e7ekleri\u201d projesi kapsam\u0131nda aday \u00f6\u011frenciler se\u00e7melere kat\u0131ld\u0131. S\u0131nava giren 64 aday \u00f6\u011frenciden 55\u2019inin sportif becerileri yeterli g\u00f6r\u00fclerek proje &hellip; <a href=\"https:\/\/akdenizolaygazetesi.com\/?p=8162\" class=\"more-link\">Devam\u0131n\u0131 Oku&#8230;<\/a><\/p>\n","protected":false},"author":1,"featured_media":0,"comment_status":"open","ping_status":"open","sticky":false,"template":"","format":"standard","meta":[],"categories":[],"tags":[],"_links":{"self":[{"href":"https:\/\/akdenizolaygazetesi.com\/index.php?rest_route=\/wp\/v2\/posts\/8162"}],"collection":[{"href":"https:\/\/akdenizolaygazetesi.com\/index.php?rest_route=\/wp\/v2\/posts"}],"about":[{"href":"https:\/\/akdenizolaygazetesi.com\/index.php?rest_route=\/wp\/v2\/types\/post"}],"author":[{"embeddable":true,"href":"https:\/\/akdenizolaygazetesi.com\/index.php?rest_route=\/wp\/v2\/users\/1"}],"replies":[{"embeddable":true,"href":"https:\/\/akdenizolaygazetesi.com\/index.php?rest_route=%2Fwp%2Fv2%2Fcomments&post=8162"}],"version-history":[{"count":0,"href":"https:\/\/akdenizolaygazetesi.com\/index.php?rest_route=\/wp\/v2\/posts\/8162\/revisions"}],"wp:attachment":[{"href":"https:\/\/akdenizolaygazetesi.com\/index.php?rest_route=%2Fwp%2Fv2%2Fmedia&parent=8162"}],"wp:term":[{"taxonomy":"category","embeddable":true,"href":"https:\/\/akdenizolaygazetesi.com\/index.php?rest_route=%2Fwp%2Fv2%2Fcategories&post=8162"},{"taxonomy":"post_tag","embeddable":true,"href":"https:\/\/akdenizolaygazetesi.com\/index.php?rest_route=%2Fwp%2Fv2%2Ftags&post=8162"}],"curies":[{"name":"wp","href":"https:\/\/api.w.org\/{rel}","templated":true}]}}