{"id":817,"date":"2020-11-04T18:21:26","date_gmt":"2020-11-04T15:21:26","guid":{"rendered":"http:\/\/mersinekonomipolitikagazetesi.com\/?p=817"},"modified":"2020-11-04T18:21:26","modified_gmt":"2020-11-04T15:21:26","slug":"eccmersin-katilimcilarini-bekliyor","status":"publish","type":"post","link":"https:\/\/akdenizolaygazetesi.com\/?p=817","title":{"rendered":"ECCMersin kat\u0131l\u0131mc\u0131lar\u0131n\u0131 bekliyor"},"content":{"rendered":"<p>1-31 May\u0131s tarihleri aras\u0131nda ger\u00e7ekle\u015fecek olan European Cycling Challenge 2017 (ECC2017) Avrupa Bisiklet Yar\u0131\u015fmas\u0131 ba\u015fvurular\u0131 ba\u015flad\u0131. Yar\u0131\u015fmaya kat\u0131lmak isteyenler internetten Naviki aplikasyonunu indirerek \u00fccretsiz bir \u015fekilde kat\u0131l\u0131m sa\u011flayabilecek.<\/p>\n<p class=\"x_MsoNormal\" style=\"margin-top: 0px; margin-bottom: 0px; color: rgb(0, 0, 0); font-family: Calibri, Arial, Helvetica, sans-serif; font-size: 16px; line-height: normal;\"><span style=\"font-size: 11.5pt; font-family: Tahoma; color: rgb(33, 33, 33);\">Vildan Vural- Kentlerin yar\u0131\u015ft\u0131\u011f\u0131 Avrupa Bisiklet Yar\u0131\u015fmas\u0131, 1-31 May\u0131s tarihleri aras\u0131nda ger\u00e7ekle\u015fmeye haz\u0131rlan\u0131yor. Avrupa kentleri aras\u0131ndaki bir yar\u0131\u015fma olan EEC2017\u2019ye kat\u0131l\u0131mc\u0131 \u015fehirlerde ya\u015fayan veya bu \u015fehirlere \u00e7e\u015fitli sebeplerden \u00f6t\u00fcr\u00fc bu \u015fehirlere seyahat eden herkes kat\u0131labilecek. \u00dccretsiz olan yar\u0131\u015fmaya kat\u0131l\u0131m Naviki aplikasyonu \u00fczerinden ger\u00e7ekle\u015ftirilebilecek.<\/span><\/p>\n<p class=\"x_MsoNormal\" style=\"margin-top: 0px; margin-bottom: 0px; color: rgb(0, 0, 0); font-family: Calibri, Arial, Helvetica, sans-serif; font-size: 16px; line-height: normal;\"><span style=\"font-size: 11.5pt; font-family: Tahoma; color: rgb(33, 33, 33);\">\u00a0<\/span><\/p>\n<p class=\"x_MsoNormal\" style=\"margin-top: 0px; margin-bottom: 0px; color: rgb(0, 0, 0); font-family: Calibri, Arial, Helvetica, sans-serif; font-size: 16px; line-height: normal;\"><span style=\"font-size: 11.5pt; font-family: Tahoma; color: rgb(33, 33, 33);\">Yar\u0131\u015fmada di\u011fer ula\u015f\u0131m ara\u00e7lar\u0131 yerine (\u00f6rne\u011fin araba, motosiklet veya di\u011fer motorlu ara\u00e7lar) bisikletle yap\u0131lan t\u00fcm seyahatler kabul edilebilecek.\u0130\u015f yerine, okula, al\u0131\u015fveri\u015fe, sinemaya ve buralardan yap\u0131lan t\u00fcm seyahatler ge\u00e7erli seyahatler olarak kabul ediliyor.\u00a0<\/span><br \/>\n\u00a0<\/p>\n","protected":false},"excerpt":{"rendered":"<p>1-31 May\u0131s tarihleri aras\u0131nda ger\u00e7ekle\u015fecek olan European Cycling Challenge 2017 (ECC2017) Avrupa Bisiklet Yar\u0131\u015fmas\u0131 ba\u015fvurular\u0131 ba\u015flad\u0131. Yar\u0131\u015fmaya kat\u0131lmak isteyenler internetten Naviki aplikasyonunu indirerek \u00fccretsiz bir \u015fekilde kat\u0131l\u0131m sa\u011flayabilecek. Vildan Vural- &hellip; <a href=\"https:\/\/akdenizolaygazetesi.com\/?p=817\" class=\"more-link\">Devam\u0131n\u0131 Oku&#8230;<\/a><\/p>\n","protected":false},"author":1,"featured_media":0,"comment_status":"open","ping_status":"open","sticky":false,"template":"","format":"standard","meta":[],"categories":[],"tags":[],"_links":{"self":[{"href":"https:\/\/akdenizolaygazetesi.com\/index.php?rest_route=\/wp\/v2\/posts\/817"}],"collection":[{"href":"https:\/\/akdenizolaygazetesi.com\/index.php?rest_route=\/wp\/v2\/posts"}],"about":[{"href":"https:\/\/akdenizolaygazetesi.com\/index.php?rest_route=\/wp\/v2\/types\/post"}],"author":[{"embeddable":true,"href":"https:\/\/akdenizolaygazetesi.com\/index.php?rest_route=\/wp\/v2\/users\/1"}],"replies":[{"embeddable":true,"href":"https:\/\/akdenizolaygazetesi.com\/index.php?rest_route=%2Fwp%2Fv2%2Fcomments&post=817"}],"version-history":[{"count":0,"href":"https:\/\/akdenizolaygazetesi.com\/index.php?rest_route=\/wp\/v2\/posts\/817\/revisions"}],"wp:attachment":[{"href":"https:\/\/akdenizolaygazetesi.com\/index.php?rest_route=%2Fwp%2Fv2%2Fmedia&parent=817"}],"wp:term":[{"taxonomy":"category","embeddable":true,"href":"https:\/\/akdenizolaygazetesi.com\/index.php?rest_route=%2Fwp%2Fv2%2Fcategories&post=817"},{"taxonomy":"post_tag","embeddable":true,"href":"https:\/\/akdenizolaygazetesi.com\/index.php?rest_route=%2Fwp%2Fv2%2Ftags&post=817"}],"curies":[{"name":"wp","href":"https:\/\/api.w.org\/{rel}","templated":true}]}}