{"id":8172,"date":"2020-11-04T18:28:38","date_gmt":"2020-11-04T15:28:38","guid":{"rendered":"http:\/\/mersinekonomipolitikagazetesi.com\/?p=8172"},"modified":"2020-11-04T18:28:38","modified_gmt":"2020-11-04T15:28:38","slug":"once-taciz-sonra-kapkac","status":"publish","type":"post","link":"https:\/\/akdenizolaygazetesi.com\/?p=8172","title":{"rendered":"\u00d6nce taciz, sonra kapka\u00e7"},"content":{"rendered":"<p>Mersin\u2019de yolda y\u00fcr\u00fcyen kad\u0131na \u00f6nce s\u00f6zl\u00fc tacizde bulunup, ard\u0131ndan elindeki \u00e7antay\u0131 &#8216;kapka\u00e7&#8217; y\u00f6ntemiyle al\u0131p ka\u00e7t\u0131\u011f\u0131 iddias\u0131yla g\u00f6zalt\u0131na al\u0131nan \u015f\u00fcpheli tutukland\u0131.<\/p>\n<p>Mersin\u2019de yolda y\u00fcr\u00fcyen kad\u0131na \u00f6nce s\u00f6zl\u00fc cinsel tacizde bulunup, ard\u0131ndan elindeki \u00e7antay\u0131 &#8216;kapka\u00e7&#8217; y\u00f6ntemiyle al\u0131p ka\u00e7t\u0131\u011f\u0131 iddias\u0131yla g\u00f6zalt\u0131na al\u0131nan \u015f\u00fcpheli tutukland\u0131. G\u00fcvenlik kameralar\u0131 taraf\u0131ndan da saniye saniye g\u00f6r\u00fcnt\u00fclenen olayda, kad\u0131n\u0131n arkas\u0131ndan gelen \u015f\u00fcpheli, \u00e7antay\u0131 alarak b\u00f6lgeden uzakla\u015f\u0131yor.\u00a0<br \/>\nEdinilen bilgiye g\u00f6re, M.A. isimli yabanc\u0131 uyruklu m\u00fc\u015fteki kad\u0131n, polisi arayarak merkez Akdeniz il\u00e7esine ba\u011fl\u0131 \u0130hsaniye Mahallesi Sait \u00c7ift\u00e7i Caddesi \u00fczerinde al\u0131\u015fveri\u015ften evine do\u011fru yaya olarak y\u00fcr\u00fcd\u00fc\u011f\u00fc s\u0131rada, arkas\u0131ndan gelen bir \u015fah\u0131s taraf\u0131ndan \u00f6nce s\u00f6zl\u00fc olarak taciz edildi\u011fini, daha sonra ise elindeki \u00e7antas\u0131n\u0131n ayn\u0131 ki\u015fi taraf\u0131ndan kapka\u00e7 y\u00f6ntemiyle al\u0131nd\u0131\u011f\u0131n\u0131 s\u00f6yleyerek, \u015f\u00fcpheliden \u015fikayet\u00e7i oldu. Bunun \u00fczerine \u00e7al\u0131\u015fma ba\u015flatan \u0130l Emniyet M\u00fcd\u00fcrl\u00fc\u011f\u00fc Asayi\u015f \u015eube M\u00fcd\u00fcrl\u00fc\u011f\u00fc Yandol B\u00fcro Amirli\u011fi ekipleri, b\u00f6lgede bulunan bir\u00e7ok g\u00fcvenlik kameras\u0131n\u0131 izledi. Yap\u0131lan \u00e7al\u0131\u015fmalar sonucunda olay\u0131 ger\u00e7ekle\u015ftirenin M.K. isimli \u015fah\u0131s oldu\u011funu tespit eden ekipler, k\u0131sa s\u00fcrede \u015f\u00fcpheliyi yakalayarak, g\u00f6zalt\u0131na ald\u0131. Yap\u0131lan sorgu ve incelemelerde \u015f\u00fcphelinin kad\u0131na \u00f6nce s\u00f6zl\u00fc olarak cinsel tacizde bulundu\u011fu ard\u0131ndan da \u00e7antay\u0131 alarak ka\u00e7t\u0131\u011f\u0131 belirlendi.\u00a0<br \/>\nEmniyetteki ifadelerinin ard\u0131ndan adliyeye sevk edilen \u015fah\u0131s, hem cinsel taciz hem de kapka\u00e7 su\u00e7undan \u00e7\u0131kar\u0131ld\u0131\u011f\u0131 mahkemece tutukland\u0131. Emniyet \u00e7\u0131k\u0131\u015f\u0131 hakk\u0131ndaki kapka\u00e7 su\u00e7lamalar\u0131yla ilgili sorulara cevap vermeyen \u015fah\u0131s, taciz iddias\u0131na da &#8216;yok \u00f6yle bir \u015fey&#8217; diye cevap verdi.\u00a0<br \/>\n\u00d6te yandan, olay an\u0131 b\u00f6lgede bulunan bir i\u015f yerinin g\u00fcvenlik kameralar\u0131 taraf\u0131ndan saniye saniye g\u00f6r\u00fcnt\u00fclendi. G\u00f6r\u00fcnt\u00fclere g\u00f6re ak\u015fam saatlerinde yolda y\u00fcr\u00fcyen kad\u0131n\u0131n arkas\u0131ndan gelen \u015f\u00fcpheli, bir anda \u00e7antay\u0131 alarak ka\u00e7maya ba\u015fl\u0131yor. Olaydan sonra kad\u0131n yere d\u00fc\u015ferken, \u00e7evredeki vatanda\u015flar da ka\u00e7an zanl\u0131y\u0131 koval\u0131yor. \u00a0<\/p>\n","protected":false},"excerpt":{"rendered":"<p>Mersin\u2019de yolda y\u00fcr\u00fcyen kad\u0131na \u00f6nce s\u00f6zl\u00fc tacizde bulunup, ard\u0131ndan elindeki \u00e7antay\u0131 &#8216;kapka\u00e7&#8217; y\u00f6ntemiyle al\u0131p ka\u00e7t\u0131\u011f\u0131 iddias\u0131yla g\u00f6zalt\u0131na al\u0131nan \u015f\u00fcpheli tutukland\u0131. Mersin\u2019de yolda y\u00fcr\u00fcyen kad\u0131na \u00f6nce s\u00f6zl\u00fc cinsel tacizde bulunup, ard\u0131ndan &hellip; <a href=\"https:\/\/akdenizolaygazetesi.com\/?p=8172\" class=\"more-link\">Devam\u0131n\u0131 Oku&#8230;<\/a><\/p>\n","protected":false},"author":1,"featured_media":0,"comment_status":"open","ping_status":"open","sticky":false,"template":"","format":"standard","meta":[],"categories":[],"tags":[],"_links":{"self":[{"href":"https:\/\/akdenizolaygazetesi.com\/index.php?rest_route=\/wp\/v2\/posts\/8172"}],"collection":[{"href":"https:\/\/akdenizolaygazetesi.com\/index.php?rest_route=\/wp\/v2\/posts"}],"about":[{"href":"https:\/\/akdenizolaygazetesi.com\/index.php?rest_route=\/wp\/v2\/types\/post"}],"author":[{"embeddable":true,"href":"https:\/\/akdenizolaygazetesi.com\/index.php?rest_route=\/wp\/v2\/users\/1"}],"replies":[{"embeddable":true,"href":"https:\/\/akdenizolaygazetesi.com\/index.php?rest_route=%2Fwp%2Fv2%2Fcomments&post=8172"}],"version-history":[{"count":0,"href":"https:\/\/akdenizolaygazetesi.com\/index.php?rest_route=\/wp\/v2\/posts\/8172\/revisions"}],"wp:attachment":[{"href":"https:\/\/akdenizolaygazetesi.com\/index.php?rest_route=%2Fwp%2Fv2%2Fmedia&parent=8172"}],"wp:term":[{"taxonomy":"category","embeddable":true,"href":"https:\/\/akdenizolaygazetesi.com\/index.php?rest_route=%2Fwp%2Fv2%2Fcategories&post=8172"},{"taxonomy":"post_tag","embeddable":true,"href":"https:\/\/akdenizolaygazetesi.com\/index.php?rest_route=%2Fwp%2Fv2%2Ftags&post=8172"}],"curies":[{"name":"wp","href":"https:\/\/api.w.org\/{rel}","templated":true}]}}