{"id":818,"date":"2020-11-04T18:21:26","date_gmt":"2020-11-04T15:21:26","guid":{"rendered":"http:\/\/mersinekonomipolitikagazetesi.com\/?p=818"},"modified":"2020-11-04T18:21:26","modified_gmt":"2020-11-04T15:21:26","slug":"cocugun-gogsune-demir-parmaklik-saplandi","status":"publish","type":"post","link":"https:\/\/akdenizolaygazetesi.com\/?p=818","title":{"rendered":"\u00c7ocu\u011fun g\u00f6\u011fs\u00fcne demir parmakl\u0131k sapland\u0131"},"content":{"rendered":"<p>Mersin&#8217;in Erdemli il\u00e7esinde \u00e7\u0131kt\u0131\u011f\u0131 duvar\u0131n \u00fczerinde dengesini kaybeden \u00e7ocu\u011fun g\u00f6\u011fs\u00fcne demir parmakl\u0131k sapland\u0131. \u00c7ocuk, kesilen demir parmakl\u0131kla birlikte hastaneye kald\u0131r\u0131ld\u0131.<\/p>\n<p><span style=\"font-family: Tahoma, Arial, 'Times New Roman TUR', Verdana; font-size: 15px; background-color: rgb(255, 255, 255);\">Edinilen bilgiye g\u00f6re olay, Erdemli \u0130l\u00e7e Merkezindeki R\u0131fat Co\u015fkun C\u00fccelo\u011flu park\u0131nda ya\u015fand\u0131. Parkta arkada\u015flar\u0131yla oyun oynayan \u00e7ocuklardan Mustafa C. (12), park ile evlerinin bulundu\u011fu apartman aras\u0131ndaki duvar\u0131n \u00fczerinden atlayarak kar\u015f\u0131 tarafa ge\u00e7mek istedi. Islak olan duvarda dengesini kaybeden \u00e7ocuk, parkmakl\u0131klar\u0131n \u00fczerine d\u00fc\u015ft\u00fc ve demir parmakl\u0131klardan biri \u00e7ocu\u011fun g\u00f6\u011f\u00fcs kafesine girdi. \u00c7evredeki vatanda\u015flar\u0131n haber vermesiyle olay yerine polis, 112 acil servis ve Mersin B\u00fcy\u00fck\u015fehir Belediyesi itfaiye ekipleri geldi. Ekiplerin uzun u\u011fra\u015flar\u0131yla duvar \u00fczerindeki demir parmakl\u0131klar spiral yard\u0131m\u0131yla kesildi. Bir sivil polis memuru \u00e7ocu\u011fun g\u00f6z\u00fcn\u00fc kapat\u0131rken, \u00e7evresindekiler de \u00e7ocu\u011fu dikkatlice sedyeye ald\u0131. \u00c7ocuk g\u00f6\u011fs\u00fcndeki demir parmakl\u0131klarla ambulansa al\u0131narak, hastaneye kald\u0131r\u0131ld\u0131.<\/span><br style=\"font-family: Tahoma, Arial, 'Times New Roman TUR', Verdana; font-size: 15px; background-color: rgb(255, 255, 255);\" \/><br \/>\n<span style=\"font-family: Tahoma, Arial, 'Times New Roman TUR', Verdana; font-size: 15px; background-color: rgb(255, 255, 255);\">Ameliyata al\u0131nan \u00e7ocu\u011fun hayati tehlikesinin bulunmad\u0131\u011f\u0131 ancak tedbir ama\u00e7l\u0131 yo\u011fun bak\u0131n \u00fcnitesine al\u0131nd\u0131\u011f\u0131 \u00f6\u011frenildi. Konuyla ilgili soru\u015fturma s\u00fcr\u00fcyor.<\/span><\/p>\n","protected":false},"excerpt":{"rendered":"<p>Mersin&#8217;in Erdemli il\u00e7esinde \u00e7\u0131kt\u0131\u011f\u0131 duvar\u0131n \u00fczerinde dengesini kaybeden \u00e7ocu\u011fun g\u00f6\u011fs\u00fcne demir parmakl\u0131k sapland\u0131. \u00c7ocuk, kesilen demir parmakl\u0131kla birlikte hastaneye kald\u0131r\u0131ld\u0131. Edinilen bilgiye g\u00f6re olay, Erdemli \u0130l\u00e7e Merkezindeki R\u0131fat Co\u015fkun C\u00fccelo\u011flu &hellip; <a href=\"https:\/\/akdenizolaygazetesi.com\/?p=818\" class=\"more-link\">Devam\u0131n\u0131 Oku&#8230;<\/a><\/p>\n","protected":false},"author":1,"featured_media":0,"comment_status":"open","ping_status":"open","sticky":false,"template":"","format":"standard","meta":[],"categories":[],"tags":[],"_links":{"self":[{"href":"https:\/\/akdenizolaygazetesi.com\/index.php?rest_route=\/wp\/v2\/posts\/818"}],"collection":[{"href":"https:\/\/akdenizolaygazetesi.com\/index.php?rest_route=\/wp\/v2\/posts"}],"about":[{"href":"https:\/\/akdenizolaygazetesi.com\/index.php?rest_route=\/wp\/v2\/types\/post"}],"author":[{"embeddable":true,"href":"https:\/\/akdenizolaygazetesi.com\/index.php?rest_route=\/wp\/v2\/users\/1"}],"replies":[{"embeddable":true,"href":"https:\/\/akdenizolaygazetesi.com\/index.php?rest_route=%2Fwp%2Fv2%2Fcomments&post=818"}],"version-history":[{"count":0,"href":"https:\/\/akdenizolaygazetesi.com\/index.php?rest_route=\/wp\/v2\/posts\/818\/revisions"}],"wp:attachment":[{"href":"https:\/\/akdenizolaygazetesi.com\/index.php?rest_route=%2Fwp%2Fv2%2Fmedia&parent=818"}],"wp:term":[{"taxonomy":"category","embeddable":true,"href":"https:\/\/akdenizolaygazetesi.com\/index.php?rest_route=%2Fwp%2Fv2%2Fcategories&post=818"},{"taxonomy":"post_tag","embeddable":true,"href":"https:\/\/akdenizolaygazetesi.com\/index.php?rest_route=%2Fwp%2Fv2%2Ftags&post=818"}],"curies":[{"name":"wp","href":"https:\/\/api.w.org\/{rel}","templated":true}]}}