{"id":8180,"date":"2020-11-04T18:28:38","date_gmt":"2020-11-04T15:28:38","guid":{"rendered":"http:\/\/mersinekonomipolitikagazetesi.com\/?p=8180"},"modified":"2020-11-04T18:28:38","modified_gmt":"2020-11-04T15:28:38","slug":"ilk-covid-vakasina-dogal-olum-demisler","status":"publish","type":"post","link":"https:\/\/akdenizolaygazetesi.com\/?p=8180","title":{"rendered":"\u0130LK COV\u0130D VAKASINA,  &#8216;DO\u011eAL \u00d6L\u00dcM&#8217; DEM\u0130\u015eLER!"},"content":{"rendered":"<p>Mersin&#8217;de 29 Mart&#8217;ta korona vir\u00fcs tedavisi i\u00e7in hastaneye kald\u0131r\u0131lan 1948 do\u011fumlu Fatma Y.&#8217;nin \u00f6l\u00fcm raporunda, &#8216;bula\u015f\u0131c\u0131 hastal\u0131k, do\u011fal \u00f6l\u00fcm&#8217; yazd\u0131\u011f\u0131 ortaya \u00e7\u0131kt\u0131.\u00a0<br \/>\n\u00a0<br \/>\nKorona tedavisi i\u00e7in Mersin Toros Devlet Hastanesi&#8217;ne kald\u0131r\u0131lan kad\u0131n, 5 g\u00fcn hastanede tedavi g\u00f6rd\u00fckten sonra yeniden test yap\u0131lmadan evine yolland\u0131. 72 ya\u015f\u0131ndaki kad\u0131n evinde fenala\u015f\u0131nca ailesi taraf\u0131ndan yeniden hastaneye g\u00f6t\u00fcr\u00fcld\u00fc ancak hayat\u0131n\u0131 kaybetti. Mersin&#8217;deki ilk korona vir\u00fcs vakas\u0131 olan Fatma Y.&#8217;nin \u00f6l\u00fcm raporunda \u00f6l\u00fcm nedeni &#8216;Bula\u015f\u0131c\u0131 hastal\u0131k-do\u011fal \u00f6l\u00fcm&#8217; diye yaz\u0131ld\u0131. Fatma Y. korona vir\u00fcse kar\u015f\u0131 tedbir alan \u00f6zel kost\u00fcml\u00fc g\u00f6revliler taraf\u0131ndan defnedilirken, k\u0131z\u0131 olay\u0131 yarg\u0131ya ta\u015f\u0131d\u0131.\u00a0<br \/>\n\u00a0<br \/>\nCHP Mersin Milletvekili Alpay Antmen, konuyla ilgili yapt\u0131\u011f\u0131 a\u00e7\u0131klamada h\u00fck\u00fcmetin ger\u00e7ek say\u0131lar\u0131 gizledi\u011fini s\u00f6yleyerek &#8220;Mersin&#8217;de ilk korona vakas\u0131nda dahi ger\u00e7ekleri a\u00e7\u0131klamad\u0131lar. B\u00f6yle \u00f6nemli bir salg\u0131nda daha ba\u015ftan yalan s\u00f6ylendi. Covid-19 nedeniyle hayat\u0131n\u0131 kaybeden Fatma Y.&#8217;nin ailesi ile g\u00f6r\u00fc\u015ft\u00fcm. Ailenin anlatt\u0131klar\u0131 ve ya\u015fad\u0131klar\u0131 tam bir dram. 72 ya\u015f\u0131ndaki Fatma Y., e\u015fi ve k\u0131z\u0131 Korona vir\u00fcse yakalan\u0131yor. Hastanede test yap\u0131l\u0131yor ve pozitif \u00e7\u0131k\u0131yorlar. \u00a0\u00d6nce hepsi hastaneye yat\u0131r\u0131l\u0131yor. Bekir Y., kronik hasta, k\u0131z\u0131 Nesrin Y, ast\u0131m hastas\u0131 olmas\u0131na ra\u011fmen testi pozitif \u00e7\u0131kan 3 hasta da iyile\u015fmeden eve g\u00f6nderiliyor. Hastalar 5 g\u00fcn sonra test yap\u0131lmadan eve g\u00f6nderiliyor. Zaten test yap\u0131lsa dahi 5 g\u00fcnde vir\u00fcs\u00fcn ge\u00e7meyece\u011fi de ortada. Fatma Y. evinde fenala\u015f\u0131yor. Aile kendi imkanlar\u0131yla hastaneye yeti\u015ftiriyor ama 48 saat sonra hastanede maalesef hayat\u0131n\u0131 kaybediyor. \u015eimdi bu ihmal de\u011fil mi? Fatma Y. madem \u00f6l\u00fcm raporunda yaz\u0131ld\u0131\u011f\u0131 gibi do\u011fal \u00f6l\u00fcmden hayat\u0131n\u0131 kaybetti, peki o zaman neden defnedilirken \u00f6zel beyaz kost\u00fcml\u00fc ki\u015filerce bu i\u015flem ger\u00e7ekle\u015ftirildi? Ve neden cenazeye yak\u0131nlar\u0131 yakla\u015ft\u0131r\u0131lmad\u0131? Saraya, u\u00e7aklara, yanda\u015flara harcanan kamu kaynaklar\u0131n\u0131n binde biri bile neden halk i\u00e7in kullan\u0131lm\u0131yor? Neden yeterli test yap\u0131lm\u0131yor? Test kiti insandan daha m\u0131 \u00f6nemli? Vatanda\u015f\u0131n can\u0131 sudan ucuz hale geldi&#8221; dedi.<br \/>\n\u00a0<br \/>\nAntmen, ger\u00e7ek vaka say\u0131lar\u0131n\u0131n gizlenmesinin en \u00e7ok sa\u011fl\u0131k \u00e7al\u0131\u015fanlar\u0131na ihanet oldu\u011funu s\u00f6yleyerek &#8220;Ger\u00e7ek vaka say\u0131lar\u0131 kat kat fazla. Ama yanda\u015flar\u0131n otelleri kazanacak diye saklan\u0131yor. Ger\u00e7ek say\u0131lar a\u00e7\u0131klansa vatanda\u015f daha fazla temkinli olur. Sa\u011fl\u0131k emek\u00e7ileri biraz olsun nefes al\u0131r. Hastaneler dolup ta\u015fmaz. Ama iktidar say\u0131lar\u0131 az verince halkta da do\u011fal olarak rehavet olu\u015fuyor. Olan da sa\u011fl\u0131k emek\u00e7ilerine ve halka oluyor. Her g\u00fcn bir sa\u011fl\u0131k \u00e7al\u0131\u015fan\u0131m\u0131z\u0131 \u015fehit veriyoruz. Bunun da sorumlusu ger\u00e7ekleri halktan saklayanlard\u0131r&#8221; ifadelerini kulland\u0131.<\/p>\n","protected":false},"excerpt":{"rendered":"<p>Mersin&#8217;de 29 Mart&#8217;ta korona vir\u00fcs tedavisi i\u00e7in hastaneye kald\u0131r\u0131lan 1948 do\u011fumlu Fatma Y.&#8217;nin \u00f6l\u00fcm raporunda, &#8216;bula\u015f\u0131c\u0131 hastal\u0131k, do\u011fal \u00f6l\u00fcm&#8217; yazd\u0131\u011f\u0131 ortaya \u00e7\u0131kt\u0131.\u00a0 \u00a0 Korona tedavisi i\u00e7in Mersin Toros Devlet Hastanesi&#8217;ne &hellip; <a href=\"https:\/\/akdenizolaygazetesi.com\/?p=8180\" class=\"more-link\">Devam\u0131n\u0131 Oku&#8230;<\/a><\/p>\n","protected":false},"author":1,"featured_media":0,"comment_status":"open","ping_status":"open","sticky":false,"template":"","format":"standard","meta":[],"categories":[],"tags":[],"_links":{"self":[{"href":"https:\/\/akdenizolaygazetesi.com\/index.php?rest_route=\/wp\/v2\/posts\/8180"}],"collection":[{"href":"https:\/\/akdenizolaygazetesi.com\/index.php?rest_route=\/wp\/v2\/posts"}],"about":[{"href":"https:\/\/akdenizolaygazetesi.com\/index.php?rest_route=\/wp\/v2\/types\/post"}],"author":[{"embeddable":true,"href":"https:\/\/akdenizolaygazetesi.com\/index.php?rest_route=\/wp\/v2\/users\/1"}],"replies":[{"embeddable":true,"href":"https:\/\/akdenizolaygazetesi.com\/index.php?rest_route=%2Fwp%2Fv2%2Fcomments&post=8180"}],"version-history":[{"count":0,"href":"https:\/\/akdenizolaygazetesi.com\/index.php?rest_route=\/wp\/v2\/posts\/8180\/revisions"}],"wp:attachment":[{"href":"https:\/\/akdenizolaygazetesi.com\/index.php?rest_route=%2Fwp%2Fv2%2Fmedia&parent=8180"}],"wp:term":[{"taxonomy":"category","embeddable":true,"href":"https:\/\/akdenizolaygazetesi.com\/index.php?rest_route=%2Fwp%2Fv2%2Fcategories&post=8180"},{"taxonomy":"post_tag","embeddable":true,"href":"https:\/\/akdenizolaygazetesi.com\/index.php?rest_route=%2Fwp%2Fv2%2Ftags&post=8180"}],"curies":[{"name":"wp","href":"https:\/\/api.w.org\/{rel}","templated":true}]}}