{"id":8181,"date":"2020-11-04T18:28:38","date_gmt":"2020-11-04T15:28:38","guid":{"rendered":"http:\/\/mersinekonomipolitikagazetesi.com\/?p=8181"},"modified":"2020-11-04T18:28:38","modified_gmt":"2020-11-04T15:28:38","slug":"mersinde-bir-korona-skandali-daha-kendi-imkanlarin-ile-sinava-git","status":"publish","type":"post","link":"https:\/\/akdenizolaygazetesi.com\/?p=8181","title":{"rendered":"MERS\u0130N\u2019DE B\u0130R KORONA SKANDALI DAHA..! \u2018KEND\u0130 \u0130MKANLARIN \u0130LE SINAVA G\u0130T\u2019"},"content":{"rendered":"<p>\u201cS\u0131n\u0131f\u0131n tamam\u0131na yak\u0131n\u0131n korona hastas\u0131 veya korona temasl\u0131 karantinadaym\u0131\u015f!\u201d<br \/>\n\u201c\u00d6\u011fretmenlerimizi ve \u00f6\u011frencileri tehlikeye atan \u00d6SYM hakk\u0131nda acilen soru\u015fturma ba\u015flat\u0131lmal\u0131\u201d<\/p>\n<p>E\u011fitim \u0130\u015f Sendikas\u0131 Mersin \u015eube Ba\u015fkan\u0131 Hakan Boyar, Mersin\u2019de KPSS S\u0131nav\u0131\u2019nda ya\u015fanan skandal dolay\u0131s\u0131yla a\u00e7\u0131klamalarda bulundu.<br \/>\nBoyar, Mersin \u00dcniversitesi Sosyal Bilimler Y\u00fcksek Okulu\u2019nda KPSS s\u0131nav\u0131nda g\u00f6revli \u00f6\u011fretmenler toplant\u0131 salonuna al\u0131nd\u0131\u011f\u0131n\u0131 ve s\u0131nav\u0131n i\u015f ve i\u015fleyi\u015fi ile ilgili bilgilendirme yap\u0131ld\u0131\u011f\u0131n\u0131 s\u00f6yleyerek, \u201cToplant\u0131 sonunda g\u00f6revli \u00f6\u011fretmenler bina sorumlusuna s\u0131n\u0131flarda Korona hastas\u0131 olup olmad\u0131\u011f\u0131n\u0131 sormu\u015f. Bina sorumlusu hasta olmad\u0131\u011f\u0131n\u0131, \u2018hasta olsayd\u0131 \u00d6SYM bize maille bildirirdi\u2019 demi\u015f. S\u0131nav g\u00f6revlileri s\u0131n\u0131flara gidip gelen \u00f6\u011frencilerin kimlik kontrol\u00fcn\u00fc yapmaya ba\u015flam\u0131\u015flar. Kontrol s\u0131ras\u0131nda bir \u00f6\u011frenci kalk\u0131p korona hastas\u0131 oldu\u011funu belirtmi\u015f. S\u0131nav g\u00f6revlileri \u00f6\u011frenciye s\u0131nava nas\u0131l geldi\u011fini sormu\u015flar. Hasta \u00f6\u011frenci \u2018112\u2019yi arad\u0131\u011f\u0131n\u0131 korona hastas\u0131 oldu\u011funu ve s\u0131nava g\u00f6t\u00fcrmelerini talep etti\u011fini 112 servisindeki g\u00f6revlinin \u00f6\u011frenciye kendi imkan\u0131yla s\u0131nava gitmesini s\u00f6yledi\u011fini ifade etmi\u015ftir.\u201d \u015feklinde konu\u015ftu.\u00a0<\/p>\n<p>Salon g\u00f6revlilerinin bina g\u00f6revlisinin yan\u0131na gidip s\u0131n\u0131fta bir \u00f6\u011frencinin korona hastas\u0131 oldu\u011funu bu durumda ne yapacaklar\u0131n\u0131 sorduklar\u0131n\u0131 s\u00f6yleyen Boyar, \u201cBina sorumlusu hasta \u00f6\u011frencinin s\u0131n\u0131fta s\u0131nava girece\u011fini yapacak bir \u015fey olmad\u0131\u011f\u0131n\u0131 s\u00f6ylemi\u015ftir. Salon g\u00f6revlileri s\u0131n\u0131fa d\u00f6n\u00fcp \u00f6\u011frencilere ba\u015fka korona hastas\u0131 olup olmad\u0131\u011f\u0131n\u0131 sorduklar\u0131nda neredeyse s\u0131n\u0131f\u0131n tamam\u0131na yak\u0131n\u0131n korona hastas\u0131 veya korona temasl\u0131 karantinada oldu\u011funu \u00f6\u011frenmi\u015fler. Sosyal Bilimler Y\u00fcksek Okulu s\u0131nav binas\u0131nda di\u011fer s\u0131n\u0131flardaki g\u00f6revlilerinde ayn\u0131 \u015fikayetle gelmesiyle anla\u015f\u0131l\u0131yor ki bu binadaki \u00f6\u011frencilerinin \u00e7o\u011funun korona hastas\u0131 ya da korona temasl\u0131 karantinada ki \u00f6\u011frencilerden olu\u015ftu\u011fu ortaya \u00e7\u0131k\u0131yor ve g\u00f6revli \u00f6\u011fretmenler hi\u00e7bir tedbir al\u0131nmadan hi\u00e7bir bilgi verilmeden sa\u011fl\u0131klar\u0131n\u0131n tehlikeye at\u0131lmas\u0131ndan dolay\u0131 tutanak tutup oradan ayr\u0131m\u0131\u015flar.\u201d dedi.<\/p>\n<p>\u201cBasit bir hata de\u011fil..!\u201d<\/p>\n<p>Korona hastalar\u0131n\u0131n veya temasl\u0131 ki\u015filerin s\u0131nava girdi\u011fi bir ortamda tulumlar\u0131n, g\u00f6zl\u00fcklerin ve ileri d\u00fczeydeki maskelerin kullan\u0131lmas\u0131 gerekirken, \u00f6\u011fretmenlerimizi tehlikeye atan \u00d6SYM hakk\u0131nda acilen soru\u015fturma ba\u015flatmas\u0131 gerekti\u011fini vurgulayan Boyar, \u201cE\u011fitim \u0130\u015f Sendikas\u0131 olarak \u00f6\u011fretmenlerimizin ve \u00f6\u011frencilerimizin sa\u011fl\u0131\u011f\u0131n\u0131 ve ya\u015fam\u0131n\u0131 bu kadar de\u011fersiz g\u00f6ren \u00d6SYM\u2019nin basiretsiz y\u00f6neticileri hakk\u0131nda su\u00e7 duyurusunda bulunaca\u011f\u0131z. Bu yap\u0131lan basit bir hata de\u011fildir. \u00d6\u011fretmen ve \u00f6\u011frencilerimizin do\u011frudan sa\u011fl\u0131\u011f\u0131na ve hayat\u0131na kastetme eylemi vard\u0131r. S\u0131navda g\u00f6revli \u00f6\u011fretmenlerimiz okula gideceklerdir. Bu \u00f6\u011fretmenlerimize Korona bula\u015ft\u0131ysa okuldaki b\u00fct\u00fcn \u00f6\u011fretmenlerimiz ve \u00f6\u011fretmenlerimizin evlerindeki e\u015fleri, \u00e7ocuklar\u0131 ve akrabalar\u0131 da risk alt\u0131nda olacakt\u0131r. \u00d6\u011fretmenlerimize hastal\u0131k bula\u015fmas\u0131ndan dolay\u0131 okullar\u0131n a\u00e7\u0131labilmesi m\u00fcmk\u00fcn olmayacakt\u0131r. Bu s\u0131n\u0131flarda g\u00f6revlendirilen \u00f6\u011fretmenlerimize acilen test yap\u0131lmal\u0131d\u0131r. \u00d6\u011fretmenlerimizi kimse sahipsiz zannetmesin. \u00d6\u011fretmenlerimizin ve \u00f6\u011frencilerimizin sa\u011fl\u0131\u011f\u0131 her\u015feyden \u00f6nemlidir. E\u011fitim \u0130\u015f Sendikas\u0131 olarak konunun takip\u00e7isi olaca\u011f\u0131z.\u201d diyerek a\u00e7\u0131klamas\u0131n\u0131 tamamlad\u0131.<\/p>\n","protected":false},"excerpt":{"rendered":"<p>\u201cS\u0131n\u0131f\u0131n tamam\u0131na yak\u0131n\u0131n korona hastas\u0131 veya korona temasl\u0131 karantinadaym\u0131\u015f!\u201d \u201c\u00d6\u011fretmenlerimizi ve \u00f6\u011frencileri tehlikeye atan \u00d6SYM hakk\u0131nda acilen soru\u015fturma ba\u015flat\u0131lmal\u0131\u201d E\u011fitim \u0130\u015f Sendikas\u0131 Mersin \u015eube Ba\u015fkan\u0131 Hakan Boyar, Mersin\u2019de KPSS S\u0131nav\u0131\u2019nda &hellip; <a href=\"https:\/\/akdenizolaygazetesi.com\/?p=8181\" class=\"more-link\">Devam\u0131n\u0131 Oku&#8230;<\/a><\/p>\n","protected":false},"author":1,"featured_media":0,"comment_status":"open","ping_status":"open","sticky":false,"template":"","format":"standard","meta":[],"categories":[],"tags":[],"_links":{"self":[{"href":"https:\/\/akdenizolaygazetesi.com\/index.php?rest_route=\/wp\/v2\/posts\/8181"}],"collection":[{"href":"https:\/\/akdenizolaygazetesi.com\/index.php?rest_route=\/wp\/v2\/posts"}],"about":[{"href":"https:\/\/akdenizolaygazetesi.com\/index.php?rest_route=\/wp\/v2\/types\/post"}],"author":[{"embeddable":true,"href":"https:\/\/akdenizolaygazetesi.com\/index.php?rest_route=\/wp\/v2\/users\/1"}],"replies":[{"embeddable":true,"href":"https:\/\/akdenizolaygazetesi.com\/index.php?rest_route=%2Fwp%2Fv2%2Fcomments&post=8181"}],"version-history":[{"count":0,"href":"https:\/\/akdenizolaygazetesi.com\/index.php?rest_route=\/wp\/v2\/posts\/8181\/revisions"}],"wp:attachment":[{"href":"https:\/\/akdenizolaygazetesi.com\/index.php?rest_route=%2Fwp%2Fv2%2Fmedia&parent=8181"}],"wp:term":[{"taxonomy":"category","embeddable":true,"href":"https:\/\/akdenizolaygazetesi.com\/index.php?rest_route=%2Fwp%2Fv2%2Fcategories&post=8181"},{"taxonomy":"post_tag","embeddable":true,"href":"https:\/\/akdenizolaygazetesi.com\/index.php?rest_route=%2Fwp%2Fv2%2Ftags&post=8181"}],"curies":[{"name":"wp","href":"https:\/\/api.w.org\/{rel}","templated":true}]}}