{"id":8188,"date":"2020-11-04T18:28:39","date_gmt":"2020-11-04T15:28:39","guid":{"rendered":"http:\/\/mersinekonomipolitikagazetesi.com\/?p=8188"},"modified":"2020-11-04T18:28:39","modified_gmt":"2020-11-04T15:28:39","slug":"50-fizyoterapistin-sozlesmesinin-feshedilmesinin-gerekcesi-nedir","status":"publish","type":"post","link":"https:\/\/akdenizolaygazetesi.com\/?p=8188","title":{"rendered":"\u201c50 fizyoterapistin s\u00f6zle\u015fmesinin  feshedilmesinin gerek\u00e7esi nedir?\u201d"},"content":{"rendered":"<p>CHP Adana Milletvekili Burhanettin Bulut, Adana \u015eehir Hastanesi\u2019nde 50 fizyoterapistin hi\u00e7bir gerek\u00e7e g\u00f6sterilmeden i\u015f akdinin feshedilmesini Meclis g\u00fcndemine ta\u015f\u0131d\u0131. \u00a0Bulut, Sa\u011fl\u0131k Bakan\u0131 Koca\u2019ya, \u201cHaklar\u0131 \u00f6denmez\u201d dedi\u011finiz sa\u011fl\u0131k emek\u00e7ilerinin ma\u011fduriyetinin giderilmesi i\u00e7in Bakanl\u0131k olarak herhangi bir giri\u015fimde bulunacak m\u0131s\u0131n\u0131z?\u201d diye sordu.<\/p>\n<p>CHP Adana Milletvekili Burhanettin Bulut, Adana \u015eehir Hastanesi\u2019nde 50 fizyoterapistin hi\u00e7bir gerek\u00e7e g\u00f6sterilmeden i\u015f akdinin feshedilmesini Meclis g\u00fcndemine ta\u015f\u0131d\u0131. TBMM Ba\u015fkanl\u0131\u011f\u0131na, Sa\u011fl\u0131k Bakan\u0131 Fahrettin Koca\u2019n\u0131n yan\u0131tlamas\u0131 istemiyle soru \u00f6nergesi veren Bulut, pandemide sa\u011fl\u0131k emek\u00e7ilerinin toplum sa\u011fl\u0131\u011f\u0131n\u0131 korumak i\u00e7in can\u0131 pahas\u0131na m\u00fccadele ettiklerini, bu s\u00fcre\u00e7te bir\u00e7ok sa\u011fl\u0131k emek\u00e7isinin hayat\u0131n\u0131 kaybetti\u011fini, binlerce sa\u011fl\u0131k emek\u00e7isinin enfekte oldu\u011funu belirtti.<\/p>\n<p>ATAMA BEKLERKEN, \u0130\u015eTEN \u00c7IKARMALAR YA\u015eANDI<\/p>\n<p>Yo\u011fun i\u015f y\u00fck\u00fc, bitmek bilmeyen n\u00f6betler nedeniyle sa\u011fl\u0131k\u00e7\u0131lar\u0131n t\u00fckenme noktas\u0131na geldi\u011fini kaydeden Bulut, \u00a0bu s\u00fcre\u00e7te yorgun d\u00fc\u015fen sa\u011fl\u0131k emek\u00e7ilerine takviye yap\u0131lmas\u0131 i\u00e7in atama beklerken Adana \u015eehir Hastanesi\u2019nde 50 fizyoterapistin hi\u00e7bir gerek\u00e7e g\u00f6sterilmeden i\u015f akdinin feshedildi\u011fini bildirdi.\u00a0<br \/>\n\u0130\u015eTEN \u00c7IKARMA YASA\u011eI<br \/>\nFizik tedavi ve rehabilitasyon biriminden 28 fizyoterapist, 14 tekniker, 8 yard\u0131mc\u0131 sa\u011fl\u0131k \u00e7al\u0131\u015fan\u0131n\u0131n te\u015fekk\u00fcr beklerken i\u015finden oldu\u011funu belirten Bulut, \u201cS\u00f6zle\u015fmesi feshedilen 50 personel aras\u0131ndan ba\u015fvuracak s\u0131n\u0131rl\u0131 say\u0131da personelin di\u011fer illerde istihdam edilece\u011fi kaydedilmektedir. \u00a0Pandemi d\u00f6neminde uygulamaya ge\u00e7en i\u015ften \u00e7\u0131karma yasa\u011f\u0131 4 Eyl\u00fcl 2020 tarihinde 17\/9\/2020 tarihinden itibaren iki ay uzat\u0131lm\u0131\u015fken, i\u015finden olan sa\u011fl\u0131k emek\u00e7ileri ma\u011fdur olmu\u015ftur\u201d dedi.<br \/>\n\u00a0<br \/>\nBAKAN KOCA\u2019YA SORULAR<\/p>\n<p>CHP\u2019li Bulut, Bakan Koca\u2019n\u0131n yan\u0131tlamas\u0131 istemiyle \u015fu sorular\u0131 y\u00f6neltti:<br \/>\n-Adana \u015eehir Hastanesi\u2019nde 50 fizyoterapistin s\u00f6zle\u015fmesinin feshedilmesinin gerek\u00e7esi nedir?<br \/>\n-\u00d6nergenin yan\u0131tland\u0131\u011f\u0131 tarih itibariyle s\u00f6zle\u015fmesi feshedilen ka\u00e7 sa\u011fl\u0131k emek\u00e7isi istihdam edilmi\u015ftir?<br \/>\n-\u0130\u015ften \u00e7\u0131karma yasa\u011f\u0131n\u0131n oldu\u011fu bir d\u00f6nemde sa\u011fl\u0131k emek\u00e7ilerinin s\u00f6zle\u015fmesini feshedilmesi hakk\u0131nda herhangi bir i\u015flem ba\u015flat\u0131lacak m\u0131d\u0131r?<br \/>\n-\u201cHaklar\u0131 \u00f6denmez\u201d dedi\u011finiz sa\u011fl\u0131k emek\u00e7ilerinin ma\u011fduriyetinin giderilmesi i\u00e7in Bakanl\u0131k olarak herhangi bir giri\u015fimde bulunacak m\u0131s\u0131n\u0131z?\u00a0<br \/>\n&#8211; Pandemi d\u00f6neminde uygulamaya ge\u00e7en i\u015ften \u00e7\u0131karma yasa\u011f\u0131 4 Eyl\u00fcl 2020 tarihinde Cumhurba\u015fkanl\u0131\u011f\u0131 karar\u0131 ile 17\/9\/2020 tarihinden itibaren iki ay s\u00fcre ile uzat\u0131lm\u0131\u015f olmas\u0131na ra\u011fmen i\u015finden olan \u00a0sa\u011fl\u0131k emek\u00e7ileri ma\u011fdur olmu\u015ftur. Al\u0131nan karar, Cumhurba\u015fkanl\u0131\u011f\u0131 karar\u0131na ayk\u0131r\u0131 de\u011fil midir?<br \/>\n\u00a0<\/p>\n","protected":false},"excerpt":{"rendered":"<p>CHP Adana Milletvekili Burhanettin Bulut, Adana \u015eehir Hastanesi\u2019nde 50 fizyoterapistin hi\u00e7bir gerek\u00e7e g\u00f6sterilmeden i\u015f akdinin feshedilmesini Meclis g\u00fcndemine ta\u015f\u0131d\u0131. \u00a0Bulut, Sa\u011fl\u0131k Bakan\u0131 Koca\u2019ya, \u201cHaklar\u0131 \u00f6denmez\u201d dedi\u011finiz sa\u011fl\u0131k emek\u00e7ilerinin ma\u011fduriyetinin giderilmesi &hellip; <a href=\"https:\/\/akdenizolaygazetesi.com\/?p=8188\" class=\"more-link\">Devam\u0131n\u0131 Oku&#8230;<\/a><\/p>\n","protected":false},"author":1,"featured_media":0,"comment_status":"open","ping_status":"open","sticky":false,"template":"","format":"standard","meta":[],"categories":[],"tags":[],"_links":{"self":[{"href":"https:\/\/akdenizolaygazetesi.com\/index.php?rest_route=\/wp\/v2\/posts\/8188"}],"collection":[{"href":"https:\/\/akdenizolaygazetesi.com\/index.php?rest_route=\/wp\/v2\/posts"}],"about":[{"href":"https:\/\/akdenizolaygazetesi.com\/index.php?rest_route=\/wp\/v2\/types\/post"}],"author":[{"embeddable":true,"href":"https:\/\/akdenizolaygazetesi.com\/index.php?rest_route=\/wp\/v2\/users\/1"}],"replies":[{"embeddable":true,"href":"https:\/\/akdenizolaygazetesi.com\/index.php?rest_route=%2Fwp%2Fv2%2Fcomments&post=8188"}],"version-history":[{"count":0,"href":"https:\/\/akdenizolaygazetesi.com\/index.php?rest_route=\/wp\/v2\/posts\/8188\/revisions"}],"wp:attachment":[{"href":"https:\/\/akdenizolaygazetesi.com\/index.php?rest_route=%2Fwp%2Fv2%2Fmedia&parent=8188"}],"wp:term":[{"taxonomy":"category","embeddable":true,"href":"https:\/\/akdenizolaygazetesi.com\/index.php?rest_route=%2Fwp%2Fv2%2Fcategories&post=8188"},{"taxonomy":"post_tag","embeddable":true,"href":"https:\/\/akdenizolaygazetesi.com\/index.php?rest_route=%2Fwp%2Fv2%2Ftags&post=8188"}],"curies":[{"name":"wp","href":"https:\/\/api.w.org\/{rel}","templated":true}]}}