{"id":8189,"date":"2020-11-04T18:28:39","date_gmt":"2020-11-04T15:28:39","guid":{"rendered":"http:\/\/mersinekonomipolitikagazetesi.com\/?p=8189"},"modified":"2020-11-04T18:28:39","modified_gmt":"2020-11-04T15:28:39","slug":"kis-gelmeden-turk-bayragini-boyamak-istiyoruz","status":"publish","type":"post","link":"https:\/\/akdenizolaygazetesi.com\/?p=8189","title":{"rendered":"KI\u015e GELMEDEN \u2018T\u00dcRK BAYRA\u011eI\u2019NI BOYAMAK \u0130ST\u0130YORUZ!"},"content":{"rendered":"<p>Mut Belediyesi neden duyars\u0131z..?<\/p>\n<p>Mut il\u00e7esinde dev T\u00fcrk Bayra\u011f\u0131\u2019n\u0131n solmas\u0131 ve bak\u0131ms\u0131z kalmas\u0131 sebebiyle, \u2018Dokunun Umut Olsun Platformu\u2019 harekete ge\u00e7mi\u015f ve boyamak i\u00e7in ba\u015fvuruda bulunmu\u015ftu. 22 d\u00f6n\u00fcml\u00fck bayra\u011f\u0131 boyamak isteyen platformun ba\u015fvurusu halen cevaplanmad\u0131..!Platform s\u00f6zc\u00fcs\u00fc Pervin \u00c7elik, \u2018\u2019Umutla dilek\u00e7emize olumlu bir cevap beklemekteyiz.\u2019\u2019 dedi.<\/p>\n<p>BAKIMSIZ BIRAKILDI SOLDU..!<\/p>\n<p>Mersin\u2019in Mut il\u00e7esinde yer alan dev T\u00fcrk Bayra\u011f\u0131\u2019n\u0131n uzun y\u0131llard\u0131r \u00a0bak\u0131ms\u0131z b\u0131rak\u0131larak solmas\u0131 sonucu yenilemek isteyen, \u2018Dokunun Umut Olsun Platformu\u2019, 22 d\u00f6n\u00fcml\u00fck T\u00fcrk Bayra\u011f\u0131\u2019n\u0131n eski g\u00f6r\u00fcnt\u00fcs\u00fcne kavu\u015fmas\u0131 i\u00e7in \u00e7al\u0131\u015facaklar\u0131n\u0131 ve bayra\u011f\u0131 boyamak istediklerini a\u00e7\u0131klam\u0131\u015f ba\u015fvurular\u0131n\u0131 ger\u00e7ekle\u015ftirmi\u015flerdi. Platform ba\u015fvurular\u0131n\u0131n halen yan\u0131tlanmad\u0131\u011f\u0131n\u0131 dile getirdi.\u00a0<br \/>\nDokunun Umut Olsun s\u00f6zc\u00fcs\u00fc Pervin \u00c7elik, \u2018\u2019Mut s\u0131n\u0131rlar\u0131 i\u00e7erisinde 22 d\u00f6n\u00fcml\u00fck arazi \u00fczerinde yer alan \u00a0T\u00fcrk bayra\u011f\u0131nda g\u00f6rm\u00fc\u015f oldu\u011fumuz deforme \u00a0 bizleri \u00fczm\u00fc\u015ft\u00fcr. Bu sebeple de 12 A\u011fustos2020 tarihinde \u00a0\u2018Dokunun Umut Olsun Platformu\u2019 platformu g\u00f6n\u00fcll\u00fcleri olarak Mut Belediyesi\u2019ne T\u00fcrk Bayra\u011f\u0131\u2019n\u0131 boyamak \u00a0\u00fczere talip oldu\u011fumuzu belirten izin dilek\u00e7esi verdik. Ancak hala umutla dilek\u00e7emize olumlu bir cevap beklemekteyiz. K\u0131\u015f gelmeden hep birlikte boyamak biran \u00f6nce eski canl\u0131 k\u0131rm\u0131z\u0131 rengine kavu\u015fmas\u0131n\u0131 sa\u011flamak istiyoruz\u201d dedi.<\/p>\n<p>BELED\u0130YE VE KAYMAKAMLI\u011eA D\u0130LEK\u00c7E VER\u0130LM\u0130\u015eT\u0130!<\/p>\n<p>Kaymakaml\u0131\u011fa ve Belediyeye dilek\u00e7e yazd\u0131klar\u0131n\u0131 vurgulayan platform s\u00f6zc\u00fcs\u00fc Pervin \u00c7elik, \u201c\u0130limiz genelinde bir grup g\u00f6n\u00fcllerimizle olu\u015fturdu\u011fumuz \u2018Dokunun Umut Olsun\u2019 ad\u0131yla ya\u015fam\u0131m\u0131z\u0131 kolayla\u015ft\u0131racak projelere faaliyette bulunan bizler, Mut il\u00e7emiz hudutlar\u0131 i\u00e7erisinde bulunan ve gurur kayna\u011f\u0131m\u0131z olan 22 d\u00f6n\u00fcml\u00fck arazi \u00fczerindeki T\u00fcrk Bayra\u011f\u0131\u2019m\u0131z\u0131n ge\u00e7en y\u0131llar i\u00e7erisinde g\u00f6r\u00fcnt\u00fcs\u00fcn\u00fcn erozyona u\u011frad\u0131\u011f\u0131n\u0131 g\u00f6rm\u00fc\u015f bulunuyoruz. Bahsi ge\u00e7en alandaki bayra\u011f\u0131m\u0131zla ilgili, alanda \u00e7al\u0131\u015fma yap\u0131p tekrardan yap\u0131l\u0131\u015f amac\u0131na uygun hale getirmek istiyoruz\u2019 diyerek ba\u015fvuruda bulunduk. Bu konuda yetkililerden ve Mersinliler\u2019den de destek bekliyoruz.&#8221; demi\u015fti.<\/p>\n","protected":false},"excerpt":{"rendered":"<p>Mut Belediyesi neden duyars\u0131z..? Mut il\u00e7esinde dev T\u00fcrk Bayra\u011f\u0131\u2019n\u0131n solmas\u0131 ve bak\u0131ms\u0131z kalmas\u0131 sebebiyle, \u2018Dokunun Umut Olsun Platformu\u2019 harekete ge\u00e7mi\u015f ve boyamak i\u00e7in ba\u015fvuruda bulunmu\u015ftu. 22 d\u00f6n\u00fcml\u00fck bayra\u011f\u0131 boyamak isteyen &hellip; <a href=\"https:\/\/akdenizolaygazetesi.com\/?p=8189\" class=\"more-link\">Devam\u0131n\u0131 Oku&#8230;<\/a><\/p>\n","protected":false},"author":1,"featured_media":0,"comment_status":"open","ping_status":"open","sticky":false,"template":"","format":"standard","meta":[],"categories":[],"tags":[],"_links":{"self":[{"href":"https:\/\/akdenizolaygazetesi.com\/index.php?rest_route=\/wp\/v2\/posts\/8189"}],"collection":[{"href":"https:\/\/akdenizolaygazetesi.com\/index.php?rest_route=\/wp\/v2\/posts"}],"about":[{"href":"https:\/\/akdenizolaygazetesi.com\/index.php?rest_route=\/wp\/v2\/types\/post"}],"author":[{"embeddable":true,"href":"https:\/\/akdenizolaygazetesi.com\/index.php?rest_route=\/wp\/v2\/users\/1"}],"replies":[{"embeddable":true,"href":"https:\/\/akdenizolaygazetesi.com\/index.php?rest_route=%2Fwp%2Fv2%2Fcomments&post=8189"}],"version-history":[{"count":0,"href":"https:\/\/akdenizolaygazetesi.com\/index.php?rest_route=\/wp\/v2\/posts\/8189\/revisions"}],"wp:attachment":[{"href":"https:\/\/akdenizolaygazetesi.com\/index.php?rest_route=%2Fwp%2Fv2%2Fmedia&parent=8189"}],"wp:term":[{"taxonomy":"category","embeddable":true,"href":"https:\/\/akdenizolaygazetesi.com\/index.php?rest_route=%2Fwp%2Fv2%2Fcategories&post=8189"},{"taxonomy":"post_tag","embeddable":true,"href":"https:\/\/akdenizolaygazetesi.com\/index.php?rest_route=%2Fwp%2Fv2%2Ftags&post=8189"}],"curies":[{"name":"wp","href":"https:\/\/api.w.org\/{rel}","templated":true}]}}