{"id":819,"date":"2020-11-04T18:21:26","date_gmt":"2020-11-04T15:21:26","guid":{"rendered":"http:\/\/mersinekonomipolitikagazetesi.com\/?p=819"},"modified":"2020-11-04T18:21:26","modified_gmt":"2020-11-04T15:21:26","slug":"yenice-jandarma-karakol-komutani-fetoden-gozaltina-alindi","status":"publish","type":"post","link":"https:\/\/akdenizolaygazetesi.com\/?p=819","title":{"rendered":"Yenice Jandarma Karakol Komutan\u0131 FET\u00d6&#8217;den g\u00f6zalt\u0131na al\u0131nd\u0131"},"content":{"rendered":"<p>Mersin\u2019de Fetullah\u00e7\u0131 Ter\u00f6r \u00d6rg\u00fct\u00fc\/Paralel Devlet Yap\u0131lanmas\u0131&#8217;na (FET\u00d6\/PDY) y\u00f6nelik operasyonda, Yenice Jandarma Karakol Komutan\u0131 Te\u011fmen Halil Tek g\u00f6zalt\u0131na al\u0131nd\u0131.<\/p>\n<p><span style=\"font-family: Tahoma, Arial, 'Times New Roman TUR', Verdana; font-size: 15px; background-color: rgb(255, 255, 255);\">15 Temmuz darbe giri\u015fimin ard\u0131ndan Ni\u011fde Cumhuriyet Ba\u015fsavc\u0131l\u0131\u011f\u0131n\u0131n ba\u015flatt\u0131\u011f\u0131 FET\u00d6\/PDY operasyonlar\u0131 s\u00fcr\u00fcyor. Bu kapsamda Savc\u0131l\u0131k, Mersin&#8217;in Tarsus il\u00e7esine ba\u011fl\u0131 Yenice Jandarma Komutan\u0131 Te\u011fmen Halil Tek i\u00e7in yakalama karar\u0131 \u00e7\u0131kard\u0131. Bunun \u00fczerine harekete ge\u00e7en polis ekipleri, d\u00fcn gece saatlerinde Te\u011fmen Halil Tek&#8217;i evinde g\u00f6z alt\u0131na alarak, emniyete g\u00f6t\u00fcrd\u00fc.<\/span><\/p>\n","protected":false},"excerpt":{"rendered":"<p>Mersin\u2019de Fetullah\u00e7\u0131 Ter\u00f6r \u00d6rg\u00fct\u00fc\/Paralel Devlet Yap\u0131lanmas\u0131&#8217;na (FET\u00d6\/PDY) y\u00f6nelik operasyonda, Yenice Jandarma Karakol Komutan\u0131 Te\u011fmen Halil Tek g\u00f6zalt\u0131na al\u0131nd\u0131. 15 Temmuz darbe giri\u015fimin ard\u0131ndan Ni\u011fde Cumhuriyet Ba\u015fsavc\u0131l\u0131\u011f\u0131n\u0131n ba\u015flatt\u0131\u011f\u0131 FET\u00d6\/PDY operasyonlar\u0131 s\u00fcr\u00fcyor. &hellip; <a href=\"https:\/\/akdenizolaygazetesi.com\/?p=819\" class=\"more-link\">Devam\u0131n\u0131 Oku&#8230;<\/a><\/p>\n","protected":false},"author":1,"featured_media":0,"comment_status":"open","ping_status":"open","sticky":false,"template":"","format":"standard","meta":[],"categories":[],"tags":[],"_links":{"self":[{"href":"https:\/\/akdenizolaygazetesi.com\/index.php?rest_route=\/wp\/v2\/posts\/819"}],"collection":[{"href":"https:\/\/akdenizolaygazetesi.com\/index.php?rest_route=\/wp\/v2\/posts"}],"about":[{"href":"https:\/\/akdenizolaygazetesi.com\/index.php?rest_route=\/wp\/v2\/types\/post"}],"author":[{"embeddable":true,"href":"https:\/\/akdenizolaygazetesi.com\/index.php?rest_route=\/wp\/v2\/users\/1"}],"replies":[{"embeddable":true,"href":"https:\/\/akdenizolaygazetesi.com\/index.php?rest_route=%2Fwp%2Fv2%2Fcomments&post=819"}],"version-history":[{"count":0,"href":"https:\/\/akdenizolaygazetesi.com\/index.php?rest_route=\/wp\/v2\/posts\/819\/revisions"}],"wp:attachment":[{"href":"https:\/\/akdenizolaygazetesi.com\/index.php?rest_route=%2Fwp%2Fv2%2Fmedia&parent=819"}],"wp:term":[{"taxonomy":"category","embeddable":true,"href":"https:\/\/akdenizolaygazetesi.com\/index.php?rest_route=%2Fwp%2Fv2%2Fcategories&post=819"},{"taxonomy":"post_tag","embeddable":true,"href":"https:\/\/akdenizolaygazetesi.com\/index.php?rest_route=%2Fwp%2Fv2%2Ftags&post=819"}],"curies":[{"name":"wp","href":"https:\/\/api.w.org\/{rel}","templated":true}]}}