{"id":8190,"date":"2020-11-04T18:28:39","date_gmt":"2020-11-04T15:28:39","guid":{"rendered":"http:\/\/mersinekonomipolitikagazetesi.com\/?p=8190"},"modified":"2020-11-04T18:28:39","modified_gmt":"2020-11-04T15:28:39","slug":"5-ay-evli-kalan-ciftin-ozel-goruntu-davasinda-ilk-durusma-goruldu","status":"publish","type":"post","link":"https:\/\/akdenizolaygazetesi.com\/?p=8190","title":{"rendered":"5 ay evli kalan \u00e7iftin &#8216;\u00f6zel g\u00f6r\u00fcnt\u00fc&#8217; davas\u0131nda ilk duru\u015fma g\u00f6r\u00fcld\u00fc"},"content":{"rendered":"<p>Mersin&#8217;de 5 ay evli kalan Nida Nur Y\u0131ld\u0131z ile \u0130.B.E.&#8217;nin &#8216;\u00f6zel g\u00f6r\u00fcnt\u00fc&#8217; davas\u0131n\u0131n ilk duru\u015fmas\u0131 g\u00f6r\u00fcld\u00fc. Duru\u015fmada Y\u0131ld\u0131z, eski e\u015finin ba\u015fka kad\u0131nlarla da video \u00e7ekti\u011fini g\u00f6steren delilleri mahkemeye sundu.\u00a0<br \/>\nMersin 15. Asliye Ceza Mahkemesi&#8217;ndeki davan\u0131n ilk duru\u015fmas\u0131na tan\u0131klar ve tan\u0131k avukatlar\u0131n\u0131n hi\u00e7biri kat\u0131lmazken, Nida Nur Y\u0131ld\u0131z ile avukatlar\u0131 kat\u0131ld\u0131. Duru\u015fmaya ayr\u0131ca Aile, \u00c7al\u0131\u015fma ve Sosyal Hizmetler Bakanl\u0131\u011f\u0131 da m\u00fcdahil oldu. Duru\u015fmada konu\u015fan Nida Nur Y\u0131ld\u0131z, eski e\u015finden 10 Ocak 2019 tarihinde bo\u015fand\u0131\u011f\u0131n\u0131 s\u00f6yledi. E\u015finden sorunsuz bir \u015fekilde bo\u015fand\u0131\u011f\u0131n\u0131 kaydeden Y\u0131ld\u0131z, &#8220;Bo\u015fand\u0131ktan 3-4 ay sonra eski e\u015fimle ortak bir arkada\u015f\u0131m\u0131z beni arad\u0131. \u00d6nce bo\u015fanma \u00fczerine konu\u015ftuk. Daha sonra ise &#8216;sen eski e\u015finin nas\u0131l biri oldu\u011funu biliyor musun? Senin \u00f6zel g\u00f6r\u00fcnt\u00fclerini bana g\u00f6nderdi&#8217; dedi. Ben de videonun i\u00e7eri\u011fini sordum. \u00d6zel g\u00f6r\u00fcnt\u00fclerimizin oldu\u011funu s\u00f6yledi. Videolar\u0131 bana g\u00f6nder merak ettim dedim ama o &#8216;daha sonra g\u00f6nderirim&#8217; dedi ve bir s\u00fcre sonra bulu\u015ftuk. Orada bana videoyu izletti ve benim 20 saniye g\u00f6r\u00fcnt\u00fc almama izin verdi. Ben de &#8216;g\u00f6r\u00fcnt\u00fcleri ver \u015fikayet\u00e7i olay\u0131m&#8217; dedim ama &#8216;daha sonra&#8217; diye cevap verdi. Aradan bir s\u00fcre sonra yine eski e\u015fimin oradan tan\u0131d\u0131\u011f\u0131m biri bana sosyal medya hesab\u0131ndan yazd\u0131. O da bir s\u00fcre sohbet ettikten sonra bana elinde \u00f6zel g\u00f6r\u00fcnt\u00fclerimin oldu\u011funu s\u00f6yledi&#8221; diye konu\u015ftu.\u00a0<\/p>\n<p>&#8220;Sadece benim de\u011fil ba\u015fka kad\u0131nlar\u0131n da g\u00f6r\u00fcnt\u00fcleri varm\u0131\u015f&#8221;<br \/>\n\u00a0<br \/>\nOndan da g\u00f6r\u00fcnt\u00fcleri istedi\u011fini s\u00f6yleyen Y\u0131ld\u0131z, &#8220;O da &#8216;daha sonra&#8217; diye cevap verdi. Hatta bana &#8216;sadece senin de\u011fil ba\u015fka kad\u0131nlar\u0131n da videosu var&#8217; dedi. Bana videodaki duru\u015fuma kadar tarif etti. Ben de art\u0131k bu konu\u015fmalardan sonra \u015fikayet\u00e7i oldum. \u0130lk konu\u015ftu\u011fumuz arkada\u015f beni arayarak, \u015fikayet\u00e7i olmamam kar\u015f\u0131l\u0131\u011f\u0131nda haf\u0131za kart\u0131n\u0131 verece\u011fini s\u00f6yledi. Ben de bulu\u015farak, haf\u0131za kart\u0131n\u0131 ald\u0131m. \u0130\u00e7inde benim ve ba\u015fka kad\u0131nlar\u0131n g\u00f6r\u00fcnt\u00fcs\u00fc vard\u0131. Bu g\u00f6r\u00fcnt\u00fclerin ba\u015fka ki\u015filer taraf\u0131ndan payla\u015f\u0131lma ihtimali yok. O y\u00fczden eski e\u015fimden \u015fikayet\u00e7iyim&#8221; dedi.\u00a0<br \/>\nM\u00fc\u015fteki avukatlar\u0131 da san\u0131ktan \u015fikayet\u00e7i olduklar\u0131n\u0131, bu g\u00f6r\u00fcnt\u00fclerin payla\u015f\u0131lmas\u0131n\u0131n su\u00e7 oldu\u011funu ifade ettiler.\u00a0<br \/>\nMahkeme hakimi dosyadaki eksikliklerinin tamamlanmas\u0131 i\u00e7in duru\u015fmay\u0131 17 Kas\u0131m 2020 tarihine erteledi.\u00a0<\/p>\n<p>\u00d6te yandan, duru\u015fma sonras\u0131 Nida Nur Y\u0131ld\u0131z ve kad\u0131nlar, a\u00e7\u0131klama yaparak san\u0131\u011f\u0131n ceza almas\u0131n\u0131 talep ettiler. Avukat Burcu Bozkurt, davan\u0131n ilk celsesinin bug\u00fcn g\u00f6r\u00fcld\u00fc\u011f\u00fcn\u00fc s\u00f6yledi. San\u0131k ve san\u0131k avukatlar\u0131 taraf\u0131ndan mazeret dilek\u00e7eleri sunuldu\u011fu i\u00e7in sadece kendilerinin dinlendi\u011fini kaydeden Bozkurt, &#8220;Asl\u0131nda evlilik de dahil \u00f6zel hayat\u0131n korunmas\u0131 gereken bir hakk\u0131n ihlal edildi\u011fini g\u00f6r\u00fcyoruz. Hen\u00fcz dinlenecek pek \u00e7ok tan\u0131\u011f\u0131m\u0131z var, delillerimiz mevcut. Asl\u0131nda fiziksel ve devam\u0131nda cinsel \u015fiddet uygulanmakta. Pandemi d\u00f6neminde de cinsel \u015fiddet kendini azaltm\u0131yor, katlanarak devam ediyor. Nida han\u0131m da asl\u0131nda bir cinsel hedef haline gelmektedir. Kad\u0131nlar\u0131n bu m\u00fccadelesi asl\u0131nda onur m\u00fccadelesidir&#8221; ifadelerini kulland\u0131.\u00a0<\/p>\n<p>&#8220;Bir cinsel hedef haline getirildim&#8221;<br \/>\n\u00a0<br \/>\nNida Nur Y\u0131ld\u0131z ise bu davan\u0131n pe\u015fini b\u0131rakmayaca\u011f\u0131n\u0131 kaydederek, &#8220;Ger\u00e7ekten bir cinsel hedef haline getirildim. Hatta duru\u015fmaya girmeye 5 dakika kalana kadar halen yorumlar, mesajlar ald\u0131m. &#8216;\u0130nanm\u0131yoruz, foto\u011fraf\u0131n\u0131 at, g\u00f6r\u00fcnt\u00fcn\u00fc at da inanal\u0131m&#8217; diye. Bunlar basit numaralar. Bunlar beni y\u0131ld\u0131racak, utand\u0131racak, vazge\u00e7irtecek \u015feyler de\u011filler. Ben hakk\u0131m\u0131 almadan hi\u00e7bir \u015fekilde bu davadan vazge\u00e7meyece\u011fim, hi\u00e7bir \u015fekilde korkmayaca\u011f\u0131m. \u015euna inan\u0131yorum, bu sadece benim de\u011fil toplumun namus ve ahlak anlay\u0131\u015f\u0131na yap\u0131lm\u0131\u015f bir hareket olarak g\u00f6r\u00fcyorum. Tabi ki takdir mahkemenindir. San\u0131\u011f\u0131n gerekli cezay\u0131 almas\u0131n\u0131 istiyorum&#8221; dedi.\u00a0<\/p>\n<p>Olay\u0131n ge\u00e7mi\u015fi<br \/>\n\u00a0<br \/>\nMersin&#8217;de ya\u015fayan 30 ya\u015f\u0131ndaki Nida Nur Y\u0131ld\u0131z, 5 ay evli kald\u0131\u011f\u0131 \u0130.B.E. hakk\u0131nda, \u00f6zel g\u00f6r\u00fcnt\u00fclerini cep telefonundan arkada\u015flar\u0131na g\u00f6nderdi\u011fi iddias\u0131yla \u015fikayet\u00e7i oldu. Eski e\u015f \u0130.B.E. ise eski e\u015finin kendisine kumpas kurdu\u011funu iddia ederek, kar\u015f\u0131 dava a\u00e7t\u0131. Savc\u0131l\u0131k &#8216;\u00f6zel hayat\u0131n gizlili\u011fini ihlalden&#8217; iddianame haz\u0131rlad\u0131.\u00a0<\/p>\n","protected":false},"excerpt":{"rendered":"<p>Mersin&#8217;de 5 ay evli kalan Nida Nur Y\u0131ld\u0131z ile \u0130.B.E.&#8217;nin &#8216;\u00f6zel g\u00f6r\u00fcnt\u00fc&#8217; davas\u0131n\u0131n ilk duru\u015fmas\u0131 g\u00f6r\u00fcld\u00fc. Duru\u015fmada Y\u0131ld\u0131z, eski e\u015finin ba\u015fka kad\u0131nlarla da video \u00e7ekti\u011fini g\u00f6steren delilleri mahkemeye sundu.\u00a0 Mersin &hellip; <a href=\"https:\/\/akdenizolaygazetesi.com\/?p=8190\" class=\"more-link\">Devam\u0131n\u0131 Oku&#8230;<\/a><\/p>\n","protected":false},"author":1,"featured_media":0,"comment_status":"open","ping_status":"open","sticky":false,"template":"","format":"standard","meta":[],"categories":[],"tags":[],"_links":{"self":[{"href":"https:\/\/akdenizolaygazetesi.com\/index.php?rest_route=\/wp\/v2\/posts\/8190"}],"collection":[{"href":"https:\/\/akdenizolaygazetesi.com\/index.php?rest_route=\/wp\/v2\/posts"}],"about":[{"href":"https:\/\/akdenizolaygazetesi.com\/index.php?rest_route=\/wp\/v2\/types\/post"}],"author":[{"embeddable":true,"href":"https:\/\/akdenizolaygazetesi.com\/index.php?rest_route=\/wp\/v2\/users\/1"}],"replies":[{"embeddable":true,"href":"https:\/\/akdenizolaygazetesi.com\/index.php?rest_route=%2Fwp%2Fv2%2Fcomments&post=8190"}],"version-history":[{"count":0,"href":"https:\/\/akdenizolaygazetesi.com\/index.php?rest_route=\/wp\/v2\/posts\/8190\/revisions"}],"wp:attachment":[{"href":"https:\/\/akdenizolaygazetesi.com\/index.php?rest_route=%2Fwp%2Fv2%2Fmedia&parent=8190"}],"wp:term":[{"taxonomy":"category","embeddable":true,"href":"https:\/\/akdenizolaygazetesi.com\/index.php?rest_route=%2Fwp%2Fv2%2Fcategories&post=8190"},{"taxonomy":"post_tag","embeddable":true,"href":"https:\/\/akdenizolaygazetesi.com\/index.php?rest_route=%2Fwp%2Fv2%2Ftags&post=8190"}],"curies":[{"name":"wp","href":"https:\/\/api.w.org\/{rel}","templated":true}]}}