{"id":8191,"date":"2020-11-04T18:28:39","date_gmt":"2020-11-04T15:28:39","guid":{"rendered":"http:\/\/mersinekonomipolitikagazetesi.com\/?p=8191"},"modified":"2020-11-04T18:28:39","modified_gmt":"2020-11-04T15:28:39","slug":"mersinde-4-okul-var","status":"publish","type":"post","link":"https:\/\/akdenizolaygazetesi.com\/?p=8191","title":{"rendered":"MERS\u0130N&#8217;DE 4 OKUL VAR!"},"content":{"rendered":"<p>E\u011fitim-Sen, Kovid-19 g\u00f6r\u00fclen 172 okulu a\u00e7\u0131klad\u0131<\/p>\n<p>E\u011fitim-Sen taraf\u0131ndan yap\u0131lan a\u00e7\u0131klamaya g\u00f6re, \u00fclke genelinde Kovid-19 g\u00f6r\u00fclen okul say\u0131s\u0131 172&#8217;ye \u00e7\u0131kt\u0131. 172 okul aras\u0131nda Mersin&#8217;den 4 okul yer al\u0131rken okullar\u0131n isimleri \u015f\u00f6yle; Mersin Akdeniz Mehmet Da\u011fl\u0131 \u0130.H.O.O., Mersin Tarsus Fatih Sultan Mehmet O.O., Mersin Tarsus Tarsus M.T.A.L., Mersin Tarsus Ticaret ve Sanayi Odas\u0131 M.T.A.L.<\/p>\n<p>2020-2021 e\u011fitim \u00f6\u011fretim y\u0131l\u0131n\u0131n ba\u015flayaca\u011f\u0131 g\u00fcn olan 21 Eyl\u00fcl tarihine 2 hafta kala E\u011fitim ve Bilim Emek\u00e7ileri Sendikas\u0131 (E\u011fitim-Sen), uzaktan telafi e\u011fitimleri ile ba\u015flayan yeni e\u011fitim \u00f6\u011fretim y\u0131l\u0131n\u0131n ilk g\u00fcn\u00fcnde Kovid-19 g\u00f6r\u00fclen okul say\u0131s\u0131n\u0131 172 olarak a\u00e7\u0131klad\u0131.<\/p>\n<p>Sendika a\u00e7\u0131klamas\u0131nda dikkat edilmesi gereken konular hakk\u0131nda s\u00f6z konusu okullar\u0131n isimlerinin yer ald\u0131\u011f\u0131 listeden \u00f6nce bu payla\u015f\u0131m\u0131n yap\u0131lmas\u0131n\u0131n nedenlerinin bir kez daha alt\u0131 \u00e7izildi.<br \/>\nSalg\u0131nla m\u00fccadele ve bu karanl\u0131k s\u00fcre\u00e7ten birlikte \u00e7\u0131kabilmek i\u00e7in bilginin \u015feffaf payla\u015f\u0131m\u0131 kritik \u00f6neme sahip oldu\u011fu vurgulanan hususlarda, &#8220;Bilgiyi depolayarak veya oldu\u011fu gibi de\u011fil de yeniden yap\u0131land\u0131rarak sunmak hegemonya kurman\u0131n her d\u00f6nemde arac\u0131 olarak kullan\u0131lm\u0131\u015ft\u0131r. E\u011fitim Sen kendisine ula\u015fan bilgileri payla\u015farak bilgiye sahip olmada e\u015fitlik ve salg\u0131nla m\u00fccadelenin ger\u00e7ek bilgi \u00fczerine in\u015fa edilmesini sa\u011flamaktad\u0131r.&#8221; ifadelerini kullan\u0131ld\u0131.<\/p>\n<p>Di\u011fer hususlar ise \u015f\u00f6yle;<br \/>\n\u201c- Sa\u011fl\u0131k temel bir hakt\u0131r ve emek\u00e7iler ba\u015fta olmak \u00fczere e\u011fitim kurumlar\u0131nda salg\u0131n\u0131n yay\u0131lmas\u0131ndan etkilenen t\u00fcm kesimlerin bilgiye dolays\u0131z ula\u015fma hakk\u0131 vard\u0131r. E\u011fitim Sen e\u011fitim emek\u00e7ilerinin, \u00f6\u011frencilerin ve velilerin kendilerini do\u011frudan ilgilendiren bir konuda bilgiye ula\u015fma hakk\u0131na katk\u0131 sa\u011flamaktad\u0131r.<\/p>\n<p>&#8211; E\u011fitim-Sen topluma kar\u015f\u0131 sorumlulu\u011fu oldu\u011funu d\u00fc\u015f\u00fcnen bir sendikad\u0131r. Salg\u0131na kar\u015f\u0131 e\u011fitim kurumlar\u0131nda al\u0131nan \u00f6nlemlerin yetersizli\u011fi a\u00e7\u0131kt\u0131r. Salg\u0131ndan etkilenen e\u011fitim kurumlar\u0131n\u0131n isimlerinin yay\u0131nlanmas\u0131 ile E\u011fitim Sen kamuoyunda fark\u0131ndal\u0131k olu\u015fturmakta, toplumsal duyarl\u0131l\u0131\u011f\u0131 art\u0131rmaktad\u0131r. Bu \u015fekilde sendikam\u0131z \u00f6nlem al\u0131nmas\u0131 konusunda katk\u0131 sunmay\u0131 hedeflemektedir.<\/p>\n<p>-E\u011fitim Sen salg\u0131ndan etkilenen e\u011fitim kurumlar\u0131n\u0131n isimlerini yay\u0131nlayarak MEB ve Sa\u011fl\u0131k Bakanl\u0131\u011f\u0131 ile bu iki bakanl\u0131\u011f\u0131n il m\u00fcd\u00fcrl\u00fcklerini \u00f6nlem almas\u0131 gereken kurumlara i\u015faret etmekte, odaklan\u0131lmas\u0131 gereken alanlara i\u015faret etmektedir.\u201d<br \/>\n\u00a0<\/p>\n","protected":false},"excerpt":{"rendered":"<p>E\u011fitim-Sen, Kovid-19 g\u00f6r\u00fclen 172 okulu a\u00e7\u0131klad\u0131 E\u011fitim-Sen taraf\u0131ndan yap\u0131lan a\u00e7\u0131klamaya g\u00f6re, \u00fclke genelinde Kovid-19 g\u00f6r\u00fclen okul say\u0131s\u0131 172&#8217;ye \u00e7\u0131kt\u0131. 172 okul aras\u0131nda Mersin&#8217;den 4 okul yer al\u0131rken okullar\u0131n isimleri \u015f\u00f6yle; &hellip; <a href=\"https:\/\/akdenizolaygazetesi.com\/?p=8191\" class=\"more-link\">Devam\u0131n\u0131 Oku&#8230;<\/a><\/p>\n","protected":false},"author":1,"featured_media":0,"comment_status":"open","ping_status":"open","sticky":false,"template":"","format":"standard","meta":[],"categories":[],"tags":[],"_links":{"self":[{"href":"https:\/\/akdenizolaygazetesi.com\/index.php?rest_route=\/wp\/v2\/posts\/8191"}],"collection":[{"href":"https:\/\/akdenizolaygazetesi.com\/index.php?rest_route=\/wp\/v2\/posts"}],"about":[{"href":"https:\/\/akdenizolaygazetesi.com\/index.php?rest_route=\/wp\/v2\/types\/post"}],"author":[{"embeddable":true,"href":"https:\/\/akdenizolaygazetesi.com\/index.php?rest_route=\/wp\/v2\/users\/1"}],"replies":[{"embeddable":true,"href":"https:\/\/akdenizolaygazetesi.com\/index.php?rest_route=%2Fwp%2Fv2%2Fcomments&post=8191"}],"version-history":[{"count":0,"href":"https:\/\/akdenizolaygazetesi.com\/index.php?rest_route=\/wp\/v2\/posts\/8191\/revisions"}],"wp:attachment":[{"href":"https:\/\/akdenizolaygazetesi.com\/index.php?rest_route=%2Fwp%2Fv2%2Fmedia&parent=8191"}],"wp:term":[{"taxonomy":"category","embeddable":true,"href":"https:\/\/akdenizolaygazetesi.com\/index.php?rest_route=%2Fwp%2Fv2%2Fcategories&post=8191"},{"taxonomy":"post_tag","embeddable":true,"href":"https:\/\/akdenizolaygazetesi.com\/index.php?rest_route=%2Fwp%2Fv2%2Ftags&post=8191"}],"curies":[{"name":"wp","href":"https:\/\/api.w.org\/{rel}","templated":true}]}}