{"id":8194,"date":"2020-11-04T18:28:39","date_gmt":"2020-11-04T15:28:39","guid":{"rendered":"http:\/\/mersinekonomipolitikagazetesi.com\/?p=8194"},"modified":"2020-11-04T18:28:39","modified_gmt":"2020-11-04T15:28:39","slug":"toroslarin-okculari-9-eylul-atisi-yapacak","status":"publish","type":"post","link":"https:\/\/akdenizolaygazetesi.com\/?p=8194","title":{"rendered":"TOROSLAR&#8217;IN OK\u00c7ULARI 9 EYL\u00dcL ATI\u015eI YAPACAK"},"content":{"rendered":"<p>MHP Genel Ba\u015fkan\u0131 Devlet Bah\u00e7eli&#8217;nin, Oniki Ada&#8217;n\u0131n stat\u00fcs\u00fcn\u00fcn tekrar de\u011ferlendirilmesi ile ilgili 9 Eyl\u00fcl 2020 \u00c7ar\u015famba g\u00fcn\u00fc saat 09.00&#8217;da \u0130zmir&#8217;de d\u00fczenleyece\u011fi &#8220;\u0130stiklal \u0130\u00e7in Kararl\u0131l\u0131k Y\u00fcr\u00fcy\u00fc\u015f\u00fc&#8221; etkinli\u011fine Toroslar Belediyesi de destek verecek.<br \/>\n\u00a0<br \/>\nToroslar Belediyesi Geleneksel Ok\u00e7uluk kursuna kat\u0131lan 9 ok\u00e7u, 9 Eyl\u00fcl&#8217;de saat 09.00&#8217;da Arslank\u00f6y Mahallesi&#8217;ndeki D\u00fcmbelek Bo\u011faz\u0131nda; 4 y\u00f6ne 12&#8217;\u015fer ok at\u0131\u015f\u0131 yapacak. Ok at\u0131\u015f\u0131; &#8220;\u0130stiklal \u0130\u00e7in Kararl\u0131l\u0131k Y\u00fcr\u00fcy\u00fc\u015f\u00fc&#8221; ile e\u015f zamanl\u0131 olarak ger\u00e7ekle\u015ftirilecek.<br \/>\n\u00a0<br \/>\nToroslar Belediye Ba\u015fkan\u0131 Ats\u0131z Af\u015f\u0131n Y\u0131lmaz, ata sporu olan ok\u00e7ulu\u011fun T\u00fcrk Milleti&#8217;nin milli de\u011ferlerinin bir ta\u015f\u0131y\u0131c\u0131s\u0131 oldu\u011funu belirterek, 9 Eyl\u00fcl&#8217;de saat 09.00&#8217;da 9 sporcuyla, MHP Genel Ba\u015fkan\u0131 Devlet Bah\u00e7eli&#8217;ye ve 9 Eyl\u00fcl&#8217;de d\u00fczenlenecek \u0130stiklal \u0130\u00e7in Kararl\u0131l\u0131k Y\u00fcr\u00fcy\u00fc\u015f\u00fc&#8217;ne ithafen &#8220;Ya Hak&#8221; nidalar\u0131yla ok at\u0131\u015f\u0131 yapacaklar\u0131n\u0131 s\u00f6yledi.<br \/>\n\u00a0<br \/>\nBa\u015fkan Y\u0131lmaz; &#8220;MHP Genel Ba\u015fkan\u0131m\u0131z, liderimiz Say\u0131n Devlet Bah\u00e7eli; &#8216;T\u00fcrkiye&#8217;nin Oniki Ada \u00fczerinde hakk\u0131, s\u00f6z\u00fc, an\u0131lar\u0131 ve \u00e7\u0131kmayacak izleri vard\u0131r. 1912 y\u0131l\u0131ndan bug\u00fcne kadar ge\u00e7en s\u00fcreyi ve ya\u015fananlar\u0131 dikkate ald\u0131\u011f\u0131m\u0131zda Oniki Ada \u00fczerindeki haklar\u0131m\u0131z\u0131 inkar ve ihmal etmek milli ruha tamam\u0131yla ayk\u0131r\u0131d\u0131r&#8217; vurgusu yapm\u0131\u015ft\u0131r. Genel Ba\u015fkan\u0131m\u0131z Say\u0131n Devlet Bah\u00e7eli&#8217;nin Oniki Ada&#8217;n\u0131n stat\u00fcs\u00fcn\u00fcn tekrar de\u011ferlendirilmesi ile ilgili 9 Eyl\u00fcl \u00c7ar\u015famba g\u00fcn\u00fc saat 09.00&#8217;da \u0130zmir&#8217;de d\u00fczenleyece\u011fi &#8220;\u0130stiklal \u0130\u00e7in Kararl\u0131l\u0131k Y\u00fcr\u00fcy\u00fc\u015f\u00fc&#8221; etkinli\u011fine biz de, 9 Eyl\u00fcl g\u00fcn\u00fc saat 09.00&#8217;da Arslank\u00f6y Mahallemizde 9 sporcumuzla 4 y\u00f6ne 12&#8217;\u015fer ok at\u0131\u015f\u0131 yaparak destek verece\u011fiz&#8221; diye konu\u015ftu. \u00a0<\/p>\n","protected":false},"excerpt":{"rendered":"<p>MHP Genel Ba\u015fkan\u0131 Devlet Bah\u00e7eli&#8217;nin, Oniki Ada&#8217;n\u0131n stat\u00fcs\u00fcn\u00fcn tekrar de\u011ferlendirilmesi ile ilgili 9 Eyl\u00fcl 2020 \u00c7ar\u015famba g\u00fcn\u00fc saat 09.00&#8217;da \u0130zmir&#8217;de d\u00fczenleyece\u011fi &#8220;\u0130stiklal \u0130\u00e7in Kararl\u0131l\u0131k Y\u00fcr\u00fcy\u00fc\u015f\u00fc&#8221; etkinli\u011fine Toroslar Belediyesi de destek &hellip; <a href=\"https:\/\/akdenizolaygazetesi.com\/?p=8194\" class=\"more-link\">Devam\u0131n\u0131 Oku&#8230;<\/a><\/p>\n","protected":false},"author":1,"featured_media":0,"comment_status":"open","ping_status":"open","sticky":false,"template":"","format":"standard","meta":[],"categories":[],"tags":[],"_links":{"self":[{"href":"https:\/\/akdenizolaygazetesi.com\/index.php?rest_route=\/wp\/v2\/posts\/8194"}],"collection":[{"href":"https:\/\/akdenizolaygazetesi.com\/index.php?rest_route=\/wp\/v2\/posts"}],"about":[{"href":"https:\/\/akdenizolaygazetesi.com\/index.php?rest_route=\/wp\/v2\/types\/post"}],"author":[{"embeddable":true,"href":"https:\/\/akdenizolaygazetesi.com\/index.php?rest_route=\/wp\/v2\/users\/1"}],"replies":[{"embeddable":true,"href":"https:\/\/akdenizolaygazetesi.com\/index.php?rest_route=%2Fwp%2Fv2%2Fcomments&post=8194"}],"version-history":[{"count":0,"href":"https:\/\/akdenizolaygazetesi.com\/index.php?rest_route=\/wp\/v2\/posts\/8194\/revisions"}],"wp:attachment":[{"href":"https:\/\/akdenizolaygazetesi.com\/index.php?rest_route=%2Fwp%2Fv2%2Fmedia&parent=8194"}],"wp:term":[{"taxonomy":"category","embeddable":true,"href":"https:\/\/akdenizolaygazetesi.com\/index.php?rest_route=%2Fwp%2Fv2%2Fcategories&post=8194"},{"taxonomy":"post_tag","embeddable":true,"href":"https:\/\/akdenizolaygazetesi.com\/index.php?rest_route=%2Fwp%2Fv2%2Ftags&post=8194"}],"curies":[{"name":"wp","href":"https:\/\/api.w.org\/{rel}","templated":true}]}}