{"id":8200,"date":"2020-11-04T18:28:39","date_gmt":"2020-11-04T15:28:39","guid":{"rendered":"http:\/\/mersinekonomipolitikagazetesi.com\/?p=8200"},"modified":"2020-11-04T18:28:39","modified_gmt":"2020-11-04T15:28:39","slug":"belediyede-esit-ise-esit-ucret-donemini-baslattik","status":"publish","type":"post","link":"https:\/\/akdenizolaygazetesi.com\/?p=8200","title":{"rendered":"&#8220;BELED\u0130YEDE E\u015e\u0130T \u0130\u015eE E\u015e\u0130T \u00dcCRET D\u00d6NEM\u0130N\u0130 BA\u015eLATTIK&#8221;"},"content":{"rendered":"<p>Mersin B\u00fcy\u00fck\u015fehir Belediye Ba\u015fkan\u0131 Vahap Se\u00e7er, daireler ve birimler aras\u0131ndaki \u00fccret farkl\u0131klar\u0131n\u0131 giderdiklerini, art\u0131k hangi dairede \u00e7al\u0131\u015f\u0131yor olursa olsun ba\u015fta m\u00fchendisler olmak \u00fczere t\u00fcm personelin e\u015fit i\u015fe e\u015fit \u00fccret ald\u0131\u011f\u0131n\u0131 belirterek,  \u201cE\u015fit i\u015fe e\u015fit \u00fccreti, biz huzursuzlu\u011fu de\u011fil huzuru, biz adaletsizli\u011fi de\u011fil adaleti tesis etmek i\u00e7in bu yorucu, me\u015fakkatli, riskli y\u00f6ntemi tercih ettik\u201d dedi.<\/p>\n<p>Mersin B\u00fcy\u00fck\u015fehir Belediye Ba\u015fkan\u0131 Vahap Se\u00e7er, Mersin B\u00fcy\u00fck\u015fehir Belediye Meclisi\u2019nin Eyl\u00fcl ay\u0131 ola\u011fan toplant\u0131s\u0131n\u0131n dilek ve temenniler b\u00f6l\u00fcm\u00fcnde meclis \u00fcyelerinin sorular\u0131n\u0131 yan\u0131tlad\u0131.<\/p>\n<p>Personel maa\u015flar\u0131yla ilgili bir soru \u00fczerine Ba\u015fkan Vahap Se\u00e7er \u015fu a\u00e7\u0131klamalarda bulundu:<\/p>\n<p>\u201c\u0130kisi de belediyeye ait olan \u0130mar A\u015e ve K\u00fclt\u00fcr A\u015e\u2019den biz hizmet al\u0131m\u0131 yap\u0131yoruz. Bir \u015fartnamesi var, teknik \u015fartnamesi var. Ge\u00e7ti\u011fimiz d\u00f6nemde yap\u0131lan teknik \u015fartname, uygulamalar farkl\u0131. Her daire kendine g\u00f6re \u015fartname haz\u0131rl\u0131yor, al\u0131m yap\u0131yor. Ben tar\u0131m dairesiyim, ziraat m\u00fchendisini \u015fu kadar maa\u015fla \u00e7al\u0131\u015ft\u0131r\u0131yorum. Diyelim ki park bah\u00e7eler de ziraat m\u00fchendisi \u00e7al\u0131\u015ft\u0131r\u0131yor, onlar\u0131n da \u015fartnamesinde farkl\u0131 bir \u00fccret var. \u015eimdi biz bunu seyyanen e\u015fit bir \u015fekle getirdik. Yani bir ziraat m\u00fchendisi park bah\u00e7elerde de olsa tar\u0131m dairesinde de olsa \u00fccret skalas\u0131 ayn\u0131. De\u011fi\u015fmiyor. Biz, e\u015fit i\u015fe e\u015fit \u00fccreti, biz huzursuzlu\u011fu de\u011fil huzuru, biz adaletsizli\u011fi de\u011fil adaleti tesis etmek i\u00e7in bu yorucu, me\u015fakkatli, riskli y\u00f6ntemi tercih ettik. \u00d6nceden m\u00fchendis i\u015fe al\u0131nm\u0131\u015f, 4 bin 210 TL maa\u015f\u0131 var. Daha d\u00fcn i\u015fe ba\u015flam\u0131\u015f, 4 bin 210 TL. 7 y\u0131ld\u0131r bu belediyeye hizmet veriyor, son derece de kaliteli bir m\u00fchendis, liyakatli bir m\u00fchendis. Yine al\u0131yor 4 bin 210 TL. Bir ba\u015fka dairede, 4 bin 995 TL maa\u015f al\u0131yor ayn\u0131 m\u00fchendis. Yeni giren, deneyimli ayn\u0131 al\u0131yor. Ayn\u0131 meslek erbab\u0131, belki ayn\u0131 performans\u0131 g\u00f6steriyor, farkl\u0131 dairelerde farkl\u0131 maa\u015f al\u0131yor. \u015eimdi bunlar\u0131 e\u015fitlemek mi adalet ya da yeni giren birine giri\u015f maa\u015f\u0131yla \u00fccret \u00f6demek, deneyimli bir m\u00fchendise, memnun oldu\u011fumuz bir m\u00fchendise farkl\u0131 maa\u015f \u00f6demek mi adalet?\u201d<\/p>\n<p>\u2018En d\u00fc\u015f\u00fck maa\u015f 3370 lira\u2019<\/p>\n<p>\u015eu anda belediyede en d\u00fc\u015f\u00fck \u00e7al\u0131\u015fan maa\u015f\u0131n\u0131n 3 bin 370 TL oldu\u011funu ifade eden Ba\u015fkan Se\u00e7er, \u00a0 45 saat olan haftal\u0131k \u00e7al\u0131\u015fma s\u00fcresinin 40 saate d\u00fc\u015f\u00fcr\u00fcld\u00fc\u011f\u00fcn\u00fc ifade eden Ba\u015fkan Se\u00e7er, \u201cBu konuda biz adalet sa\u011flamaya \u00e7al\u0131\u015f\u0131yoruz. Bizim insan kayna\u011f\u0131m\u0131zdaki kaliteyi art\u0131rmaya \u00e7al\u0131\u015f\u0131yoruz, verimi art\u0131rmaya \u00e7al\u0131\u015f\u0131yoruz. Performanslar\u0131n\u0131 art\u0131rmaya \u00e7al\u0131\u015f\u0131yoruz. \u0130nsanlar\u0131n kendilerini, \u00e7al\u0131\u015fanlar\u0131m\u0131z\u0131n kendilerini iyi hissetmelerini sa\u011flamaya \u00e7al\u0131\u015f\u0131yoruz. Hi\u00e7 saklayaca\u011f\u0131m\u0131z, gizleyece\u011fimiz bir konu yok\u201d dedi.<\/p>\n<p>\u00a0<\/p>\n<p>\u2018Otogar esnaf\u0131n\u0131n sorununu \u00e7\u00f6zmeye \u00e7al\u0131\u015f\u0131yoruz\u2019<\/p>\n<p>\u00a0<\/p>\n<p>Otogar esnaf\u0131n\u0131n bor\u00e7 ertelemesi talebiyle ilgili sorular \u00fczerine de Ba\u015fkan Se\u00e7er, \u201cBen yasad\u0131\u015f\u0131 bir \u015fey yapamam. Bir borcu erteleyemem, bir tahsilat\u0131 yapamam diyemem. Arkada\u015flar\u0131ma \u015funu s\u00f6yledim, yasalar\u0131n bana verdi\u011fi yetkiyi sonuna kadar kullanal\u0131m, otogardaki bu problemi \u00e7\u00f6zelim dedim. Yani bu insanlar\u0131n bor\u00e7lar\u0131n\u0131 bir \u015fekilde tasfiye edelim. Bir \u015fekilde indirim gerekiyorsa, taksit gerekiyorsa, yasalar bize. Avukatl\u0131k \u00fccreti de yasal bir \u00fccret de\u011fil mi? Ben onu keyfime g\u00f6re alm\u0131yorum. O konuda da \u00e7al\u0131\u015f\u0131yorlar. \u015eimdi meclise getirdik. Az \u00f6nce komisyona sevk ettik biz onu. \u0130\u015fte biz \u00e7\u00f6zme gayreti i\u00e7erisindeyiz bu sorunu onun i\u00e7in meclise getirdik. Meclis karar\u0131 alal\u0131m, komisyonda g\u00f6r\u00fc\u015f\u00fcn, hangi y\u00fck\u00fc alabiliyorsak meclis olarak, hangi sorumlulu\u011fu. O sorumlulu\u011fun s\u0131n\u0131rlar\u0131n\u0131 bana \u00e7izin, ben de o \u015fekilde idari olarak kararlar\u0131m\u0131 alay\u0131m. Benim de istedi\u011fim bu\u201d ifadelerini kulland\u0131.<\/p>\n<p>\u00a0<\/p>\n<p>\u2018Su konusunda eskiden yap\u0131lan yanl\u0131\u015f projeler bizi zora sokuyor\u2019<\/p>\n<p>\u00a0<\/p>\n<p>Mersin B\u00fcy\u00fck\u015fehir Belediye Ba\u015fkan\u0131 Vahap Se\u00e7er, Silifke\u2019deki at\u0131ksu ar\u0131tma tesisiyle ilgili soru \u00fczerine de, tesisin ekonomik \u00f6mr\u00fcn\u00fc doldurdu\u011funu, Ta\u015fucu\u2019ndan ar\u0131tmaya kadar 8.5 kilometrelik bir hat yapmaya ba\u015flad\u0131klar\u0131n\u0131, Silifke OSB\u2019ye de modern bir ar\u0131tma tesisi yap\u0131laca\u011f\u0131n\u0131 kaydetti.<\/p>\n<p>Se\u00e7er, \u00f6zellikle k\u0131rsal mahallelerde yaz aylar\u0131nda ya\u015fanan su kesintisi ile ilgili olarak da \u015funlar\u0131 s\u00f6yledi:<\/p>\n<p>\u201c\u00c7ok yo\u011fun bir su kullan\u0131m\u0131 var. Hava \u015fartlar\u0131, havalar \u0131s\u0131nmas\u0131 bu genel bir sorun. Bir de bizim b\u00f6lgesel sorunlar\u0131m\u0131z ve b\u00f6lgesel sorunlar\u0131n yan\u0131nda yap\u0131sal sorunlar\u0131m\u0131z var. Yani bir akut seyreden sorunlar var, kronik sorunlar var. B\u00fct\u00fcn bu sorunlar\u0131 biz \u00e7\u00f6zmek i\u00e7in \u00e7aba sarf ediyoruz. Yaylalardaki problemle ilgili \u00f6rne\u011fin G\u00f6zne, Ayvagedi\u011fi, Bekiralan\u0131, Karg\u0131cak, Silifkenin Mara, \u00c7aml\u0131yayla, F\u0131nd\u0131k b\u00fct\u00fcn b\u00f6lgeleri tarad\u0131k. \u00a0Projenin biri de ivedi olarak haz\u0131rland\u0131 \u00e7\u00fcnk\u00fc k\u0131\u015f \u015fartlar\u0131n\u0131 da d\u00fc\u015f\u00fcnerek bir an \u00f6nce ihale edip bitirmek istiyoruz. G\u00f6zne, Ayvagedi\u011fi o b\u00f6lgelerin sorunlar\u0131n\u0131 \u00e7\u00f6zmek istiyoruz. Tedbirler al\u0131n\u0131yor, daha \u00e7ok bunlar d\u00f6nemsel sorunlar. \u0130hmalden kaynakl\u0131 de\u011fil. \u00d6rne\u011fin \u015fu anda bir hafta su kesintisi deniyor b\u00f6yle bir \u015fey yok. \u0130lk g\u00fcnler b\u00f6yle bir g\u00fcn uzun saatleri alan bir kesinti oldu. Bizim Tarsus\u2019tan gelen ishale hatt\u0131 bizden \u00f6nceki s\u00fcre\u00e7lerde bir \u00f6nceki, daha \u00f6nceki d\u00f6nemlerde yanl\u0131\u015f projeler olmu\u015f. Oradan k\u0131l\u00e7\u0131klar at\u0131lm\u0131\u015f, OSB\u2019ye at\u0131lm\u0131\u015f, oradaki k\u00f6ylere at\u0131lm\u0131\u015f. Yani farkl\u0131 bir proje olmas\u0131 laz\u0131m ishale hatt\u0131ndan tek \u00e7\u0131k\u0131\u015f yap\u0131l\u0131p oradan tevziye edilmesi laz\u0131m. Yanl\u0131\u015f projeksiyonlar \u015fimdi bizi s\u0131k\u0131nt\u0131ya sokuyor. Onun daha projelerini alternatifli olarak arkada\u015flar\u0131m\u0131z haz\u0131rlad\u0131lar.\u201d<\/p>\n<p>\u00a0<\/p>\n","protected":false},"excerpt":{"rendered":"<p>Mersin B\u00fcy\u00fck\u015fehir Belediye Ba\u015fkan\u0131 Vahap Se\u00e7er, daireler ve birimler aras\u0131ndaki \u00fccret farkl\u0131klar\u0131n\u0131 giderdiklerini, art\u0131k hangi dairede \u00e7al\u0131\u015f\u0131yor olursa olsun ba\u015fta m\u00fchendisler olmak \u00fczere t\u00fcm personelin e\u015fit i\u015fe e\u015fit \u00fccret ald\u0131\u011f\u0131n\u0131 &hellip; <a href=\"https:\/\/akdenizolaygazetesi.com\/?p=8200\" class=\"more-link\">Devam\u0131n\u0131 Oku&#8230;<\/a><\/p>\n","protected":false},"author":1,"featured_media":0,"comment_status":"open","ping_status":"open","sticky":false,"template":"","format":"standard","meta":[],"categories":[],"tags":[],"_links":{"self":[{"href":"https:\/\/akdenizolaygazetesi.com\/index.php?rest_route=\/wp\/v2\/posts\/8200"}],"collection":[{"href":"https:\/\/akdenizolaygazetesi.com\/index.php?rest_route=\/wp\/v2\/posts"}],"about":[{"href":"https:\/\/akdenizolaygazetesi.com\/index.php?rest_route=\/wp\/v2\/types\/post"}],"author":[{"embeddable":true,"href":"https:\/\/akdenizolaygazetesi.com\/index.php?rest_route=\/wp\/v2\/users\/1"}],"replies":[{"embeddable":true,"href":"https:\/\/akdenizolaygazetesi.com\/index.php?rest_route=%2Fwp%2Fv2%2Fcomments&post=8200"}],"version-history":[{"count":0,"href":"https:\/\/akdenizolaygazetesi.com\/index.php?rest_route=\/wp\/v2\/posts\/8200\/revisions"}],"wp:attachment":[{"href":"https:\/\/akdenizolaygazetesi.com\/index.php?rest_route=%2Fwp%2Fv2%2Fmedia&parent=8200"}],"wp:term":[{"taxonomy":"category","embeddable":true,"href":"https:\/\/akdenizolaygazetesi.com\/index.php?rest_route=%2Fwp%2Fv2%2Fcategories&post=8200"},{"taxonomy":"post_tag","embeddable":true,"href":"https:\/\/akdenizolaygazetesi.com\/index.php?rest_route=%2Fwp%2Fv2%2Ftags&post=8200"}],"curies":[{"name":"wp","href":"https:\/\/api.w.org\/{rel}","templated":true}]}}