{"id":8203,"date":"2020-11-04T18:28:39","date_gmt":"2020-11-04T15:28:39","guid":{"rendered":"http:\/\/mersinekonomipolitikagazetesi.com\/?p=8203"},"modified":"2020-11-04T18:28:39","modified_gmt":"2020-11-04T15:28:39","slug":"gultak-tarihi-mersin-evlerini-yasatalim","status":"publish","type":"post","link":"https:\/\/akdenizolaygazetesi.com\/?p=8203","title":{"rendered":"G\u00fcltak: &#8220;Tarihi Mersin evlerini ya\u015fatal\u0131m&#8221;"},"content":{"rendered":"<p>Akdeniz Belediye Ba\u015fkan\u0131 Mustafa G\u00fcltak, Mersin\u2019in en eski e\u015fraflar\u0131ndan biri olan Atat Ailesince restore edilen tarihi Mersin evini ziyaret ederek incelemelerde bulundu, yenileme \u00e7al\u0131\u015fmalar\u0131yla ilgili bilgi ald\u0131.\u00a0<br \/>\nG\u00fcltak, Ba\u015fkan Yard\u0131mc\u0131s\u0131 U\u011fur S\u00f6zkesen ve Akdeniz Kent Konseyi Ba\u015fkan\u0131 Mustafa Erim ile birlikte, K\u00fclt\u00fcr Mahallesi&#8217;nde bulunan, 1930&#8217;lardan bu yana tarihi ve k\u00fclt\u00fcrel dokusunu korumay\u0131 ba\u015farm\u0131\u015f olan, ayr\u0131ca restorasyon \u00e7al\u0131\u015fmalar\u0131 da tamamlanan binay\u0131 ziyaret etti.\u00a0<br \/>\n\u201cMersin\u2019in tarihi ve k\u00fclt\u00fcr\u00fc bu evlerde ya\u015f\u0131yor\u201d\u00a0<br \/>\nMersin&#8217;de \u00e7arp\u0131k yap\u0131la\u015fma sonucu, her ge\u00e7en g\u00fcn say\u0131lar\u0131 azalan tarihi Mersin evlerine ki\u015fi veya kurumlar\u0131n sahip \u00e7\u0131kmas\u0131 gerekti\u011fini vurgulayan G\u00fcltak, &#8220;B\u00f6yle g\u00fczel bir tarihi Mersin evini gastronomi alan\u0131nda kentimize ve insanlar\u0131m\u0131za kazand\u0131rd\u0131klar\u0131 i\u00e7in Atat Ailesine \u00e7ok te\u015fekk\u00fcr ediyorum. Mersin&#8217;in tarihinin ya\u015fat\u0131ld\u0131\u011f\u0131 ve ge\u00e7mi\u015finin \u00f6n plana \u00e7\u0131kar\u0131ld\u0131\u011f\u0131 alan\u0131 \u00e7ok zevkli dizayn etmi\u015fler. \u00d6zellikle mutfak k\u0131sm\u0131nda gastronomi alan\u0131ndan mezun olan ki\u015filerle \u00e7al\u0131\u015farak, bir fark\u0131ndal\u0131k olu\u015fturmak istiyorlar. Biz de bu t\u00fcr \u00f6zel sekt\u00f6rleri te\u015fvik ediyoruz\u201d dedi.\u00a0<br \/>\n\u201cBaz\u0131 etkinliklerimizi burada yapaca\u011f\u0131z\u201d\u00a0<br \/>\n\u201cAkdeniz Belediyesi ve di\u011fer belediye ba\u015fkanlar\u0131 olarak, \u015fehri kucaklay\u0131p bu t\u00fcr yap\u0131lar\u0131 \u00f6n plana \u00e7\u0131karmam\u0131z laz\u0131m\u201d diyen G\u00fcltak, \u201cKentsel d\u00f6n\u00fc\u015f\u00fcm\u00fc ba\u015flat\u0131p buralar\u0131n nefes almas\u0131 i\u00e7in gerekli \u00e7al\u0131\u015fmalar\u0131n yap\u0131lmas\u0131 gerekiyor. \u00c7aml\u0131bel, Kiremithane, Cami \u015eerif&#8217;te \u00e7al\u0131\u015fmalar\u0131m\u0131za devam ediyoruz. Bu t\u00fcr tarihi evler \u00e7ok \u00f6nemli. Mersin&#8217;in tarihini ortaya koyuyor. B\u00f6yle bir ortamda yat\u0131r\u0131m yapt\u0131klar\u0131 i\u00e7in Atat Ailesine te\u015fekk\u00fcr ediyorum. Belediye olarak baz\u0131 etkinliklerimizi burada ger\u00e7ekle\u015ftirece\u011fiz. Sanatseverleri ve vatanda\u015flar\u0131m\u0131z\u0131 davet ediyorum. Mutlaka g\u00f6rmeleri gereken bir mekan\u201d ifadelerini kulland\u0131.<br \/>\n\u00a0<br \/>\n\u201cSadece bir restoran de\u011fil&#8221;<br \/>\n\u00a0<br \/>\nTarihi Mersin evini restore eden Fuad Atat ise &#8220;Mersin&#8217;e yeni bir soluk kazand\u0131rmak, \u015fehrimizin milli servetlerini ortaya \u00e7\u0131karmak istiyoruz. Sadece bir restoran olarak de\u011fil, insanlar\u0131n toplan\u0131p s\u00f6yle\u015fi yapabilece\u011fi, bir \u015feyler payla\u015fabilece\u011fi bir ortam haline getirmeye \u00e7al\u0131\u015ft\u0131k. Bu i\u015fi s\u00fcrd\u00fcr\u00fclebilir bir de\u011fer olu\u015fturarak devam ettirmek istiyoruz. \u0130n\u015fallah b\u00f6yle yat\u0131r\u0131m yapmak isteyen insanlara vesile oluruz. Bu sayede Mersin&#8217;in tarihi evlerini kurtarma imkan\u0131 sa\u011flam\u0131\u015f oluruz. Belediye Ba\u015fkan\u0131m\u0131z\u0131n bu y\u00f6ndeki \u00e7al\u0131\u015fmalar\u0131n\u0131 \u00e7ok takdir ediyor ve te\u015fekk\u00fcr ediyoruz. Beraber g\u00fczel yerlere varaca\u011f\u0131m\u0131z\u0131 \u00fcmit ediyorum&#8221; dedi. \u00a0<\/p>\n","protected":false},"excerpt":{"rendered":"<p>Akdeniz Belediye Ba\u015fkan\u0131 Mustafa G\u00fcltak, Mersin\u2019in en eski e\u015fraflar\u0131ndan biri olan Atat Ailesince restore edilen tarihi Mersin evini ziyaret ederek incelemelerde bulundu, yenileme \u00e7al\u0131\u015fmalar\u0131yla ilgili bilgi ald\u0131.\u00a0 G\u00fcltak, Ba\u015fkan Yard\u0131mc\u0131s\u0131 &hellip; <a href=\"https:\/\/akdenizolaygazetesi.com\/?p=8203\" class=\"more-link\">Devam\u0131n\u0131 Oku&#8230;<\/a><\/p>\n","protected":false},"author":1,"featured_media":0,"comment_status":"open","ping_status":"open","sticky":false,"template":"","format":"standard","meta":[],"categories":[],"tags":[],"_links":{"self":[{"href":"https:\/\/akdenizolaygazetesi.com\/index.php?rest_route=\/wp\/v2\/posts\/8203"}],"collection":[{"href":"https:\/\/akdenizolaygazetesi.com\/index.php?rest_route=\/wp\/v2\/posts"}],"about":[{"href":"https:\/\/akdenizolaygazetesi.com\/index.php?rest_route=\/wp\/v2\/types\/post"}],"author":[{"embeddable":true,"href":"https:\/\/akdenizolaygazetesi.com\/index.php?rest_route=\/wp\/v2\/users\/1"}],"replies":[{"embeddable":true,"href":"https:\/\/akdenizolaygazetesi.com\/index.php?rest_route=%2Fwp%2Fv2%2Fcomments&post=8203"}],"version-history":[{"count":0,"href":"https:\/\/akdenizolaygazetesi.com\/index.php?rest_route=\/wp\/v2\/posts\/8203\/revisions"}],"wp:attachment":[{"href":"https:\/\/akdenizolaygazetesi.com\/index.php?rest_route=%2Fwp%2Fv2%2Fmedia&parent=8203"}],"wp:term":[{"taxonomy":"category","embeddable":true,"href":"https:\/\/akdenizolaygazetesi.com\/index.php?rest_route=%2Fwp%2Fv2%2Fcategories&post=8203"},{"taxonomy":"post_tag","embeddable":true,"href":"https:\/\/akdenizolaygazetesi.com\/index.php?rest_route=%2Fwp%2Fv2%2Ftags&post=8203"}],"curies":[{"name":"wp","href":"https:\/\/api.w.org\/{rel}","templated":true}]}}