{"id":8209,"date":"2020-11-04T18:28:41","date_gmt":"2020-11-04T15:28:41","guid":{"rendered":"http:\/\/mersinekonomipolitikagazetesi.com\/?p=8209"},"modified":"2020-11-04T18:28:41","modified_gmt":"2020-11-04T15:28:41","slug":"asure-etkinliginde-zihinsel-yetersiz-cocuklar-unutulmadi","status":"publish","type":"post","link":"https:\/\/akdenizolaygazetesi.com\/?p=8209","title":{"rendered":"&#8220;A\u015fure Etkinli\u011fi&#8221;nde zihinsel yetersiz \u00e7ocuklar unutulmad\u0131"},"content":{"rendered":"<p><span style=\"line-height: 1.6em;\">\u00a0Mersin Alzheimer Derne\u011fi Tarsus Grubu &#8216;\u0130mece Mutfak&#8217; kapsam\u0131nda her y\u0131l geleneksel olarak d\u00fczenlendi\u011fi &#8216;A\u015fure Etkinli\u011fi&#8217;ni \u00dclker Ayd\u0131n Ya\u015fl\u0131 Dayan\u0131\u015fma ve Erin\u00e7 Evi&#8217;nde maske, mesafe ve hijyen kurallar\u0131na uyarak ger\u00e7ekle\u015ftirdi.\u00a0<\/span><\/p>\n<p>Mersin Alzheimer Derne\u011fi Tarsus Grubu S\u00f6zc\u00fcs\u00fc Serap Kerimo\u011flu, a\u015furenin dayan\u0131\u015fma ve payla\u015fman\u0131n \u00f6nemli bir par\u00e7as\u0131 oldu\u011funu s\u00f6yledi.\u00a0<br \/>\nKerimo\u011flu, \u201c\u0130nsanl\u0131k tarihinde \u00f6nemli bir yeri olan &#8216;A\u015fure G\u00fcn\u00fc&#8217;nde birlik, beraberlik, dayan\u0131\u015fma ve payla\u015fman\u0131n \u00f6nemine vurgu yapmak ad\u0131na bu etkinli\u011fi d\u00fczenledik. Pandemiden dolay\u0131 bu y\u0131l etkinli\u011fimizi d\u0131\u015far\u0131ya kapal\u0131 organize ettik. Hay\u0131rseverlerin ba\u011f\u0131\u015flad\u0131\u011f\u0131 \u00fcr\u00fcnleri bir araya getirerek g\u00f6revli arkada\u015flar\u0131m\u0131zla birlikte maske, mesafe ve hijyen kurallar\u0131na uyarak a\u015furemizi pi\u015firdik. A\u015furemizi Mersin Alzheimer Derne\u011fi Tarsus Grubu&#8217;nun \u00e7al\u0131\u015fmalar\u0131n\u0131 ve faaliyetlerini y\u00fcr\u00fctt\u00fc\u011f\u00fc \u00dclker Ayd\u0131n Ya\u015fl\u0131 Dayan\u0131\u015fma ve Erin\u00e7 Evi&#8217;nde b\u00fcy\u00fck bir titizlikle pi\u015firerek ayn\u0131 titizlikle T\u00fcrkiye Zihinsel Yetersiz \u00c7ocuklar\u0131 Yeti\u015ftirme ve Koruma Vakf\u0131 Tarsus \u015eubesi(Z\u0130\u00c7EV) -\u00d6zel Makbule \u00d6l\u00e7en \u00d6zel E\u011fitim ve Rehabilitasyon Merkezi&#8217;nde e\u011fitim g\u00f6ren zihinsel yetersiz \u00e7ocuklar\u0131m\u0131za e\u011fitim g\u00f6rd\u00fckleri merkezde ikram ettik. Etkinli\u011fimize destek veren hay\u0131rseverlere te\u015fekk\u00fcr ederiz. A\u015fure G\u00fcn\u00fc&#8217;n\u00fcn t\u00fcm d\u00fcnyaya sevgi, bar\u0131\u015f, huzur, mutluluk ve sa\u011fl\u0131k getirmesini temenni ederiz&#8221; dedi.\u00a0<br \/>\nT\u00fcrkiye Zihinsel Yetersiz \u00c7ocuklar\u0131 Yeti\u015ftirme ve Koruma Vakf\u0131 Tarsus \u015eubes-\u00d6zel Makbule \u00d6l\u00e7en \u00d6zel E\u011fitim ve Rehabilitasyon Merkezi&#8217; idarecileri ve e\u011fitmenleri Mersin Alzheimer Derne\u011fi Tarsus Grubu&#8217;na d\u00fczenledi\u011fi &#8216;A\u015fure Etkinli\u011fi&#8217;nde zihinsel yetersiz \u00e7ocuklar\u0131 unutmad\u0131klar\u0131 i\u00e7in te\u015fekk\u00fcr etti.\u00a0<br \/>\nEtkinlik, memnuniyet duygular\u0131 ile son buldu.\u00a0<\/p>\n","protected":false},"excerpt":{"rendered":"<p>\u00a0Mersin Alzheimer Derne\u011fi Tarsus Grubu &#8216;\u0130mece Mutfak&#8217; kapsam\u0131nda her y\u0131l geleneksel olarak d\u00fczenlendi\u011fi &#8216;A\u015fure Etkinli\u011fi&#8217;ni \u00dclker Ayd\u0131n Ya\u015fl\u0131 Dayan\u0131\u015fma ve Erin\u00e7 Evi&#8217;nde maske, mesafe ve hijyen kurallar\u0131na uyarak ger\u00e7ekle\u015ftirdi.\u00a0 Mersin &hellip; <a href=\"https:\/\/akdenizolaygazetesi.com\/?p=8209\" class=\"more-link\">Devam\u0131n\u0131 Oku&#8230;<\/a><\/p>\n","protected":false},"author":1,"featured_media":0,"comment_status":"open","ping_status":"open","sticky":false,"template":"","format":"standard","meta":[],"categories":[],"tags":[],"_links":{"self":[{"href":"https:\/\/akdenizolaygazetesi.com\/index.php?rest_route=\/wp\/v2\/posts\/8209"}],"collection":[{"href":"https:\/\/akdenizolaygazetesi.com\/index.php?rest_route=\/wp\/v2\/posts"}],"about":[{"href":"https:\/\/akdenizolaygazetesi.com\/index.php?rest_route=\/wp\/v2\/types\/post"}],"author":[{"embeddable":true,"href":"https:\/\/akdenizolaygazetesi.com\/index.php?rest_route=\/wp\/v2\/users\/1"}],"replies":[{"embeddable":true,"href":"https:\/\/akdenizolaygazetesi.com\/index.php?rest_route=%2Fwp%2Fv2%2Fcomments&post=8209"}],"version-history":[{"count":0,"href":"https:\/\/akdenizolaygazetesi.com\/index.php?rest_route=\/wp\/v2\/posts\/8209\/revisions"}],"wp:attachment":[{"href":"https:\/\/akdenizolaygazetesi.com\/index.php?rest_route=%2Fwp%2Fv2%2Fmedia&parent=8209"}],"wp:term":[{"taxonomy":"category","embeddable":true,"href":"https:\/\/akdenizolaygazetesi.com\/index.php?rest_route=%2Fwp%2Fv2%2Fcategories&post=8209"},{"taxonomy":"post_tag","embeddable":true,"href":"https:\/\/akdenizolaygazetesi.com\/index.php?rest_route=%2Fwp%2Fv2%2Ftags&post=8209"}],"curies":[{"name":"wp","href":"https:\/\/api.w.org\/{rel}","templated":true}]}}