{"id":8210,"date":"2020-11-04T18:28:41","date_gmt":"2020-11-04T15:28:41","guid":{"rendered":"http:\/\/mersinekonomipolitikagazetesi.com\/?p=8210"},"modified":"2020-11-04T18:28:41","modified_gmt":"2020-11-04T15:28:41","slug":"mersin-sahil-seridindeki-kafeler-yenileniyor","status":"publish","type":"post","link":"https:\/\/akdenizolaygazetesi.com\/?p=8210","title":{"rendered":"Mersin sahil \u015feridindeki kafeler yenileniyor"},"content":{"rendered":"<p><span style=\"line-height: 1.6em;\">\u00a0Mersin B\u00fcy\u00fck\u015fehir Belediyesince eskidi\u011fi ve art\u0131k hizmet veremez hale geldi\u011fi i\u00e7in yenileme \u00e7al\u0131\u015fmas\u0131 ger\u00e7ekle\u015ftirilen sahil \u015feridindeki Orkide Kafe, yeni konsepti ile hizmet verece\u011fi bildirildi.\u00a0<\/span><\/p>\n<p>B\u00fcy\u00fck\u015fehir Belediyesinden yap\u0131lan a\u00e7\u0131klamaya g\u00f6re, Adnan Menderes Bulvar\u0131 sahil yolunda ger\u00e7ekle\u015ftirilen yenileme ve yap\u0131m \u00e7al\u0131\u015fmalar\u0131 meyvelerini vermeye ba\u015flad\u0131. Bu kapsamda bir s\u00fcredir tadilat nedeniyle kapal\u0131 olan Orkide Kafe, yeni y\u00fcz\u00fcyle hizmet vermeye haz\u0131rlan\u0131yor. \u0130\u00e7 mekan\u0131n do\u011fru ve i\u015flevsel kullan\u0131lamamas\u0131ndan ya\u015fanan sorunlar nedeniyle art\u0131k sa\u011fl\u0131kl\u0131 bir \u015fekilde hizmet veremez hale gelen Orkide Kafe, yenilenen y\u00fcz\u00fc ve konsept de\u011fi\u015fimi ile daha kullan\u0131\u015fl\u0131, daha konforlu hale gelecek.\u00a0<br \/>\nLezzet ve e\u011flence bir arada\u00a0<br \/>\nOrkide Kafe\u2019de, d\u0131\u015f konstr\u00fcksiyonlar onar\u0131lacak, mevcut \u00e7at\u0131 de\u011fi\u015ftirilecek, zemin kotu yeniden ayarlan\u0131p zemin de\u011fi\u015fimi yap\u0131lacak, mekan\u0131n i\u00e7 k\u0131sm\u0131ndaki mevcut \u00e7at\u0131 ah\u015faplar\u0131 boyanarak yeniden de\u011ferlendirilecek, tuvalet malzemeleri de\u011fi\u015ftirilecek ve iki ayr\u0131 mekana uygun mobilya ve tefri\u015f \u00e7al\u0131\u015f\u0131lmas\u0131 ger\u00e7ekle\u015ftirilecek. Orkide Kafe, yenileme \u00e7al\u0131\u015fmalar\u0131n\u0131n ard\u0131ndan hem g\u00fcnd\u00fcz hem ak\u015fam halka kaliteli ve uygun fiyatl\u0131 hizmet veren, park\u0131n konumundan dolay\u0131 \u00f6zellikle \u00e7ocuklu ailelerin keyifli vakit ge\u00e7irebilecekleri, ayn\u0131 zamanda gen\u00e7lerin ve ya\u015fl\u0131lar\u0131n da yeme i\u00e7me ihtiya\u00e7lar\u0131n\u0131 kar\u015f\u0131layabilecekleri bir mekan olacak. G\u00fcnd\u00fczleri kahvalt\u0131 servisi de veren bir mekan olmas\u0131 planlanan Orkide Kafe\u2019de, oyun alan\u0131nda \u00e7ocuklar\u0131 ile e\u011flenen aileler, kafe b\u00f6l\u00fcm\u00fcnde yeme-i\u00e7me ihtiya\u00e7lar\u0131n\u0131 kar\u015f\u0131layabilecek.\u00a0<br \/>\nEk olarak oyun alan\u0131 da dahil edilen kafenin, oyun makinalar\u0131n\u0131n da oldu\u011fu bir e\u011flence merkezi olarak hizmet vermesi planlan\u0131yor.\u00a0<\/p>\n","protected":false},"excerpt":{"rendered":"<p>\u00a0Mersin B\u00fcy\u00fck\u015fehir Belediyesince eskidi\u011fi ve art\u0131k hizmet veremez hale geldi\u011fi i\u00e7in yenileme \u00e7al\u0131\u015fmas\u0131 ger\u00e7ekle\u015ftirilen sahil \u015feridindeki Orkide Kafe, yeni konsepti ile hizmet verece\u011fi bildirildi.\u00a0 B\u00fcy\u00fck\u015fehir Belediyesinden yap\u0131lan a\u00e7\u0131klamaya g\u00f6re, Adnan &hellip; <a href=\"https:\/\/akdenizolaygazetesi.com\/?p=8210\" class=\"more-link\">Devam\u0131n\u0131 Oku&#8230;<\/a><\/p>\n","protected":false},"author":1,"featured_media":0,"comment_status":"open","ping_status":"open","sticky":false,"template":"","format":"standard","meta":[],"categories":[],"tags":[],"_links":{"self":[{"href":"https:\/\/akdenizolaygazetesi.com\/index.php?rest_route=\/wp\/v2\/posts\/8210"}],"collection":[{"href":"https:\/\/akdenizolaygazetesi.com\/index.php?rest_route=\/wp\/v2\/posts"}],"about":[{"href":"https:\/\/akdenizolaygazetesi.com\/index.php?rest_route=\/wp\/v2\/types\/post"}],"author":[{"embeddable":true,"href":"https:\/\/akdenizolaygazetesi.com\/index.php?rest_route=\/wp\/v2\/users\/1"}],"replies":[{"embeddable":true,"href":"https:\/\/akdenizolaygazetesi.com\/index.php?rest_route=%2Fwp%2Fv2%2Fcomments&post=8210"}],"version-history":[{"count":0,"href":"https:\/\/akdenizolaygazetesi.com\/index.php?rest_route=\/wp\/v2\/posts\/8210\/revisions"}],"wp:attachment":[{"href":"https:\/\/akdenizolaygazetesi.com\/index.php?rest_route=%2Fwp%2Fv2%2Fmedia&parent=8210"}],"wp:term":[{"taxonomy":"category","embeddable":true,"href":"https:\/\/akdenizolaygazetesi.com\/index.php?rest_route=%2Fwp%2Fv2%2Fcategories&post=8210"},{"taxonomy":"post_tag","embeddable":true,"href":"https:\/\/akdenizolaygazetesi.com\/index.php?rest_route=%2Fwp%2Fv2%2Ftags&post=8210"}],"curies":[{"name":"wp","href":"https:\/\/api.w.org\/{rel}","templated":true}]}}