{"id":8211,"date":"2020-11-04T18:28:41","date_gmt":"2020-11-04T15:28:41","guid":{"rendered":"http:\/\/mersinekonomipolitikagazetesi.com\/?p=8211"},"modified":"2020-11-04T18:28:41","modified_gmt":"2020-11-04T15:28:41","slug":"tarsus-idman-yurdu-kadrosunu-7-oyuncuyla-guclendirdi","status":"publish","type":"post","link":"https:\/\/akdenizolaygazetesi.com\/?p=8211","title":{"rendered":"Tarsus \u0130dman Yurdu kadrosunu 7 oyuncuyla g\u00fc\u00e7lendirdi"},"content":{"rendered":"<p><span style=\"line-height: 1.6em;\">\u00a0TFF 2. Lig K\u0131rm\u0131z\u0131 Grup ekibi Tarsus \u0130dman Yurdu, d\u0131\u015f transferde 7 oyuncuyu kadrosuna katt\u0131.\u00a0<\/span><\/p>\n<p>Bas\u0131n S\u00f6zc\u00fcs\u00fc Hakan Canan Can, 14 i\u00e7 transferle tak\u0131m\u0131m iskeletini koruduklar\u0131n\u0131 belirterek, Teknik Direkt\u00f6r Erg\u00fcn Penbe&#8217;nin iste\u011fi do\u011frultusunda tak\u0131m\u0131n eksik mevkilerine 7 oyuncuyla anla\u015farak kadroya dahil ettiklerini kaydetti.\u00a0<br \/>\n7 oyuncunun transferinde hata yapmamak ad\u0131na ince eleyip s\u0131k dokuyarak ger\u00e7ekle\u015ftirdiklerini belirten Can yap\u0131lan transferlerle ilgili olarak \u015funlar\u0131 s\u00f6yledi:\u00a0<br \/>\n\u201cYeni sezona say\u0131l\u0131 g\u00fcnler kald\u0131. Tak\u0131m\u0131m\u0131z K\u0131z\u0131lcahamam&#8217;da sezon haz\u0131rl\u0131klar\u0131 s\u00fcrd\u00fcr\u00fclmektedir. Transfer komitemiz i\u00e7 transferde 14 oyuncumuzla yeniden anla\u015farak iskelet kadromuzu koruduk. D\u0131\u015f transferde ise 7 oyuncuyla kadromuzun g\u00fcc\u00fcne g\u00fc\u00e7 katt\u0131k. Bu oyuncular\u0131m\u0131z Sar\u0131yer&#8217;den \u015eahin \u015eafako\u011flu, \u00c7orumspor&#8217;dan Burak Serez, K\u0131r\u015fehir Belediyespor&#8217;dan Atilla Y\u0131ld\u0131r\u0131m, Ey\u00fcpspor&#8217;dan Alper Ademo\u011flu, Galatasaray&#8217;dan Abdussamet Karnucu, Hekimo\u011flu Trabzonspor&#8217;dan Mertcan \u00c7am, Ankarag\u00fcc\u00fc&#8217;nden Suat Kaya ile anla\u015farak kadromuza dahil ettik. Mevcut kadromuzu ise 24&#8217;e \u00e7\u0131kartt\u0131k. D\u0131\u015f transfer \u00e7al\u0131\u015fmalar\u0131m\u0131z s\u00fcrmektedir. Yap\u0131lan i\u00e7 ve d\u0131\u015f transferde maddi ve manevi desteklerini esirgemeyen Tarsus Belediye Ba\u015fkan\u0131m\u0131z Dr. Haluk Bozdo\u011fan&#8217;a y\u00f6netim kurulu ad\u0131na te\u015fekk\u00fcr ediyoruz.&#8221;\u00a0<\/p>\n","protected":false},"excerpt":{"rendered":"<p>\u00a0TFF 2. Lig K\u0131rm\u0131z\u0131 Grup ekibi Tarsus \u0130dman Yurdu, d\u0131\u015f transferde 7 oyuncuyu kadrosuna katt\u0131.\u00a0 Bas\u0131n S\u00f6zc\u00fcs\u00fc Hakan Canan Can, 14 i\u00e7 transferle tak\u0131m\u0131m iskeletini koruduklar\u0131n\u0131 belirterek, Teknik Direkt\u00f6r Erg\u00fcn &hellip; <a href=\"https:\/\/akdenizolaygazetesi.com\/?p=8211\" class=\"more-link\">Devam\u0131n\u0131 Oku&#8230;<\/a><\/p>\n","protected":false},"author":1,"featured_media":0,"comment_status":"open","ping_status":"open","sticky":false,"template":"","format":"standard","meta":[],"categories":[],"tags":[],"_links":{"self":[{"href":"https:\/\/akdenizolaygazetesi.com\/index.php?rest_route=\/wp\/v2\/posts\/8211"}],"collection":[{"href":"https:\/\/akdenizolaygazetesi.com\/index.php?rest_route=\/wp\/v2\/posts"}],"about":[{"href":"https:\/\/akdenizolaygazetesi.com\/index.php?rest_route=\/wp\/v2\/types\/post"}],"author":[{"embeddable":true,"href":"https:\/\/akdenizolaygazetesi.com\/index.php?rest_route=\/wp\/v2\/users\/1"}],"replies":[{"embeddable":true,"href":"https:\/\/akdenizolaygazetesi.com\/index.php?rest_route=%2Fwp%2Fv2%2Fcomments&post=8211"}],"version-history":[{"count":0,"href":"https:\/\/akdenizolaygazetesi.com\/index.php?rest_route=\/wp\/v2\/posts\/8211\/revisions"}],"wp:attachment":[{"href":"https:\/\/akdenizolaygazetesi.com\/index.php?rest_route=%2Fwp%2Fv2%2Fmedia&parent=8211"}],"wp:term":[{"taxonomy":"category","embeddable":true,"href":"https:\/\/akdenizolaygazetesi.com\/index.php?rest_route=%2Fwp%2Fv2%2Fcategories&post=8211"},{"taxonomy":"post_tag","embeddable":true,"href":"https:\/\/akdenizolaygazetesi.com\/index.php?rest_route=%2Fwp%2Fv2%2Ftags&post=8211"}],"curies":[{"name":"wp","href":"https:\/\/api.w.org\/{rel}","templated":true}]}}