{"id":8212,"date":"2020-11-04T18:28:41","date_gmt":"2020-11-04T15:28:41","guid":{"rendered":"http:\/\/mersinekonomipolitikagazetesi.com\/?p=8212"},"modified":"2020-11-04T18:28:41","modified_gmt":"2020-11-04T15:28:41","slug":"tarsusta-esnafa-63-milyon-tl-kredi","status":"publish","type":"post","link":"https:\/\/akdenizolaygazetesi.com\/?p=8212","title":{"rendered":"Tarsus&#8217;ta esnafa 63 milyon TL kredi"},"content":{"rendered":"<p><span style=\"line-height: 1.6em;\">Mersin\u2019in Tarsus il\u00e7esinde faaliyet g\u00f6steren Yeni Esnaf Kefalet Kooperatifi Ba\u015fkan\u0131 Bekta\u015f Aslan, esnafa 63 milyon TL kredi verdiklerini s\u00f6yledi.\u00a0<\/span><\/p>\n<p>Ba\u015fkan Aslan, pandemi d\u00f6neminde plasmanda veya esnafa kredi verilmesi konusunda s\u0131k\u0131nt\u0131 ya\u015fanmad\u0131\u011f\u0131n\u0131 belirterek, \u201cBu d\u00f6nemde kooperatifimize gelen ve \u015fartlar\u0131 uyan t\u00fcm esnafa talepleri olan krediler verildi. Bu y\u0131l 9 Eyl\u00fcl 2020 tarihine kadar toplam 983 ki\u015fiye 63 milyon TL tutar\u0131nda kredi da\u011f\u0131tt\u0131k. Ayr\u0131ca d\u00fcne kadar 82.500,00 TL olan plasman\u0131 115.000,00 TL\u2019ye \u00e7\u0131kard\u0131k\u201d dedi.\u00a0<br \/>\nTarsus Yeni Esnaf Kefalet Kooperatifini, \u00fclke genelinde 1. s\u0131n\u0131f Kooperatif d\u00fczeyine \u00e7\u0131kartt\u0131klar\u0131n\u0131 da belirten Ba\u015fkan Aslan, \u201cB\u00f6lgemizde bulunan 53 kooperatif aras\u0131nda 5. s\u0131raday\u0131z. T\u00fcrkiye genelinde ise bin kooperatif aras\u0131nda 54. s\u0131raya y\u00fckseldik. Elde etti\u011fimiz bu ba\u015far\u0131 ortaklar\u0131m\u0131z ba\u015fta olmak \u00fczere y\u00f6netim ve denetim kurulumuz, personelimiz ve banka personeli ile yetkililerinin ba\u015far\u0131s\u0131d\u0131r. Bizler g\u00fc\u00e7l\u00fc ve tecr\u00fcbeli ekibimizle hizmet yap\u0131yoruz. Allah, \u00fcyelerimizden ve ortaklar\u0131m\u0131zdan da raz\u0131 olsun. Biz ortaklar\u0131m\u0131z\u0131n iyi g\u00fcnde k\u00f6t\u00fc g\u00fcnde hep yan\u0131nday\u0131z. H\u00fck\u00fcmetin a\u00e7\u0131klad\u0131\u011f\u0131 kurallar \u00e7er\u00e7evesinde kredi veriyoruz. G\u00f6n\u00fcl ister ki kredilerden al\u0131nan faiz daha da d\u00fc\u015f\u00fck olsun. Bizler iyi i\u015fler yapabiliyorsak, esnaf\u0131m\u0131z\u0131n s\u0131k\u0131nt\u0131s\u0131n\u0131 giderebiliyorsak, bundan mutluluk duylar\u0131z\u201d diye konu\u015ftu.\u00a0<\/p>\n","protected":false},"excerpt":{"rendered":"<p>Mersin\u2019in Tarsus il\u00e7esinde faaliyet g\u00f6steren Yeni Esnaf Kefalet Kooperatifi Ba\u015fkan\u0131 Bekta\u015f Aslan, esnafa 63 milyon TL kredi verdiklerini s\u00f6yledi.\u00a0 Ba\u015fkan Aslan, pandemi d\u00f6neminde plasmanda veya esnafa kredi verilmesi konusunda s\u0131k\u0131nt\u0131 &hellip; <a href=\"https:\/\/akdenizolaygazetesi.com\/?p=8212\" class=\"more-link\">Devam\u0131n\u0131 Oku&#8230;<\/a><\/p>\n","protected":false},"author":1,"featured_media":0,"comment_status":"open","ping_status":"open","sticky":false,"template":"","format":"standard","meta":[],"categories":[],"tags":[],"_links":{"self":[{"href":"https:\/\/akdenizolaygazetesi.com\/index.php?rest_route=\/wp\/v2\/posts\/8212"}],"collection":[{"href":"https:\/\/akdenizolaygazetesi.com\/index.php?rest_route=\/wp\/v2\/posts"}],"about":[{"href":"https:\/\/akdenizolaygazetesi.com\/index.php?rest_route=\/wp\/v2\/types\/post"}],"author":[{"embeddable":true,"href":"https:\/\/akdenizolaygazetesi.com\/index.php?rest_route=\/wp\/v2\/users\/1"}],"replies":[{"embeddable":true,"href":"https:\/\/akdenizolaygazetesi.com\/index.php?rest_route=%2Fwp%2Fv2%2Fcomments&post=8212"}],"version-history":[{"count":0,"href":"https:\/\/akdenizolaygazetesi.com\/index.php?rest_route=\/wp\/v2\/posts\/8212\/revisions"}],"wp:attachment":[{"href":"https:\/\/akdenizolaygazetesi.com\/index.php?rest_route=%2Fwp%2Fv2%2Fmedia&parent=8212"}],"wp:term":[{"taxonomy":"category","embeddable":true,"href":"https:\/\/akdenizolaygazetesi.com\/index.php?rest_route=%2Fwp%2Fv2%2Fcategories&post=8212"},{"taxonomy":"post_tag","embeddable":true,"href":"https:\/\/akdenizolaygazetesi.com\/index.php?rest_route=%2Fwp%2Fv2%2Ftags&post=8212"}],"curies":[{"name":"wp","href":"https:\/\/api.w.org\/{rel}","templated":true}]}}