{"id":8213,"date":"2020-11-04T18:28:41","date_gmt":"2020-11-04T15:28:41","guid":{"rendered":"http:\/\/mersinekonomipolitikagazetesi.com\/?p=8213"},"modified":"2020-11-04T18:28:41","modified_gmt":"2020-11-04T15:28:41","slug":"gultak-akdenizi-degistirip-donusturen-hizmet-ve-projelere-imza-atiyoruz","status":"publish","type":"post","link":"https:\/\/akdenizolaygazetesi.com\/?p=8213","title":{"rendered":"G\u00fcltak: &#8220;Akdeniz\u2019i de\u011fi\u015ftirip d\u00f6n\u00fc\u015ft\u00fcren hizmet ve projelere imza at\u0131yoruz\u201d"},"content":{"rendered":"<p><span style=\"line-height: 1.6em;\">Akdeniz Belediye Ba\u015fkan\u0131 Mustafa G\u00fcltak, kentin kalbi konumundaki Akdeniz il\u00e7esini de\u011fi\u015ftirip d\u00f6n\u00fc\u015ft\u00fcren hizmet ve projelere imza att\u0131klar\u0131n\u0131 s\u00f6yledi.\u00a0<\/span><\/p>\n<p>G\u00fcltak, Zab\u0131ta Haftas\u0131 dolay\u0131s\u0131yla, Akdeniz Belediyesi Zab\u0131ta M\u00fcd\u00fcrl\u00fc\u011f\u00fc personeliyle bira araya geldi. Toplant\u0131da konu\u015fan Zab\u0131ta M\u00fcd\u00fcr\u00fc Ufuk Sivasl\u0131o\u011flu, yeni d\u00f6nemde, vatanda\u015flara daha iyi, g\u00fc\u00e7l\u00fc ve zaman\u0131nda hizmet verebilmek amac\u0131yla personel ve ara\u00e7-gere\u00e7 anlam\u0131nda g\u00fc\u00e7lendiklerini s\u00f6yledi. Ba\u015fkan G\u00fcltak \u00f6nc\u00fcl\u00fc\u011f\u00fcnde, korona vir\u00fcs salg\u0131n\u0131yla m\u00fccadelede de \u00e7ok yo\u011fun m\u00fccadele ederek on binlerce insana hizmet verdiklerini belirten Sivasl\u0131o\u011flu, \u201c1826 y\u0131l\u0131nda temelleri at\u0131lan zab\u0131ta te\u015fkilat\u0131m\u0131z, 194 y\u0131ld\u0131r hizmetlerine aral\u0131ks\u0131z devam etmekte, insanlar\u0131m\u0131z\u0131n huzuru, sa\u011fl\u0131\u011f\u0131 ve esenli\u011fi i\u00e7in gece-g\u00fcnd\u00fcz \u00e7al\u0131\u015fmalar\u0131n\u0131 s\u00fcrd\u00fcrmektedir. Akdenizlilerin daha sa\u011fl\u0131kl\u0131, temiz ve huzurlu ortamda ya\u015fayabilmeleri i\u00e7in \u00e7al\u0131\u015f\u0131yoruz. Hem \u015fehrimize hem de \u00fclkemize \u00f6rnek bir zab\u0131ta te\u015fkilat\u0131 olma yolunda ilerliyoruz. Ba\u015fkan\u0131m\u0131za ve mesai arkada\u015flar\u0131ma \u00e7ok te\u015fekk\u00fcr ediyorum\u201d dedi.\u00a0<br \/>\n\u201cZab\u0131tam\u0131z\u0131n g\u00fcc\u00fcn\u00fc ve ekipman say\u0131s\u0131n\u0131 artt\u0131rd\u0131k\u201d\u00a0<br \/>\nKonu\u015fmas\u0131na Zab\u0131ta Haftas\u0131n\u0131n kurulu\u015f y\u0131ld\u00f6n\u00fcm\u00fcn\u00fc kutlayarak ba\u015flayan Akdeniz Belediye Ba\u015fkan\u0131 Mustafa G\u00fcltak ise g\u00f6reve geldiklerinde zab\u0131ta say\u0131s\u0131n\u0131n az, ekipman g\u00fcc\u00fcn\u00fcn de yetersiz oldu\u011funu anlatt\u0131. G\u00fcltak, \u201cTabi zab\u0131tam\u0131z \u00e7ok \u00e7al\u0131\u015f\u0131yordu ama g\u00fcnd\u00fcz n\u00fcfusu 700 bini bulan bir il\u00e7enin 39 zab\u0131ta memuru ne yaps\u0131n? Kay\u0131tl\u0131 esnaf\u0131m\u0131z\u0131n \u00e7o\u011fu da Akdeniz\u2019de faaliyet g\u00f6steriyor. Biz de takviye yapt\u0131k. Ger\u00e7ekten \u00e7ok iyi \u00e7al\u0131\u015f\u0131yorsunuz. Pandemi s\u00fcrecini en iyi y\u00f6neten belediyelerin ba\u015f\u0131nda geliyoruz. Bu nedenle hepinize \u00e7ok te\u015fekk\u00fcr ediyorum\u201d diye konu\u015ftu.\u00a0<br \/>\n\u201cAkdeniz\u2019i de\u011fi\u015ftirip d\u00f6n\u00fc\u015ft\u00fcren hizmet ve projelere imza at\u0131yoruz\u201d\u00a0<br \/>\nAkdeniz\u2019de hayata ge\u00e7en ve ge\u00e7ecek olan projeleri de anlatan G\u00fcltak, \u015f\u00f6yle konu\u015ftu; \u201cDevrald\u0131\u011f\u0131m\u0131z bor\u00e7 y\u00fck\u00fcne ra\u011fmen, g\u00f6reve gelir gelmez yo\u011fun bir \u00e7al\u0131\u015fma temposuna girdik, insanlar\u0131m\u0131za, esnaf\u0131m\u0131za g\u00fcven verdik. Eskiye nazaran daha fazla vergi toplamaya ba\u015flad\u0131k. Masraflar\u0131 k\u0131st\u0131k, para biriktirmeye ba\u015flad\u0131k. Tabi biraz da i\u015f yap\u0131yoruz. \u0130stiyoruz ki, Akdeniz art\u0131k olumsuz olaylarla an\u0131lmas\u0131n. Art\u0131k Akdeniz\u2019de bar\u0131\u015f var, sevgi ve muhabbet var. Bu durum devam edecek. Akdeniz iyiye gidiyor. \u00c7ok hizmetler getirdik. Spor Bakanl\u0131\u011f\u0131m\u0131zdan ald\u0131\u011f\u0131m\u0131z desteklerle Akdeniz\u2019i bir spor \u015fehri yap\u0131yoruz, ihaleye \u00e7\u0131k\u0131yoruz. 30 milyon TL bedelli tesisler yap\u0131yoruz. 140 d\u00f6n\u00fcml\u00fck Mersin Millet Bah\u00e7esini kentimize kazand\u0131r\u0131yoruz. \u00c7ay Mahallesi\u2019nde yerinde kentsel d\u00f6n\u00fc\u015f\u00fcm projesini ba\u015flatt\u0131k. 20 y\u0131ld\u0131r konu\u015fulurdu ama bize nasip oldu. \u015eimdi Bar\u0131\u015f ve Bah\u00e7e\u2019ye de ba\u015fl\u0131yoruz. Turgut Reis i\u00e7in \u00c7evre Bakanl\u0131\u011f\u0131m\u0131z \u00e7al\u0131\u015f\u0131yor. \u00c7aml\u0131bel\u2019de profesyonel bal\u0131k\u00e7\u0131lar\u0131, liman\u0131n\u0131 b\u00fcy\u00fctece\u011fimiz Karaduvar\u2019a ta\u015f\u0131yoruz. \u00c7aml\u0131bel\u2019de sadece marina kalacak. Dolay\u0131s\u0131yla Millet Bah\u00e7esi ile \u00c7aml\u0131bel\u2019i entegre etti\u011fimizde, \u00c7aml\u0131bel eski ruhunu yakalayacak. K\u0131\u015flay\u0131 da millet bah\u00e7esine entegre edip, i\u00e7ine bir k\u00fclt\u00fcr merkezi, bir de gen\u00e7lik merkezi yapaca\u011f\u0131z. Ayr\u0131ca bir ilke imza atarak, Mersin\u2019in ilk engelli gen\u00e7lik merkezini a\u00e7\u0131yoruz. T\u00fcm bunlar\u0131 halk\u0131m\u0131zdan ve sizlerden ald\u0131\u011f\u0131m\u0131z g\u00fc\u00e7le yerine getiriyoruz.\u201d\u00a0<\/p>\n","protected":false},"excerpt":{"rendered":"<p>Akdeniz Belediye Ba\u015fkan\u0131 Mustafa G\u00fcltak, kentin kalbi konumundaki Akdeniz il\u00e7esini de\u011fi\u015ftirip d\u00f6n\u00fc\u015ft\u00fcren hizmet ve projelere imza att\u0131klar\u0131n\u0131 s\u00f6yledi.\u00a0 G\u00fcltak, Zab\u0131ta Haftas\u0131 dolay\u0131s\u0131yla, Akdeniz Belediyesi Zab\u0131ta M\u00fcd\u00fcrl\u00fc\u011f\u00fc personeliyle bira araya geldi. &hellip; <a href=\"https:\/\/akdenizolaygazetesi.com\/?p=8213\" class=\"more-link\">Devam\u0131n\u0131 Oku&#8230;<\/a><\/p>\n","protected":false},"author":1,"featured_media":0,"comment_status":"open","ping_status":"open","sticky":false,"template":"","format":"standard","meta":[],"categories":[],"tags":[],"_links":{"self":[{"href":"https:\/\/akdenizolaygazetesi.com\/index.php?rest_route=\/wp\/v2\/posts\/8213"}],"collection":[{"href":"https:\/\/akdenizolaygazetesi.com\/index.php?rest_route=\/wp\/v2\/posts"}],"about":[{"href":"https:\/\/akdenizolaygazetesi.com\/index.php?rest_route=\/wp\/v2\/types\/post"}],"author":[{"embeddable":true,"href":"https:\/\/akdenizolaygazetesi.com\/index.php?rest_route=\/wp\/v2\/users\/1"}],"replies":[{"embeddable":true,"href":"https:\/\/akdenizolaygazetesi.com\/index.php?rest_route=%2Fwp%2Fv2%2Fcomments&post=8213"}],"version-history":[{"count":0,"href":"https:\/\/akdenizolaygazetesi.com\/index.php?rest_route=\/wp\/v2\/posts\/8213\/revisions"}],"wp:attachment":[{"href":"https:\/\/akdenizolaygazetesi.com\/index.php?rest_route=%2Fwp%2Fv2%2Fmedia&parent=8213"}],"wp:term":[{"taxonomy":"category","embeddable":true,"href":"https:\/\/akdenizolaygazetesi.com\/index.php?rest_route=%2Fwp%2Fv2%2Fcategories&post=8213"},{"taxonomy":"post_tag","embeddable":true,"href":"https:\/\/akdenizolaygazetesi.com\/index.php?rest_route=%2Fwp%2Fv2%2Ftags&post=8213"}],"curies":[{"name":"wp","href":"https:\/\/api.w.org\/{rel}","templated":true}]}}