{"id":8214,"date":"2020-11-04T18:28:41","date_gmt":"2020-11-04T15:28:41","guid":{"rendered":"http:\/\/mersinekonomipolitikagazetesi.com\/?p=8214"},"modified":"2020-11-04T18:28:41","modified_gmt":"2020-11-04T15:28:41","slug":"mersindeki-yabanci-uyruklu-esnafa-covid-19-uyarisi","status":"publish","type":"post","link":"https:\/\/akdenizolaygazetesi.com\/?p=8214","title":{"rendered":"Mersin&#8217;deki yabanc\u0131 uyruklu esnafa Covid-19 uyar\u0131s\u0131"},"content":{"rendered":"<p><span style=\"line-height: 1.6em;\">Mersin Emniyet M\u00fcd\u00fcrl\u00fc\u011f\u00fc ekiplerince, kentteki yabanc\u0131 uyruklu esnaflara y\u00f6nelik Covid-19&#8217;a kar\u015f\u0131 bilgilendirme yap\u0131l\u0131rken, salg\u0131na kar\u015f\u0131 uyar\u0131larda bulunuldu.\u00a0<\/span><\/p>\n<p>\u0130l Emniyet M\u00fcd\u00fcrl\u00fc\u011f\u00fcnden yap\u0131lan a\u00e7\u0131klamaya g\u00f6re, Toplum Destekli Polislik \u015eube M\u00fcd\u00fcrl\u00fc\u011f\u00fc ekipleri, kentte ya\u015fayan yabanc\u0131 uyruklu esnaflar\u0131 ziyaret ederek Covid-19&#8217;a kar\u015f\u0131 bilgilendirmede bulundu. Salg\u0131n\u0131na kar\u015f\u0131 al\u0131nmas\u0131 gereken tedbirler konusunda esnaf\u0131 bilgilendiren ekipler, sosyal mesafe, hijyen ve maske konusunda uyar\u0131larda bulundu.\u00a0<\/p>\n","protected":false},"excerpt":{"rendered":"<p>Mersin Emniyet M\u00fcd\u00fcrl\u00fc\u011f\u00fc ekiplerince, kentteki yabanc\u0131 uyruklu esnaflara y\u00f6nelik Covid-19&#8217;a kar\u015f\u0131 bilgilendirme yap\u0131l\u0131rken, salg\u0131na kar\u015f\u0131 uyar\u0131larda bulunuldu.\u00a0 \u0130l Emniyet M\u00fcd\u00fcrl\u00fc\u011f\u00fcnden yap\u0131lan a\u00e7\u0131klamaya g\u00f6re, Toplum Destekli Polislik \u015eube M\u00fcd\u00fcrl\u00fc\u011f\u00fc ekipleri, kentte &hellip; <a href=\"https:\/\/akdenizolaygazetesi.com\/?p=8214\" class=\"more-link\">Devam\u0131n\u0131 Oku&#8230;<\/a><\/p>\n","protected":false},"author":1,"featured_media":0,"comment_status":"open","ping_status":"open","sticky":false,"template":"","format":"standard","meta":[],"categories":[],"tags":[],"_links":{"self":[{"href":"https:\/\/akdenizolaygazetesi.com\/index.php?rest_route=\/wp\/v2\/posts\/8214"}],"collection":[{"href":"https:\/\/akdenizolaygazetesi.com\/index.php?rest_route=\/wp\/v2\/posts"}],"about":[{"href":"https:\/\/akdenizolaygazetesi.com\/index.php?rest_route=\/wp\/v2\/types\/post"}],"author":[{"embeddable":true,"href":"https:\/\/akdenizolaygazetesi.com\/index.php?rest_route=\/wp\/v2\/users\/1"}],"replies":[{"embeddable":true,"href":"https:\/\/akdenizolaygazetesi.com\/index.php?rest_route=%2Fwp%2Fv2%2Fcomments&post=8214"}],"version-history":[{"count":0,"href":"https:\/\/akdenizolaygazetesi.com\/index.php?rest_route=\/wp\/v2\/posts\/8214\/revisions"}],"wp:attachment":[{"href":"https:\/\/akdenizolaygazetesi.com\/index.php?rest_route=%2Fwp%2Fv2%2Fmedia&parent=8214"}],"wp:term":[{"taxonomy":"category","embeddable":true,"href":"https:\/\/akdenizolaygazetesi.com\/index.php?rest_route=%2Fwp%2Fv2%2Fcategories&post=8214"},{"taxonomy":"post_tag","embeddable":true,"href":"https:\/\/akdenizolaygazetesi.com\/index.php?rest_route=%2Fwp%2Fv2%2Ftags&post=8214"}],"curies":[{"name":"wp","href":"https:\/\/api.w.org\/{rel}","templated":true}]}}