{"id":8216,"date":"2020-11-04T18:28:41","date_gmt":"2020-11-04T15:28:41","guid":{"rendered":"http:\/\/mersinekonomipolitikagazetesi.com\/?p=8216"},"modified":"2020-11-04T18:28:41","modified_gmt":"2020-11-04T15:28:41","slug":"uc-kurala-riayet-edelim-hayatimizi-normal-olarak-surdurelim","status":"publish","type":"post","link":"https:\/\/akdenizolaygazetesi.com\/?p=8216","title":{"rendered":"&#8220;\u00dc\u00e7 kurala riayet edelim hayat\u0131m\u0131z\u0131 normal  olarak s\u00fcrd\u00fcrelim&#8221;"},"content":{"rendered":"<p>Vali Su, maskeyi takt\u0131 denetime \u00e7\u0131kt\u0131<\/p>\n<p>Mersin Valisi Ali \u0130hsan Su, \u0130\u00e7i\u015fleri Bakanl\u0131\u011f\u0131&#8217;n\u0131n 81 ile g\u00f6nderdi\u011fi korona vir\u00fcs genelgesi do\u011frultusunda, maskesini tak\u0131p denetime \u00e7\u0131kt\u0131. \u0130l protokol\u00fcyle birlikte esnaf\u0131 ziyaret edip, toplu ta\u015f\u0131ma ara\u00e7lar\u0131ndaki denetimlere kat\u0131lan Vali Su, vatanda\u015flar\u0131 maske, sosyal mesafe ve hijyen konusunda uyard\u0131.\u00a0<br \/>\nDenetimlerine Hastane Caddesi&#8217;nden ba\u015flayan Vali Su&#8217;ya, \u0130l Emniyet M\u00fcd\u00fcr\u00fc Mehmet \u015eahne, Jandarma Komutan\u0131 Albay Necip \u00c7ar\u0131kc\u0131o\u011flu ile Sahil G\u00fcvenlik Akdeniz B\u00f6lge Komutan\u0131 Albay O\u011fuz Bavbek de e\u015flik etti. Cadde \u00fczerindeki esnaf\u0131 ziyaret ederek hem bol kazan\u00e7lar dileyen hem de maske-mesafe ve hijyen konusunda uyaran Vali Su, her konuda oldu\u011fu gibi salg\u0131n konusunda da kurallara uyman\u0131n hayat kurtard\u0131\u011f\u0131n\u0131 s\u00f6yledi. Toplu ta\u015f\u0131ma ara\u00e7lar\u0131ndaki denetimlere de kat\u0131lan Vali Su, seyahat eden yolcular\u0131 maske ve mesafe konusunda uyararak, art\u0131k T\u00fcrkiye&#8217;nin tamam\u0131nda ev d\u0131\u015f\u0131nda maske kullan\u0131m\u0131n\u0131n zorunla hale geldi\u011fi hat\u0131rlatmas\u0131nda bulundu. Su, tedbirlere uyduklar\u0131 i\u00e7in vatanda\u015flara te\u015fekk\u00fcr etti.\u00a0<\/p>\n<p>Denetimlerin ard\u0131ndan gazetecilere a\u00e7\u0131klamalarda bulunan Vali Su, her platformda vurgulad\u0131\u011f\u0131 gibi Covid-19 ile m\u00fccadelede \u00fc\u00e7 ana unsurun bulundu\u011funu belirterek, bunlar\u0131n maske, mesafe ve hijyen oldu\u011funu s\u00f6yledi. Bug\u00fcn t\u00fcm T\u00fcrkiye&#8217;de oldu\u011fu gibi Mersin genelinde de ba\u015fta kendisi olmak \u00fczere kaymakamlar, belediyeler, kolluk g\u00fc\u00e7leri, muhtarlar ve sivil toplum \u00f6rg\u00fct\u00fc temsilcileri olmak \u00fczere t\u00fcm ekiplerin sahada oldu\u011funu kaydeden Vali Su, &#8220;Hem toplu ta\u015f\u0131ma ara\u00e7lar\u0131nda kurallara uyulup uyulmad\u0131\u011f\u0131n\u0131 kontrol ettik hem de esnaf\u0131m\u0131z\u0131 ziyaret ederek kontrolleri ger\u00e7ekle\u015ftirdik. Hakikaten ilimiz a\u00e7\u0131s\u0131ndan sevindirici, kontrol etti\u011fimiz mekanlarda vatanda\u015flar\u0131m\u0131z\u0131n maske ve mesafe kurallar\u0131na uyduklar\u0131n\u0131 g\u00f6rd\u00fck. Bu iyi bir \u015fey. Ben buradan tekrar yinelemek istiyorum; mutlaka vatanda\u015flar\u0131m\u0131z\u0131n bu kurallara riayet etmesi gerekir. Bunlara riayet edilirse, hayat\u0131m\u0131z\u0131 normal devam ettirebiliriz. Art\u0131k ilimizde de \u00fclke genelinde oldu\u011fu gibi evlerin d\u0131\u015f\u0131nda her alanda maske takmak zorunlu hale geldi. Biz bunun uygulanmas\u0131 i\u00e7in kontrollerimizi s\u0131k\u0131 bir \u015fekilde s\u00fcrd\u00fcrece\u011fiz. Sosyal mesafe konusu da bu anlamda \u00e7ok \u00f6nemli. \u00c7\u00fcnk\u00fc bu vir\u00fcs, solunum yollar\u0131 ile daha \u00e7ok bula\u015f\u0131yor. Bir di\u011fer dikkat etmemiz gereken konu da hijyen. Bu \u00fc\u00e7\u00fcne riayet edelim, hayat\u0131m\u0131z\u0131 normal olarak s\u00fcrd\u00fcrelim&#8221; dedi. \u00a0<\/p>\n","protected":false},"excerpt":{"rendered":"<p>Vali Su, maskeyi takt\u0131 denetime \u00e7\u0131kt\u0131 Mersin Valisi Ali \u0130hsan Su, \u0130\u00e7i\u015fleri Bakanl\u0131\u011f\u0131&#8217;n\u0131n 81 ile g\u00f6nderdi\u011fi korona vir\u00fcs genelgesi do\u011frultusunda, maskesini tak\u0131p denetime \u00e7\u0131kt\u0131. \u0130l protokol\u00fcyle birlikte esnaf\u0131 ziyaret edip, &hellip; <a href=\"https:\/\/akdenizolaygazetesi.com\/?p=8216\" class=\"more-link\">Devam\u0131n\u0131 Oku&#8230;<\/a><\/p>\n","protected":false},"author":1,"featured_media":0,"comment_status":"open","ping_status":"open","sticky":false,"template":"","format":"standard","meta":[],"categories":[],"tags":[],"_links":{"self":[{"href":"https:\/\/akdenizolaygazetesi.com\/index.php?rest_route=\/wp\/v2\/posts\/8216"}],"collection":[{"href":"https:\/\/akdenizolaygazetesi.com\/index.php?rest_route=\/wp\/v2\/posts"}],"about":[{"href":"https:\/\/akdenizolaygazetesi.com\/index.php?rest_route=\/wp\/v2\/types\/post"}],"author":[{"embeddable":true,"href":"https:\/\/akdenizolaygazetesi.com\/index.php?rest_route=\/wp\/v2\/users\/1"}],"replies":[{"embeddable":true,"href":"https:\/\/akdenizolaygazetesi.com\/index.php?rest_route=%2Fwp%2Fv2%2Fcomments&post=8216"}],"version-history":[{"count":0,"href":"https:\/\/akdenizolaygazetesi.com\/index.php?rest_route=\/wp\/v2\/posts\/8216\/revisions"}],"wp:attachment":[{"href":"https:\/\/akdenizolaygazetesi.com\/index.php?rest_route=%2Fwp%2Fv2%2Fmedia&parent=8216"}],"wp:term":[{"taxonomy":"category","embeddable":true,"href":"https:\/\/akdenizolaygazetesi.com\/index.php?rest_route=%2Fwp%2Fv2%2Fcategories&post=8216"},{"taxonomy":"post_tag","embeddable":true,"href":"https:\/\/akdenizolaygazetesi.com\/index.php?rest_route=%2Fwp%2Fv2%2Ftags&post=8216"}],"curies":[{"name":"wp","href":"https:\/\/api.w.org\/{rel}","templated":true}]}}