{"id":8217,"date":"2020-11-04T18:28:41","date_gmt":"2020-11-04T15:28:41","guid":{"rendered":"http:\/\/mersinekonomipolitikagazetesi.com\/?p=8217"},"modified":"2020-11-04T18:28:41","modified_gmt":"2020-11-04T15:28:41","slug":"secer-en-degerli-en-onemli-katkiyi-egitime-vermek-istiyoruz","status":"publish","type":"post","link":"https:\/\/akdenizolaygazetesi.com\/?p=8217","title":{"rendered":"SE\u00c7ER: \u201cEN DE\u011eERL\u0130, EN \u00d6NEML\u0130  KATKIYI E\u011e\u0130T\u0130ME VERMEK \u0130ST\u0130YORUZ\u201d"},"content":{"rendered":"<p>Mersin B\u00fcy\u00fck\u015fehir Belediye Ba\u015fkan\u0131 Vahap Se\u00e7er, B\u00fcy\u00fck\u015fehir\u2019in E\u011fitim ve \u00d6\u011fretimi Destekleme Kurs Merkezleri\u2019nde e\u011fitim alarak \u00fcniversite s\u0131nav\u0131n\u0131 kazanan \u00f6\u011frencilerle bir araya geldi. Toplam 8 il\u00e7ede yer alan kurs merkezlerine giderek \u00fcniversiteye yerle\u015fmi\u015f toplam bin 350 \u00f6\u011frenciyi 14 \u00f6\u011frenci temsil etti.<\/p>\n<p>Gen\u00e7leri ba\u015far\u0131lar\u0131ndan dolay\u0131 tebrik eden Ba\u015fkan Se\u00e7er, en \u00e7ok \u00f6nem verdikleri alan\u0131n e\u011fitim oldu\u011funu ifade ederek, \u201cB\u00fct\u00e7elerin \u00f6nemli kesimleri geli\u015fmi\u015f \u00fclkelerde e\u011fitim i\u00e7in ayr\u0131l\u0131yor. Biz de yasalar\u0131n bizlere verdi\u011fi yetki \u00f6l\u00e7\u00fcs\u00fcnde en de\u011ferli, en \u00f6nemli, en y\u00fcksek katk\u0131y\u0131 e\u011fitime vermek istiyoruz\u201d dedi.<br \/>\n2019-2020 e\u011fitim \u00f6\u011fretim d\u00f6neminde 4 bin 334 \u00f6\u011frencinin B\u00fcy\u00fck\u015fehir\u2019in kurs merkezlerinde e\u011fitim g\u00f6rd\u00fc\u011f\u00fcn\u00fc s\u00f6yleyen Ba\u015fkan Se\u00e7er, yeni e\u011fitim d\u00f6neminde daha iyi noktaya gelinece\u011fini kaydetti. Merkezin yan\u0131 s\u0131ra \u00f6zellikle il\u00e7elerde daha \u00e7ok kontenjan yarat\u0131ld\u0131\u011f\u0131n\u0131 dile getiren Se\u00e7er, \u201cBozyaz\u0131\u2019da da bir \u015fube a\u00e7\u0131yoruz. G\u00fclnar\u2019daki de Mut\u2019taki de Akdeniz\u2019deki de Tarsus\u2019taki de g\u00f6rece olarak memur, i\u015f\u00e7i, emekli, emek\u00e7i, esnaf ya da fabrikat\u00f6r, her kim olursa olsun b\u00fct\u00fcn vatanda\u015flar\u0131m\u0131z\u0131n \u00e7ocuklar\u0131n\u0131n e\u011fitimde f\u0131rsat e\u015fitli\u011fine sahip olmas\u0131 bizim temel amac\u0131m\u0131z\u201d diye konu\u015ftu.<\/p>\n<p>Mersin B\u00fcy\u00fck\u015fehir Belediye Ba\u015fkan\u0131 Vahap Se\u00e7er, Sosyal Hizmetler Dairesi Ba\u015fkanl\u0131\u011f\u0131 b\u00fcnyesinde hizmet veren E\u011fitim ve \u00d6\u011fretimi Destekleme Kurs Merkezleri\u2019nden e\u011fitim alarak \u00fcniversiteye yerle\u015fen \u00f6\u011frencileri a\u011f\u0131rlad\u0131. Merkez\u2019in yan\u0131 s\u0131ra Tarsus, Silifke, Mut, Ayd\u0131nc\u0131k, G\u00fclnar, Erdemli ve Anamur\u2019da hizmet veren kurs merkezlerinde e\u011fitim alan ve \u00fcniversiteye girmeye hak kazanm\u0131\u015f toplam bin 350 \u00f6\u011frenciyi 14 \u00f6\u011frenci temsil etti. Kendilerini tan\u0131tarak kazand\u0131klar\u0131 b\u00f6l\u00fcmleri payla\u015fan gen\u00e7ler Ba\u015fkan Se\u00e7er\u2019le sohbet etme imk\u00e2n\u0131 buldu.<\/p>\n<p>Ba\u015far\u0131lar\u0131ndan dolay\u0131 gen\u00e7leri tebrik eden Ba\u015fkan Se\u00e7er, e\u011fitimin oldu\u011fu \u00fclkelerde demokrasinin oldu\u011funu ve demokrasinin toplumlar\u0131n bir anlamda can simidi oldu\u011funu ifade ederek, \u201cB\u00fct\u00e7elerin \u00f6nemli kesimleri geli\u015fmi\u015f \u00fclkelerde e\u011fitim i\u00e7in ayr\u0131l\u0131yor. Biz de, yasalar\u0131n bizlere verdi\u011fi yetki \u00f6l\u00e7\u00fcs\u00fcnde en de\u011ferli, en \u00f6nemli, en y\u00fcksek katk\u0131y\u0131 e\u011fitime vermek istiyoruz\u201d dedi.<\/p>\n<p>Sosyal Hizmetler Dairesi Ba\u015fkan\u0131 Serdal G\u00f6kayaz, Tarsus \u015eube Kurs M\u00fcd\u00fcr\u00fc Yasemin \u00dcst\u00fcay Paksoy ve Merkez \u015eube Kurs M\u00fcd\u00fcr\u00fc Melike Esiro\u011flu, Ba\u015fkan Se\u00e7er\u2019e ziyarette \u00f6\u011frencilerini yaln\u0131z b\u0131rakmad\u0131.<\/p>\n<p>\u201c4 bin 334 \u00f6\u011frenci bizde e\u011fitim g\u00f6rd\u00fc\u201d<\/p>\n<p>Gen\u00e7lerle tek tek sohbet eden Ba\u015fkan Se\u00e7er, kurs merkezlerinde verilen e\u011fitimin ve \u00f6\u011fretmen kadrosunun kalitesini art\u0131rd\u0131klar\u0131n\u0131 belirterek, \u201cBiz ge\u00e7en y\u0131l y\u00f6netime geldi\u011fimizde dershanelerimizde 900 \u00f6\u011frenci varm\u0131\u015f. 3 bin 400 \u00f6\u011frenciyle ba\u015flay\u0131p 900 \u00f6\u011frenciyle e\u011fitim sonlanm\u0131\u015f. 4 bin 334 \u00f6\u011frenci bizde e\u011fitim g\u00f6rd\u00fc. 4 bin 200 ile ba\u015flay\u0131p 4 bin 334 \u00f6\u011frenciyle bu e\u011fitim \u00f6\u011fretim y\u0131l\u0131n\u0131 bitiriyorsan\u0131z i\u015finizi ciddi, iyi yap\u0131yorsunuz, kaliteli yap\u0131yorsunuz anlam\u0131 \u00e7\u0131kar. Biz \u00f6n\u00fcm\u00fczdeki y\u0131l bu \u00e7al\u0131\u015fmalar\u0131 daha da tahkim edece\u011fiz. Daha da iyi bir noktaya getirece\u011fiz. Bozyaz\u0131\u2019da da bir \u015fube a\u00e7\u0131yoruz\u201d diye konu\u015ftu.<\/p>\n<p>\u201cBizim temel amac\u0131m\u0131z \u00e7ocuklar\u0131n e\u011fitimde f\u0131rsat e\u015fitli\u011fine sahip olmas\u0131\u201d<\/p>\n<p>B\u00fcy\u00fck\u015fehir\u2019in kurs merkezlerinin amac\u0131n\u0131n ne di\u011fer e\u011fitim kurumlar\u0131yla yar\u0131\u015fmak oldu\u011funu, ne de \u00f6\u011frencilerin kendi aralar\u0131nda bir yar\u0131\u015fa girmelerini sa\u011flamak oldu\u011funu kaydeden Ba\u015fkan Se\u00e7er \u015funlar\u0131 s\u00f6yledi:<\/p>\n<p>\u201cBizim temel amac\u0131m\u0131z; G\u00fclnar\u2019da Mut\u2019ta, Akdeniz\u2019de, Tarsus\u2019ta g\u00f6rece olarak memur, i\u015f\u00e7i, emekli, emek\u00e7i, esnaf ya da fabrikat\u00f6r her kim olursa olsun b\u00fct\u00fcn vatanda\u015flar\u0131m\u0131z\u0131n \u00e7ocuklar\u0131n\u0131n e\u011fitimde f\u0131rsat e\u015fitli\u011fine sahip olmas\u0131. Bizim yapmak istedi\u011fimiz bu. Onun i\u00e7in Mut\u2019tan, G\u00fclnar\u2019dan, Anamur\u2019dan, Silifke\u2019den daha \u00e7ok merkezden uzak il\u00e7elerde ba\u015far\u0131 olduk\u00e7a ben yapt\u0131\u011f\u0131m\u0131z i\u015fin do\u011fru oldu\u011funu g\u00f6r\u00fcyorum. Dikkat edin bizim yakla\u015f\u0131k olarak 4 bin 300 \u00f6\u011frencimizin y\u00fczde 50\u2019lik k\u0131sm\u0131 toplam Mersin n\u00fcfusunun ya\u015fad\u0131\u011f\u0131 yerlerde. \u00d6rne\u011fin merkez n\u00fcfusumuz 1 milyon 840 bin. 1 milyon 40 bini merkezde ya\u015far. Ama bizim ald\u0131\u011f\u0131m\u0131z \u00f6\u011frenci say\u0131m\u0131z yakla\u015f\u0131k olarak bin 250 civar\u0131nda. Toplam\u0131n maksimum y\u00fczde 35-40\u2019l\u0131k bir k\u0131sm\u0131. Oysaki n\u00fcfusun y\u00fczde 60\u2019\u0131 merkezde ya\u015f\u0131yor. Buradan da ne yapmak istedi\u011fimizi, ne ama\u00e7lad\u0131\u011f\u0131m\u0131z\u0131 g\u00f6rebilirsiniz.\u201d<\/p>\n<p>Ge\u00e7en y\u0131l 170 \u00f6\u011fretmenle e\u011fitim \u00f6\u011fretim y\u0131l\u0131n\u0131n tamamland\u0131\u011f\u0131n\u0131 bu y\u0131l ise e\u011fitim kadrosuna dahil edilen \u00f6\u011fretmenlerle toplam 222 \u00f6\u011fretmene eri\u015fildi\u011fini belirten Ba\u015fkan Se\u00e7er, \u00fcniversiteyi kazanan \u00f6\u011frencilere ilk y\u0131l sa\u011flad\u0131klar\u0131 e\u011fitim yard\u0131mlar\u0131ndan da bahsetti. Se\u00e7er, \u201cBiz sadece \u00fcniversiteye haz\u0131rlanan gen\u00e7lerimize yard\u0131m etmekle kalmay\u0131p verdi\u011fimiz \u00f6\u011frenim yard\u0131m\u0131 ile de \u00fcniversiteyi kazanan \u00f6\u011frencilerimize destek oluyoruz. Ge\u00e7en y\u0131l 7 bin 200 \u00f6\u011frenciydi, bu y\u0131l bu rakam 8 bine yakla\u015ft\u0131. \u00dcniversiteyi kazanan \u00f6\u011frencilerimize ilk y\u0131llar\u0131nda ger\u00e7ekle\u015ftirdi\u011fimiz e\u011fitim yard\u0131mlar\u0131m\u0131z\u0131 s\u00fcrd\u00fcrece\u011fiz. Sadece bir beyan mukabilinde bize m\u00fcracaat etmeniz durumunda 1400 TL zaten e\u011fitim yard\u0131m\u0131n\u0131 alacaks\u0131n\u0131z\u201d ifadelerine yer verdi.<\/p>\n<p>2024\u2019e kadar toplu ta\u015f\u0131ma \u00f6\u011frenci i\u00e7in 1 TL kalacak<\/p>\n<p>Ba\u015fkan Se\u00e7er, 2024\u2019e kadar \u00f6\u011frenciler i\u00e7in toplu ta\u015f\u0131ma \u00fccretinin 1 TL kalaca\u011f\u0131 taahh\u00fcd\u00fcnde bulundu\u011funu hat\u0131rlatarak, \u201cBiz istiyoruz ki, farkl\u0131 enstr\u00fcmanlarla da \u00f6\u011frencilere katk\u0131 yapal\u0131m. Kentin geli\u015fimine \u00fcniversitelerin \u00f6nemli katk\u0131 sunaca\u011f\u0131n\u0131 d\u00fc\u015f\u00fcn\u00fcyoruz. \u00d6zellikle bu katk\u0131, toplumsal bir katk\u0131. \u00d6\u011frenci demek k\u00fclt\u00fcr demek, \u00f6\u011frenci demek sanat demek, \u00f6\u011frenci demek huzur demek, \u00f6\u011frenci demek gen\u00e7 insan. Kente farkl\u0131 bir ambiyans getirir, onu \u00f6nemsiyorum. \u00c7ok say\u0131da \u00fcniversite \u00f6\u011frencisi gelsin istiyoruz\u201d dedi.<\/p>\n<p>Mersin\u2019de \u00f6\u011frencilerin konaklayabilece\u011fi \u00f6\u011frenci misafirhanelerinin ve konuk evlerinin \u00e7ok \u00f6nemli oldu\u011funu kaydeden Ba\u015fkan Se\u00e7er, \u015fu ifadelere yer verdi:<\/p>\n<p>\u201cG\u00fclnar\u2019da 128 \u00f6\u011frenci kapasiteli bir yurt \u00e7al\u0131\u015fmam\u0131z var. Bunun 60\u2019\u0131 erkek, 68\u2019i k\u0131z olmak \u00fczere toplam 128 kapasiteli, bir hayli yol ald\u0131k. Pandemi biraz etkileyebilir. E\u011fitim-\u00f6\u011fretim y\u0131l\u0131 s\u0131k\u0131nt\u0131l\u0131 oldu\u011fu i\u00e7in. Orada da k\u0131rsal mahallelerden gelen \u00f6\u011frencilerimizin e\u011fitim g\u00f6rmelerini sa\u011flayaca\u011f\u0131z. 60 sporcu k\u0131z\u0131m\u0131z\u0131n hem sportif faaliyetlerini ger\u00e7ekle\u015ftirebilecekleri hem de yurt olarak kalacaklar\u0131 bir tesisimiz var. K\u0131rsal mahallelerimizden farkl\u0131 bran\u015flarda ba\u015far\u0131l\u0131 k\u0131z sporcu \u00f6\u011frencilerimiz aras\u0131ndan bir se\u00e7me yapt\u0131k. Aileleriyle tan\u0131\u015ft\u0131k. Milli E\u011fitim\u2019le ortak bir projeksiyonla hem okulda e\u011fitimini g\u00f6recek \u00e7ocu\u011fumuz hem de burada yurdumuzda kalacak, burada bizim kul\u00fcb\u00fcm\u00fczde hangi spor dal\u0131ndaysa orada \u00e7al\u0131\u015fmalara kat\u0131lacak.\u201d<\/p>\n<p>\u201cBir\u00e7ok konuda \u00f6\u011frencilerimize, gen\u00e7lerimize yard\u0131mc\u0131 olmak istiyoruz\u201d<\/p>\n<p>Ba\u015fkan Se\u00e7er, T\u00fcrkiye\u2019nin; insanlar\u0131, insanl\u0131\u011f\u0131, bar\u0131\u015f\u0131, karde\u015fli\u011fi seven, insanlar\u0131 ayr\u0131\u015ft\u0131rmayan e\u011fitimli, bilin\u00e7li bir gen\u00e7likle geli\u015fece\u011fini, daha sayg\u0131n bir \u00fclke haline gelece\u011fini s\u00f6yledi. Ge\u00e7en y\u0131l y\u00fcr\u00fct\u00fclen hizmetlerin bu y\u0131l da devam edece\u011fini belirten Ba\u015fkan Se\u00e7er, \u201cYine bizim \u00e7orba ve ekmek konseptimiz var. Hem Tarsus \u00dcniversitesi\u2019nin giri\u015finde hem Mersin \u00dcniversitesi\u2019nin giri\u015finde art\u0131k bu bizde geleneksel olacak \u00f6\u011frencilerimiz i\u00e7in. Ayr\u0131ca \u00f6zellikle kol g\u00fcc\u00fcyle \u00e7al\u0131\u015fan i\u015f\u00e7ilerin sabah i\u015fe gitti\u011fi g\u00fczergahlara da bu seyyar lokantalar\u0131 kuruyoruz. \u00c7orba ve ekmek veriyoruz. Bunlar\u0131 devam ettirmeyi d\u00fc\u015f\u00fcn\u00fcyoruz ve \u00e7ama\u015f\u0131r y\u0131kama \u00e7ok \u00f6nemli olacak sizin i\u00e7in. Gitti\u011finiz yerlerde g\u00f6receksiniz. Anneniz s\u00fcrekli \u201c\u00c7ama\u015f\u0131rlar\u0131 y\u0131kad\u0131n m\u0131, temiz giyiyor musun?\u201d diye sizi uyaracak. Biz bunu da d\u00fc\u015f\u00fcnd\u00fck Mersin\u2019de. Hem Tarsus \u00dcniversitesi\u2019nde hem Mersin \u00dcniversitesi\u2019nin giri\u015finde bunlar\u0131 sa\u011flad\u0131k\u201d dedi.<\/p>\n<p>Tarsus \u015eubesi Kurs M\u00fcd\u00fcr\u00fc Yasemin \u00dcst\u00fcay Paksoy, \u00f6\u011frencilerin kursa gelirken evlerine geliyorlarm\u0131\u015f gibi hissettiklerini ifade ederken bir \u00f6\u011frencisinin velisi ile ya\u015fad\u0131klar\u0131 an\u0131y\u0131 Ba\u015fkan Se\u00e7er\u2019e aktard\u0131. Paksoy, \u201cBir an\u0131m\u0131z\u0131 anlatay\u0131m. Veli toplant\u0131s\u0131nda bir velimiz s\u00f6z ald\u0131 ve \u201cHocam siz ne yap\u0131yorsunuz bu \u00e7ocuklara. Benim \u00f6\u011frencim oraya ko\u015fa ko\u015fa geliyor, oraya gelirken \u00e7ok mutlu oluyor ve bu beni \u00e7ok mutlu ediyor. Y\u0131llarca dershaneye g\u00f6nderdik ama ilk defa b\u00f6yle bir \u015fey ya\u015f\u0131yor. \u00c7ok te\u015fekk\u00fcr ediyorum ba\u015fta Vahap Ba\u015fkan\u0131m\u0131z\u2019a sonra sizlere \u00e7ok te\u015fekk\u00fcr ediyorum\u201d dedi. \u00c7ok mutluyuz, \u00e7ok gururluyuz\u201d diye konu\u015ftu.<\/p>\n","protected":false},"excerpt":{"rendered":"<p>Mersin B\u00fcy\u00fck\u015fehir Belediye Ba\u015fkan\u0131 Vahap Se\u00e7er, B\u00fcy\u00fck\u015fehir\u2019in E\u011fitim ve \u00d6\u011fretimi Destekleme Kurs Merkezleri\u2019nde e\u011fitim alarak \u00fcniversite s\u0131nav\u0131n\u0131 kazanan \u00f6\u011frencilerle bir araya geldi. Toplam 8 il\u00e7ede yer alan kurs merkezlerine giderek &hellip; <a href=\"https:\/\/akdenizolaygazetesi.com\/?p=8217\" class=\"more-link\">Devam\u0131n\u0131 Oku&#8230;<\/a><\/p>\n","protected":false},"author":1,"featured_media":0,"comment_status":"open","ping_status":"open","sticky":false,"template":"","format":"standard","meta":[],"categories":[],"tags":[],"_links":{"self":[{"href":"https:\/\/akdenizolaygazetesi.com\/index.php?rest_route=\/wp\/v2\/posts\/8217"}],"collection":[{"href":"https:\/\/akdenizolaygazetesi.com\/index.php?rest_route=\/wp\/v2\/posts"}],"about":[{"href":"https:\/\/akdenizolaygazetesi.com\/index.php?rest_route=\/wp\/v2\/types\/post"}],"author":[{"embeddable":true,"href":"https:\/\/akdenizolaygazetesi.com\/index.php?rest_route=\/wp\/v2\/users\/1"}],"replies":[{"embeddable":true,"href":"https:\/\/akdenizolaygazetesi.com\/index.php?rest_route=%2Fwp%2Fv2%2Fcomments&post=8217"}],"version-history":[{"count":0,"href":"https:\/\/akdenizolaygazetesi.com\/index.php?rest_route=\/wp\/v2\/posts\/8217\/revisions"}],"wp:attachment":[{"href":"https:\/\/akdenizolaygazetesi.com\/index.php?rest_route=%2Fwp%2Fv2%2Fmedia&parent=8217"}],"wp:term":[{"taxonomy":"category","embeddable":true,"href":"https:\/\/akdenizolaygazetesi.com\/index.php?rest_route=%2Fwp%2Fv2%2Fcategories&post=8217"},{"taxonomy":"post_tag","embeddable":true,"href":"https:\/\/akdenizolaygazetesi.com\/index.php?rest_route=%2Fwp%2Fv2%2Ftags&post=8217"}],"curies":[{"name":"wp","href":"https:\/\/api.w.org\/{rel}","templated":true}]}}