{"id":8219,"date":"2020-11-04T18:28:41","date_gmt":"2020-11-04T15:28:41","guid":{"rendered":"http:\/\/mersinekonomipolitikagazetesi.com\/?p=8219"},"modified":"2020-11-04T18:28:41","modified_gmt":"2020-11-04T15:28:41","slug":"engelli-kardeslerimizin-her-zaman-yanindayiz","status":"publish","type":"post","link":"https:\/\/akdenizolaygazetesi.com\/?p=8219","title":{"rendered":"\u201cENGELL\u0130 KARDE\u015eLER\u0130M\u0130Z\u0130N HER ZAMAN YANINDAYIZ\u201d"},"content":{"rendered":"<p>Akdeniz Belediye Ba\u015fkan\u0131 M. Mustafa G\u00fcltak, beraberinde Mersin Milletvekili Ali Cumhur Ta\u015fk\u0131n ile birlikte; \u2018Mersin Umut Giri\u015fimciler \u00dcretim ve Pazarlama Kooperatifi Engelsiz At\u00f6lyesi\u2019nin a\u00e7\u0131l\u0131\u015f program\u0131na kat\u0131ld\u0131.<br \/>\nA\u00e7\u0131l\u0131\u015f t\u00f6renine kat\u0131l\u0131mlar\u0131 nedeniyle konuklara te\u015fekk\u00fcr eden Kooperatif Ba\u015fkan\u0131 Soner Demir; \u201cSay\u0131n Milletvekilimiz Ali Cumhur Ta\u015fk\u0131n ve Akdeniz Belediye Ba\u015fkan\u0131m\u0131z\u0131n katk\u0131lar\u0131yla bug\u00fcn at\u00f6lyemizin a\u00e7\u0131l\u0131\u015f\u0131n\u0131 yap\u0131yoruz. Akdeniz Belediyemiz ve Ticaret \u0130l M\u00fcd\u00fcrl\u00fc\u011f\u00fcm\u00fcz, Milli E\u011fitim M\u00fcd\u00fcrl\u00fc\u011f\u00fc ile birlikte, T\u00fcrkiye\u2019nin ilk Engelsiz E-Ticaret sitesini ger\u00e7ekle\u015ftiriyoruz. Arkada\u015flar\u0131m\u0131z\u0131n \u00fcretmi\u015f oldu\u011fu tekstil \u00fcr\u00fcnleri, zeytinya\u011f\u0131 ve y\u00f6resel g\u0131da \u00fcr\u00fcnlerimizi e-ticaret \u00fczerinden sat\u0131\u015fa sunuyoruz.\u00a0<br \/>\nAyr\u0131ca limon, zeytin, portakal \u00e7i\u00e7ekli kolonyalar \u00fcretece\u011fiz. Engelli karde\u015flerimizin istihdam\u0131 i\u00e7in ba\u015fka kooperatiflerle de i\u015fbirli\u011fimiz s\u00fcr\u00fcyor. Ay\u0131n 24 ile 28\u2019i aras\u0131nda Ankara\u2019da, G\u00fcmr\u00fck ve Ticaret Bakanl\u0131\u011f\u0131nca d\u00fczenlenmesi planlanan kooperatif fuar\u0131na da kat\u0131laca\u011f\u0131z. Ankara\u2019da, Mersin ve Akdeniz\u2019imizi en g\u00fczel \u015fekilde temsil edece\u011fiz\u201d diye konu\u015ftu. Kooperatif olarak ilk sipari\u015fi Ba\u015fkan G\u00fcltak\u2019tan ald\u0131klar\u0131n\u0131 da dile getiren Demir; \u201cAkdeniz Belediyemiz i\u00e7in 5 bin adet bez pazar-market \u00e7antas\u0131 dikiyoruz. Po\u015fet torba kullan\u0131mdan kalkt\u0131\u011f\u0131 i\u00e7in art\u0131k \u00e7evre dostu bez torbalara d\u00f6n\u00fcyoruz\u201d dedi.<br \/>\nAkdeniz Belediye Ba\u015fkan\u0131 Mustafa G\u00fcltak da konu\u015fmas\u0131nda; projeye ara\u00e7, gere\u00e7 ve te\u00e7hizat y\u00f6n\u00fcnden destek verdiklerini belirterek; \u201cEngelli karde\u015flerimizin hayatta kar\u015f\u0131la\u015ft\u0131\u011f\u0131 engelleri ortadan kald\u0131rmak ad\u0131na Akdeniz Belediyesi olarak yanlar\u0131nda olduk. Burada \u00fcretilen \u00fcr\u00fcnlerden, pazar \u00e7antalar\u0131ndan sipari\u015fler verdik ve farkl\u0131 kurum ve firmalara da arkada\u015flar\u0131m\u0131z\u0131 y\u00f6nlendirdik. Emekleri sonucu ortaya g\u00fczel \u00fcr\u00fcnler \u00e7\u0131kt\u0131. Belediye olarak burada \u00fcretilip sat\u0131\u015fa sunulan \u00fcr\u00fcnleri alarak vatanda\u015flar\u0131m\u0131za ula\u015ft\u0131raca\u011f\u0131z. B\u00f6ylelikle engelli vatanda\u015flar\u0131m\u0131za da istihdam sa\u011flam\u0131\u015f oluyoruz. Biz bu g\u00fcc\u00fc Say\u0131n Cumhurba\u015fkan\u0131m\u0131z Recep Tayyip Erdo\u011fan\u2019dan ve milletvekillerimizden al\u0131yoruz. E\u011fer onlar bize bu g\u00fcc\u00fc vermeseydi, biz de bu imk\u00e2nlar\u0131 sunamazd\u0131k. Ba\u015fta Cumhurba\u015fkan\u0131m\u0131z olmak \u00fczere t\u00fcm vekillerimize te\u015fekk\u00fcr ediyorum\u201d diye konu\u015ftu.<br \/>\nTa\u015fk\u0131n; \u201cBu \u00e7al\u0131\u015fman\u0131n t\u00fcm belediye ba\u015fkanlar\u0131na \u00f6rnek olmas\u0131n\u0131 diliyorum\u201d<br \/>\nMersin Milletvekili Ali Cumhur Ta\u015fk\u0131n da konu\u015fmas\u0131nda, engellerine ra\u011fmen verdikleri m\u00fccadele ve g\u00f6sterdikleri azim nedeniyle Demir ve kooperatif \u00fcyesi engelli vatanda\u015flara te\u015fekk\u00fcr etti. Ta\u015fk\u0131n; \u201cGer\u00e7ekten \u00e7ok g\u00fczel bir \u00e7al\u0131\u015fma ve g\u00fczel \u00fcr\u00fcnler ortaya \u00e7\u0131kt\u0131. Engelli karde\u015flerimizin \u00f6n\u00fcndeki engelleri kald\u0131rmak ad\u0131na kurulan kooperatife deste\u011fi olan Belediye Ba\u015fkan\u0131m\u0131z Say\u0131n Mustafa G\u00fcltak\u2019a ve emek veren herkese \u00e7ok te\u015fekk\u00fcr ediyorum. Bu \u00f6rnek \u00e7al\u0131\u015fman\u0131n, partisi ne olursa olsun di\u011fer t\u00fcm belediye ba\u015fkanlar\u0131m\u0131za da \u00f6rnek olmas\u0131n\u0131 diliyorum. Buraya gelsinler, g\u00f6rs\u00fcnler ve engelli karde\u015flerimize destek olsunlar. Kooperatifimiz hay\u0131rl\u0131 u\u011furlu olsun\u201d \u015feklinde konu\u015ftu.<br \/>\nKonu\u015fmalar\u0131n ard\u0131ndan, Mersin Umut Giri\u015fimciler \u00dcretim ve Pazarlama Kooperatifi Engelsiz At\u00f6lye\u2019sinin a\u00e7\u0131l\u0131\u015f\u0131, kesilen kurdele ile ger\u00e7ekle\u015ftirildi. Sonras\u0131nda da Milletvekili Ta\u015fk\u0131n ve Ba\u015fkan G\u00fcltak, at\u00f6lyedeki makinelerin ba\u015f\u0131na ge\u00e7erek, \u00a0bir s\u00fcre \u00fcr\u00fcnlerin \u00fcretim s\u00fcrecini izlediler. \u00d6te yandan, Mersin Umut Giri\u015fimciler \u00dcretim ve Pazarlama Kooperatifi Engelsiz At\u00f6lyesi\u2019nde \u00fcretilen zeytin ve zeytinya\u011f\u0131, s\u00fct \u00fcr\u00fcnleri, tatl\u0131 ve \u015fekerlemeler ile daha bir\u00e7ok g\u0131da \u00fcr\u00fcn\u00fcn\u00fc, tekstil ve kozmetik \u00fcr\u00fcnlerini almak isteyenler; kooperatifin https:\/\/www.umutkoop.org\/ adresi \u00fczerinden sipari\u015f verebilir.\u00a0<\/p>\n","protected":false},"excerpt":{"rendered":"<p>Akdeniz Belediye Ba\u015fkan\u0131 M. Mustafa G\u00fcltak, beraberinde Mersin Milletvekili Ali Cumhur Ta\u015fk\u0131n ile birlikte; \u2018Mersin Umut Giri\u015fimciler \u00dcretim ve Pazarlama Kooperatifi Engelsiz At\u00f6lyesi\u2019nin a\u00e7\u0131l\u0131\u015f program\u0131na kat\u0131ld\u0131. A\u00e7\u0131l\u0131\u015f t\u00f6renine kat\u0131l\u0131mlar\u0131 nedeniyle &hellip; <a href=\"https:\/\/akdenizolaygazetesi.com\/?p=8219\" class=\"more-link\">Devam\u0131n\u0131 Oku&#8230;<\/a><\/p>\n","protected":false},"author":1,"featured_media":0,"comment_status":"open","ping_status":"open","sticky":false,"template":"","format":"standard","meta":[],"categories":[],"tags":[],"_links":{"self":[{"href":"https:\/\/akdenizolaygazetesi.com\/index.php?rest_route=\/wp\/v2\/posts\/8219"}],"collection":[{"href":"https:\/\/akdenizolaygazetesi.com\/index.php?rest_route=\/wp\/v2\/posts"}],"about":[{"href":"https:\/\/akdenizolaygazetesi.com\/index.php?rest_route=\/wp\/v2\/types\/post"}],"author":[{"embeddable":true,"href":"https:\/\/akdenizolaygazetesi.com\/index.php?rest_route=\/wp\/v2\/users\/1"}],"replies":[{"embeddable":true,"href":"https:\/\/akdenizolaygazetesi.com\/index.php?rest_route=%2Fwp%2Fv2%2Fcomments&post=8219"}],"version-history":[{"count":0,"href":"https:\/\/akdenizolaygazetesi.com\/index.php?rest_route=\/wp\/v2\/posts\/8219\/revisions"}],"wp:attachment":[{"href":"https:\/\/akdenizolaygazetesi.com\/index.php?rest_route=%2Fwp%2Fv2%2Fmedia&parent=8219"}],"wp:term":[{"taxonomy":"category","embeddable":true,"href":"https:\/\/akdenizolaygazetesi.com\/index.php?rest_route=%2Fwp%2Fv2%2Fcategories&post=8219"},{"taxonomy":"post_tag","embeddable":true,"href":"https:\/\/akdenizolaygazetesi.com\/index.php?rest_route=%2Fwp%2Fv2%2Ftags&post=8219"}],"curies":[{"name":"wp","href":"https:\/\/api.w.org\/{rel}","templated":true}]}}