{"id":822,"date":"2020-11-04T18:21:26","date_gmt":"2020-11-04T15:21:26","guid":{"rendered":"http:\/\/mersinekonomipolitikagazetesi.com\/?p=822"},"modified":"2020-11-04T18:21:26","modified_gmt":"2020-11-04T15:21:26","slug":"akdenizde-kursiyerlere-temrinlik-malzemesi-dagitildi","status":"publish","type":"post","link":"https:\/\/akdenizolaygazetesi.com\/?p=822","title":{"rendered":"Akdeniz&#8217;de kursiyerlere temrinlik malzemesi da\u011f\u0131t\u0131ld\u0131"},"content":{"rendered":"<p>Mersin&#8217;in merkez il\u00e7e Akdeniz Belediyesi, Halk E\u011fitim Merkezi M\u00fcd\u00fcrl\u00fc\u011f\u00fc i\u015fbirli\u011fi ile ger\u00e7ekle\u015ftirdi\u011fi e\u011fitim programlar\u0131na devam eden kursiyerlere temrinlik malzeme da\u011f\u0131tt\u0131.<\/p>\n<p><span style=\"font-family: Tahoma, Arial, 'Times New Roman TUR', Verdana; font-size: 15px; background-color: rgb(255, 255, 255);\">Akdeniz Belediyesi taraf\u0131ndan Milli E\u011fitim M\u00fcd\u00fcrl\u00fc\u011f\u00fcne ba\u011fl\u0131 Halk E\u011fitim Merkezi M\u00fcd\u00fcrl\u00fc\u011f\u00fcne tahsis edilen kurs merkezlerinde beceri ve meslek edindirme kurslar\u0131 devam ediyor. Akdeniz Belediye Ba\u015fkan\u0131 Hamdi Bilge Akta\u015f, Belediye taraf\u0131ndan tahsisi ger\u00e7ekle\u015ftirilen 6 kurs merkezindeki 125 kursiyere, temrinlik malzeme da\u011f\u0131tt\u0131. Karaduvar Mahallesinde bulunan Halk E\u011fitim Merkezindeki da\u011f\u0131t\u0131m t\u00f6renine, Ba\u015fkan Akta\u015f&#8217;\u0131n yan\u0131 s\u0131ra Ba\u015fkan Yard\u0131mc\u0131s\u0131 Abdullah Akta\u015f, Akdeniz \u0130l\u00e7e Milli E\u011fitim M\u00fcd\u00fcr\u00fc Adem \u015eim\u015fek ve kursiyer \u00f6\u011frenciler kat\u0131ld\u0131. Y\u0131lda yakla\u015f\u0131k 50 bin kursiyere ula\u015ft\u0131klar\u0131n\u0131 dile getiren Akdeniz \u0130l\u00e7e Milli E\u011fitimi M\u00fcd\u00fcr\u00fc Adem \u015eim\u015fek, \u0130l\u00e7e genelinde Karaduvar Halk E\u011fitim Merkezi gibi bir\u00e7ok kurs merkezine sahip olduklar\u0131na i\u015faret etti. \u00d6zellikle kre\u015f b\u00f6l\u00fcm\u00fcne devam eden minikler ba\u015fta olmak \u00fczere, kursiyerlere sa\u011flad\u0131\u011f\u0131 destekten \u00f6t\u00fcr\u00fc t\u00fcm belediye yetkililerine te\u015fekk\u00fcr etti.<\/span><br style=\"font-family: Tahoma, Arial, 'Times New Roman TUR', Verdana; font-size: 15px; background-color: rgb(255, 255, 255);\" \/><br \/>\n<span style=\"font-family: Tahoma, Arial, 'Times New Roman TUR', Verdana; font-size: 15px; background-color: rgb(255, 255, 255);\">Beceri ve meslek edinen kursiyerlere belediye imkanlar\u0131 \u00f6l\u00e7\u00fcs\u00fcnde katk\u0131 vermeyi g\u00f6rev edindiklerini ifade eden Ba\u015fkan Akta\u015f ise son d\u00f6nemde Milli E\u011fitim ve Halk E\u011fitim Merkezi M\u00fcd\u00fcrl\u00fc\u011f\u00fc ile verimli \u00e7al\u0131\u015fmalara imza att\u0131klar\u0131n\u0131n alt\u0131n\u0131 \u00e7izdi.<\/span><br style=\"font-family: Tahoma, Arial, 'Times New Roman TUR', Verdana; font-size: 15px; background-color: rgb(255, 255, 255);\" \/><br \/>\n<span style=\"font-family: Tahoma, Arial, 'Times New Roman TUR', Verdana; font-size: 15px; background-color: rgb(255, 255, 255);\">Akta\u015f ve beraberindeki heyet, konu\u015fmalar\u0131n ard\u0131ndan temrinlik malzemeleri kre\u015fe devam eden miniklere ve di\u011fer kursiyerlere da\u011f\u0131tt\u0131lar.<\/span><\/p>\n","protected":false},"excerpt":{"rendered":"<p>Mersin&#8217;in merkez il\u00e7e Akdeniz Belediyesi, Halk E\u011fitim Merkezi M\u00fcd\u00fcrl\u00fc\u011f\u00fc i\u015fbirli\u011fi ile ger\u00e7ekle\u015ftirdi\u011fi e\u011fitim programlar\u0131na devam eden kursiyerlere temrinlik malzeme da\u011f\u0131tt\u0131. Akdeniz Belediyesi taraf\u0131ndan Milli E\u011fitim M\u00fcd\u00fcrl\u00fc\u011f\u00fcne ba\u011fl\u0131 Halk E\u011fitim Merkezi &hellip; <a href=\"https:\/\/akdenizolaygazetesi.com\/?p=822\" class=\"more-link\">Devam\u0131n\u0131 Oku&#8230;<\/a><\/p>\n","protected":false},"author":1,"featured_media":0,"comment_status":"open","ping_status":"open","sticky":false,"template":"","format":"standard","meta":[],"categories":[],"tags":[],"_links":{"self":[{"href":"https:\/\/akdenizolaygazetesi.com\/index.php?rest_route=\/wp\/v2\/posts\/822"}],"collection":[{"href":"https:\/\/akdenizolaygazetesi.com\/index.php?rest_route=\/wp\/v2\/posts"}],"about":[{"href":"https:\/\/akdenizolaygazetesi.com\/index.php?rest_route=\/wp\/v2\/types\/post"}],"author":[{"embeddable":true,"href":"https:\/\/akdenizolaygazetesi.com\/index.php?rest_route=\/wp\/v2\/users\/1"}],"replies":[{"embeddable":true,"href":"https:\/\/akdenizolaygazetesi.com\/index.php?rest_route=%2Fwp%2Fv2%2Fcomments&post=822"}],"version-history":[{"count":0,"href":"https:\/\/akdenizolaygazetesi.com\/index.php?rest_route=\/wp\/v2\/posts\/822\/revisions"}],"wp:attachment":[{"href":"https:\/\/akdenizolaygazetesi.com\/index.php?rest_route=%2Fwp%2Fv2%2Fmedia&parent=822"}],"wp:term":[{"taxonomy":"category","embeddable":true,"href":"https:\/\/akdenizolaygazetesi.com\/index.php?rest_route=%2Fwp%2Fv2%2Fcategories&post=822"},{"taxonomy":"post_tag","embeddable":true,"href":"https:\/\/akdenizolaygazetesi.com\/index.php?rest_route=%2Fwp%2Fv2%2Ftags&post=822"}],"curies":[{"name":"wp","href":"https:\/\/api.w.org\/{rel}","templated":true}]}}