{"id":8220,"date":"2020-11-04T18:28:41","date_gmt":"2020-11-04T15:28:41","guid":{"rendered":"http:\/\/mersinekonomipolitikagazetesi.com\/?p=8220"},"modified":"2020-11-04T18:28:41","modified_gmt":"2020-11-04T15:28:41","slug":"toroslarin-dogal-ve-tarihi-guzelliklerini-kesfedecekler","status":"publish","type":"post","link":"https:\/\/akdenizolaygazetesi.com\/?p=8220","title":{"rendered":"\u2018Toroslar&#8217;\u0131n Do\u011fal ve Tarihi G\u00fczelliklerini Ke\u015ffedecekler\u2019"},"content":{"rendered":"<p>Toroslar Belediyesi taraf\u0131ndan Tarihi K\u0131z\u0131lge\u00e7it K\u00f6pr\u00fcs\u00fc&#8217;ne ger\u00e7ekle\u015ftirilecek do\u011fa y\u00fcr\u00fcy\u00fc\u015f\u00fc, her ya\u015ftan sporseveri bir araya getirecek. Belediyenin ilk kez d\u00fczenleyece\u011fi etkinlik ile Toroslar&#8217;\u0131n tarihi ve do\u011fal g\u00fczellikleri ke\u015ffedilecek.<br \/>\n\u00a0<br \/>\n13 Eyl\u00fcl 2020 pazar g\u00fcn\u00fc, 7 kilometrelik g\u00fczergahta yap\u0131lacak do\u011fa y\u00fcr\u00fcy\u00fc\u015f\u00fcn\u00fcn ba\u015flang\u0131\u00e7 noktas\u0131 Yenik\u00f6y Mahallesi&#8217;nde verilecek. Saat 10.00&#8217;da ba\u015flayacak etkinli\u011fin biti\u015f noktas\u0131 ise Alada\u011f Mahallesi&#8217;nde bulunan Tarihi K\u0131z\u0131lge\u00e7it K\u00f6pr\u00fcs\u00fc olacak.<br \/>\n\u00a0<br \/>\n\u00dccretsiz d\u00fczenlenecek etkinlik i\u00e7in; \u00c7a\u011fda\u015fkent Mahallesi&#8217;nde bulunan Toroslar Kaymakaml\u0131\u011f\u0131 \u00f6n\u00fc, Toroslar Belediyesi \u00f6n\u00fc ile eski Devlet Hastanesi kar\u015f\u0131s\u0131ndan 13 Eyl\u00fcl Pazar g\u00fcn\u00fc saat 09.00&#8217;da servis kald\u0131r\u0131lacak.Y\u00fcr\u00fcy\u00fc\u015f s\u0131ras\u0131nda Toroslar Belediyesi taraf\u0131ndan vatanda\u015flara kumanya ikram\u0131nda da bulunulacak. Y\u00fcr\u00fcy\u00fc\u015fe kat\u0131lacaklar\u0131n y\u00fcr\u00fcy\u00fc\u015f malzemelerini yanlar\u0131nda getirmeleri de istendi.<br \/>\n\u00a0<br \/>\nCovid-19 tedbirleri kapsam\u0131nda \u00a0sosyal mesafeye uyularak ger\u00e7ekle\u015fecek do\u011fa y\u00fcr\u00fcy\u00fc\u015f\u00fcne kat\u0131lmak isteyenler; Toroslar Belediyesi resmi web sitesinin https:\/\/www.toroslar-bld.gov.tr\/sayfa.php?sayfa=dogayuruyusu linkini t\u0131klayarak kay\u0131tlar\u0131n\u0131 yapt\u0131rabilirler.<br \/>\n\u00a0<br \/>\nToroslar Belediye Ba\u015fkan\u0131 Ats\u0131z Af\u015f\u0131n Y\u0131lmaz, Toroslar&#8217;\u0131n ye\u015file b\u00fcr\u00fcnm\u00fc\u015f do\u011fas\u0131nda y\u00fcr\u00fcy\u00fc\u015f yapmak, \u015fehir ya\u015fam\u0131n\u0131n stresinden uzakla\u015fmak ve keyifli bir g\u00fcn ge\u00e7irmek isteyen herkesi do\u011fa y\u00fcr\u00fcy\u00fc\u015f\u00fcne beklediklerini s\u00f6yledi.<br \/>\n\u00a0<br \/>\nSporun, sa\u011fl\u0131kl\u0131 ya\u015fam\u0131n \u00f6nemli bir par\u00e7as\u0131 oldu\u011funu belirten Ba\u015fkan Y\u0131lmaz; &#8220;\u0130l\u00e7emizde 7&#8217;den 70&#8217;e t\u00fcm hem\u015fehrilerimizi sa\u011fl\u0131kl\u0131 ya\u015fama y\u00f6nlendirmek ad\u0131na sportif faaliyetlere \u00f6nem veriyoruz. Covid-19 tedbirleri kapsam\u0131nda baz\u0131 spor aktivitelerimize ara verdik. Do\u011fa y\u00fcr\u00fcy\u00fc\u015f\u00fcm\u00fcz\u00fc de sosyal mesafe kurallar\u0131 \u00e7er\u00e7evesinde ger\u00e7ekle\u015ftirece\u011fiz. Bir\u00e7ok tarihi ve k\u00fclt\u00fcr varl\u0131klar\u0131n\u0131n yer ald\u0131\u011f\u0131 il\u00e7emizde g\u00f6r\u00fclmeye de\u011fer nice do\u011fa harikas\u0131 mekanlar bulunmaktad\u0131r. Do\u011fa gezileriyle bu k\u00fclt\u00fcrel de\u011ferlerimizi ve e\u015fsiz g\u00fczellikleri daha \u00e7ok insan\u0131m\u0131z\u0131n g\u00f6rmesini ve tan\u0131malar\u0131n\u0131 istiyoruz&#8221; diye konu\u015ftu.<br \/>\n\u00a0<\/p>\n","protected":false},"excerpt":{"rendered":"<p>Toroslar Belediyesi taraf\u0131ndan Tarihi K\u0131z\u0131lge\u00e7it K\u00f6pr\u00fcs\u00fc&#8217;ne ger\u00e7ekle\u015ftirilecek do\u011fa y\u00fcr\u00fcy\u00fc\u015f\u00fc, her ya\u015ftan sporseveri bir araya getirecek. Belediyenin ilk kez d\u00fczenleyece\u011fi etkinlik ile Toroslar&#8217;\u0131n tarihi ve do\u011fal g\u00fczellikleri ke\u015ffedilecek. \u00a0 13 Eyl\u00fcl &hellip; <a href=\"https:\/\/akdenizolaygazetesi.com\/?p=8220\" class=\"more-link\">Devam\u0131n\u0131 Oku&#8230;<\/a><\/p>\n","protected":false},"author":1,"featured_media":0,"comment_status":"open","ping_status":"open","sticky":false,"template":"","format":"standard","meta":[],"categories":[],"tags":[],"_links":{"self":[{"href":"https:\/\/akdenizolaygazetesi.com\/index.php?rest_route=\/wp\/v2\/posts\/8220"}],"collection":[{"href":"https:\/\/akdenizolaygazetesi.com\/index.php?rest_route=\/wp\/v2\/posts"}],"about":[{"href":"https:\/\/akdenizolaygazetesi.com\/index.php?rest_route=\/wp\/v2\/types\/post"}],"author":[{"embeddable":true,"href":"https:\/\/akdenizolaygazetesi.com\/index.php?rest_route=\/wp\/v2\/users\/1"}],"replies":[{"embeddable":true,"href":"https:\/\/akdenizolaygazetesi.com\/index.php?rest_route=%2Fwp%2Fv2%2Fcomments&post=8220"}],"version-history":[{"count":0,"href":"https:\/\/akdenizolaygazetesi.com\/index.php?rest_route=\/wp\/v2\/posts\/8220\/revisions"}],"wp:attachment":[{"href":"https:\/\/akdenizolaygazetesi.com\/index.php?rest_route=%2Fwp%2Fv2%2Fmedia&parent=8220"}],"wp:term":[{"taxonomy":"category","embeddable":true,"href":"https:\/\/akdenizolaygazetesi.com\/index.php?rest_route=%2Fwp%2Fv2%2Fcategories&post=8220"},{"taxonomy":"post_tag","embeddable":true,"href":"https:\/\/akdenizolaygazetesi.com\/index.php?rest_route=%2Fwp%2Fv2%2Ftags&post=8220"}],"curies":[{"name":"wp","href":"https:\/\/api.w.org\/{rel}","templated":true}]}}