{"id":8221,"date":"2020-11-04T18:28:41","date_gmt":"2020-11-04T15:28:41","guid":{"rendered":"http:\/\/mersinekonomipolitikagazetesi.com\/?p=8221"},"modified":"2020-11-04T18:28:41","modified_gmt":"2020-11-04T15:28:41","slug":"2-milyon-kisi-artik-calismiyor","status":"publish","type":"post","link":"https:\/\/akdenizolaygazetesi.com\/?p=8221","title":{"rendered":"2 milyon ki\u015fi art\u0131k \u00e7al\u0131\u015fm\u0131yor!"},"content":{"rendered":"<p>Haziran d\u00f6neminde i\u015fsiz say\u0131s\u0131 ge\u00e7en y\u0131l\u0131n ayn\u0131 d\u00f6nemine g\u00f6re 152 bin ki\u015fi azalsa da i\u015fsizlik oran\u0131 0,4 puan art\u0131\u015fla y\u00fczde 13,4&#8217;e y\u00fckseldi. \u0130stihdam edilen insan say\u0131s\u0131 ise ge\u00e7en y\u0131l\u0131n ayn\u0131 d\u00f6nemine g\u00f6re neredeyse 2 milyon ki\u015fi eksildi.<\/p>\n<p>T\u00fcrkiye&#8217;de i\u015fsizlik oran\u0131, haziranda ge\u00e7en y\u0131l\u0131n ayn\u0131 ay\u0131na g\u00f6re 0.4 puan artarak y\u00fczde 13.4&#8217;e y\u00fckseldi. \u0130\u015fsiz say\u0131s\u0131 152 bin ki\u015fi azalarak 4 milyon 101 bin ki\u015fi olarak kay\u0131tlara ge\u00e7ti.<br \/>\nT\u00fcrkiye \u0130statistik Kurumu (T\u00dc\u0130K), haziran ay\u0131na ili\u015fkin i\u015f g\u00fcc\u00fc istatistiklerini a\u00e7\u0131klad\u0131.<br \/>\nBuna g\u00f6re, T\u00fcrkiye genelinde 15 ve daha yukar\u0131 ya\u015ftakilerde i\u015fsiz say\u0131s\u0131, haziranda ge\u00e7en y\u0131l\u0131n ayn\u0131 ay\u0131na g\u00f6re 152 bin ki\u015fi azalarak 4 milyon 101 bin ki\u015fiye geriledi.<\/p>\n<p>\u00a0Ayn\u0131 d\u00f6nemde i\u015fsizlik oran\u0131 0.4 puan\u00a0<br \/>\nartarak y\u00fczde 13.4 oldu.<\/p>\n<p>Tar\u0131m d\u0131\u015f\u0131 i\u015fsizlik oran\u0131 ise 0.6 puanl\u0131k art\u0131\u015fla y\u00fczde 15.9 olarak hesapland\u0131.<br \/>\n\u0130\u015fsizlik oran\u0131 haziranda bir \u00f6nceki aya g\u00f6re ise 0.5 puan artt\u0131. S\u00f6z konusu ayda 15-24 ya\u015f grubunu i\u00e7eren gen\u00e7 i\u015fsizlik oran\u0131 1.3 puan artarak y\u00fczde 26.1 oldu. \u0130\u015fsizlik oran\u0131 15-64 ya\u015f grubunda ise 0.4 puan art\u0131\u015fla y\u00fczde 13.7 olarak ger\u00e7ekle\u015fti.<\/p>\n<p>\u0130stihdam edilenlerin oran\u0131<\/p>\n<p>Buna g\u00f6re, istihdam edilenlerin say\u0131s\u0131 haziranda ge\u00e7en y\u0131l\u0131n ayn\u0131 ay\u0131na g\u00f6re 1 milyon 981 bin ki\u015fi azald\u0131 ve 26 milyon 531 bin ki\u015fiye d\u00fc\u015ft\u00fc. \u0130stihdam oran\u0131 da 4 puan azalarak y\u00fczde 42.4 olarak ger\u00e7ekle\u015fti.<br \/>\nBu d\u00f6nemde, istihdam edilenlerin say\u0131s\u0131 tar\u0131m sekt\u00f6r\u00fcnde 274 bin, sanayide 319 bin, in\u015faatta 91 bin, hizmette 1 milyon 298 bin ki\u015fi azald\u0131. \u0130stihdam edilenlerin y\u00fczde 19.3&#8217;\u00fc tar\u0131m, y\u00fczde 20&#8217;si sanayi, y\u00fczde 5,8&#8217;i in\u015faat, y\u00fczde 55&#8217;i hizmet sekt\u00f6r\u00fcnde yer ald\u0131.<\/p>\n<p>\u0130\u015f g\u00fcc\u00fcne kat\u0131lma oran\u0131\u00a0<\/p>\n<p>\u0130\u015f g\u00fcc\u00fc haziranda ge\u00e7en y\u0131l\u0131n ayn\u0131 d\u00f6nemine g\u00f6re 2 milyon 134 bin ki\u015fi azalarak 30 milyon 632 bin ki\u015fi, i\u015f g\u00fcc\u00fcne kat\u0131lma oran\u0131 da 4.3 puanl\u0131k azal\u0131\u015fla y\u00fczde 49 oldu.<\/p>\n<p>Herhangi bir sosyal g\u00fcvenlik kurulu\u015funa ba\u011fl\u0131 olmadan \u00e7al\u0131\u015fanlar\u0131n toplam \u00e7al\u0131\u015fanlar i\u00e7indeki pay\u0131n\u0131 g\u00f6steren kay\u0131t d\u0131\u015f\u0131 \u00e7al\u0131\u015fanlar\u0131n oran\u0131, haziranda ge\u00e7en y\u0131l\u0131n ayn\u0131 d\u00f6nemine g\u00f6re 3.9 puan azal\u0131\u015fla y\u00fczde 31.3 olarak kaydedildi. \u00a0Tar\u0131m d\u0131\u015f\u0131 sekt\u00f6rde kay\u0131t d\u0131\u015f\u0131 \u00e7al\u0131\u015fanlar\u0131n oran\u0131 bu d\u00f6nemde 4.3 puan d\u00fc\u015ferek y\u00fczde 18.9 olarak belirlendi.<\/p>\n","protected":false},"excerpt":{"rendered":"<p>Haziran d\u00f6neminde i\u015fsiz say\u0131s\u0131 ge\u00e7en y\u0131l\u0131n ayn\u0131 d\u00f6nemine g\u00f6re 152 bin ki\u015fi azalsa da i\u015fsizlik oran\u0131 0,4 puan art\u0131\u015fla y\u00fczde 13,4&#8217;e y\u00fckseldi. \u0130stihdam edilen insan say\u0131s\u0131 ise ge\u00e7en y\u0131l\u0131n ayn\u0131 &hellip; <a href=\"https:\/\/akdenizolaygazetesi.com\/?p=8221\" class=\"more-link\">Devam\u0131n\u0131 Oku&#8230;<\/a><\/p>\n","protected":false},"author":1,"featured_media":0,"comment_status":"open","ping_status":"open","sticky":false,"template":"","format":"standard","meta":[],"categories":[],"tags":[],"_links":{"self":[{"href":"https:\/\/akdenizolaygazetesi.com\/index.php?rest_route=\/wp\/v2\/posts\/8221"}],"collection":[{"href":"https:\/\/akdenizolaygazetesi.com\/index.php?rest_route=\/wp\/v2\/posts"}],"about":[{"href":"https:\/\/akdenizolaygazetesi.com\/index.php?rest_route=\/wp\/v2\/types\/post"}],"author":[{"embeddable":true,"href":"https:\/\/akdenizolaygazetesi.com\/index.php?rest_route=\/wp\/v2\/users\/1"}],"replies":[{"embeddable":true,"href":"https:\/\/akdenizolaygazetesi.com\/index.php?rest_route=%2Fwp%2Fv2%2Fcomments&post=8221"}],"version-history":[{"count":0,"href":"https:\/\/akdenizolaygazetesi.com\/index.php?rest_route=\/wp\/v2\/posts\/8221\/revisions"}],"wp:attachment":[{"href":"https:\/\/akdenizolaygazetesi.com\/index.php?rest_route=%2Fwp%2Fv2%2Fmedia&parent=8221"}],"wp:term":[{"taxonomy":"category","embeddable":true,"href":"https:\/\/akdenizolaygazetesi.com\/index.php?rest_route=%2Fwp%2Fv2%2Fcategories&post=8221"},{"taxonomy":"post_tag","embeddable":true,"href":"https:\/\/akdenizolaygazetesi.com\/index.php?rest_route=%2Fwp%2Fv2%2Ftags&post=8221"}],"curies":[{"name":"wp","href":"https:\/\/api.w.org\/{rel}","templated":true}]}}