{"id":8222,"date":"2020-11-04T18:28:41","date_gmt":"2020-11-04T15:28:41","guid":{"rendered":"http:\/\/mersinekonomipolitikagazetesi.com\/?p=8222"},"modified":"2020-11-04T18:28:41","modified_gmt":"2020-11-04T15:28:41","slug":"cumhurbaskani-yardimcisi-oktaydan-kktcye-su-mujdesi","status":"publish","type":"post","link":"https:\/\/akdenizolaygazetesi.com\/?p=8222","title":{"rendered":"Cumhurba\u015fkan\u0131 Yard\u0131mc\u0131s\u0131  Oktay&#8217;dan KKTC&#8217;ye su m\u00fcjdesi"},"content":{"rendered":"<p>Cumhurba\u015fkan\u0131 Yard\u0131mc\u0131s\u0131 Fuat Oktay, Anadolu&#8217;nun can suyunu KKTC&#8217;ye ta\u015f\u0131yan borularda ocak ay\u0131nda meydana gelen ar\u0131zan\u0131n onar\u0131lmas\u0131nda sona gelindi\u011fini belirterek, 25 Eyl\u00fcl&#8217;den itibaren yeniden su verilmeye ba\u015flanaca\u011f\u0131n\u0131 s\u00f6yledi.\u00a0<br \/>\nOktay, beraberinde KKTC Ba\u015fbakan\u0131 Ersin Tatar, Tar\u0131m ve Orman Bakan\u0131 Bekir Pakdemirli ve KKTC Tar\u0131m ve Do\u011fal Kaynaklar Bakan\u0131 Dursun O\u011fuz ile birlikte Mersin&#8217;in Anamur il\u00e7esi a\u00e7\u0131klar\u0131nda onar\u0131m \u00e7al\u0131\u015fmas\u0131 yapan Norve\u00e7 band\u0131ral\u0131 &#8216;Skandi Seven&#8217; adl\u0131 gemide incelemelerde bulundu. Oktay, helikopter ile geldi\u011fi gemideki incelemeleri s\u0131ras\u0131nda yapt\u0131\u011f\u0131 a\u00e7\u0131klamada, Anadolu&#8217;nun can suyunu KKTC&#8217;ye ta\u015f\u0131yan borularda ocak ay\u0131nda meydana gelen ar\u0131zan\u0131n onar\u0131lmas\u0131nda sona gelindi\u011fini belirterek, 25 Eyl\u00fcl&#8217;den itibaren yeniden su verilmeye ba\u015flanaca\u011f\u0131n\u0131 s\u00f6yledi. Oktay ayr\u0131ca, K\u0131br\u0131s&#8217;a tar\u0131msal sulama sa\u011flayacak su temin \u00e7al\u0131\u015fmalar\u0131n\u0131n da devam etti\u011fini s\u00f6yledi. &#8216;KKTC Su Temin Projesi&#8217; kapsam\u0131nda, Anamur&#8217;dan KKTC&#8217;ye i\u00e7me suyunu kar\u015f\u0131lamak \u00fczere bir b\u00f6l\u00fcm\u00fc deniz alt\u0131ndan d\u00f6\u015fenen borularla su ta\u015f\u0131n\u0131yor.\u00a0<\/p>\n","protected":false},"excerpt":{"rendered":"<p>Cumhurba\u015fkan\u0131 Yard\u0131mc\u0131s\u0131 Fuat Oktay, Anadolu&#8217;nun can suyunu KKTC&#8217;ye ta\u015f\u0131yan borularda ocak ay\u0131nda meydana gelen ar\u0131zan\u0131n onar\u0131lmas\u0131nda sona gelindi\u011fini belirterek, 25 Eyl\u00fcl&#8217;den itibaren yeniden su verilmeye ba\u015flanaca\u011f\u0131n\u0131 s\u00f6yledi.\u00a0 Oktay, beraberinde KKTC &hellip; <a href=\"https:\/\/akdenizolaygazetesi.com\/?p=8222\" class=\"more-link\">Devam\u0131n\u0131 Oku&#8230;<\/a><\/p>\n","protected":false},"author":1,"featured_media":0,"comment_status":"open","ping_status":"open","sticky":false,"template":"","format":"standard","meta":[],"categories":[],"tags":[],"_links":{"self":[{"href":"https:\/\/akdenizolaygazetesi.com\/index.php?rest_route=\/wp\/v2\/posts\/8222"}],"collection":[{"href":"https:\/\/akdenizolaygazetesi.com\/index.php?rest_route=\/wp\/v2\/posts"}],"about":[{"href":"https:\/\/akdenizolaygazetesi.com\/index.php?rest_route=\/wp\/v2\/types\/post"}],"author":[{"embeddable":true,"href":"https:\/\/akdenizolaygazetesi.com\/index.php?rest_route=\/wp\/v2\/users\/1"}],"replies":[{"embeddable":true,"href":"https:\/\/akdenizolaygazetesi.com\/index.php?rest_route=%2Fwp%2Fv2%2Fcomments&post=8222"}],"version-history":[{"count":0,"href":"https:\/\/akdenizolaygazetesi.com\/index.php?rest_route=\/wp\/v2\/posts\/8222\/revisions"}],"wp:attachment":[{"href":"https:\/\/akdenizolaygazetesi.com\/index.php?rest_route=%2Fwp%2Fv2%2Fmedia&parent=8222"}],"wp:term":[{"taxonomy":"category","embeddable":true,"href":"https:\/\/akdenizolaygazetesi.com\/index.php?rest_route=%2Fwp%2Fv2%2Fcategories&post=8222"},{"taxonomy":"post_tag","embeddable":true,"href":"https:\/\/akdenizolaygazetesi.com\/index.php?rest_route=%2Fwp%2Fv2%2Ftags&post=8222"}],"curies":[{"name":"wp","href":"https:\/\/api.w.org\/{rel}","templated":true}]}}