{"id":8223,"date":"2020-11-04T18:28:41","date_gmt":"2020-11-04T15:28:41","guid":{"rendered":"http:\/\/mersinekonomipolitikagazetesi.com\/?p=8223"},"modified":"2020-11-04T18:28:41","modified_gmt":"2020-11-04T15:28:41","slug":"oktay-karadenizde-elde-ettigimiz-basarili-sonuclari-insallah-dogu-akdenizde-de-alacagiz","status":"publish","type":"post","link":"https:\/\/akdenizolaygazetesi.com\/?p=8223","title":{"rendered":"Oktay: &#8220;Karadeniz&#8217;de elde etti\u011fimiz ba\u015far\u0131l\u0131 sonu\u00e7lar\u0131 in\u015fallah Do\u011fu Akdeniz&#8217;de de alaca\u011f\u0131z&#8221;"},"content":{"rendered":"<p><span style=\"line-height: 1.6em;\">\u00a0Cumhurba\u015fkan\u0131 Yard\u0131mc\u0131s\u0131 Fuat Oktay, Do\u011fu Akdeniz k\u0131ta sahalar\u0131yla birlikte T\u00fcrkiye&#8217;nin, kendi hak ve menfaatlerine; zerre, bir milim, \u015fu veya bu \u015fekilde ters g\u00f6zle bak\u0131lmas\u0131na dahi asla m\u00fcsaade etmeyece\u011fini belirterek, &#8220;Karadeniz\u2019de elde etti\u011fimiz ba\u015far\u0131l\u0131 sonu\u00e7lar\u0131 in\u015fallah Do\u011fu Akdeniz\u2019de, K\u0131br\u0131s ile birlik ve beraber \u00e7al\u0131\u015ft\u0131\u011f\u0131m\u0131zda burada da bu g\u00fczel haberleri alaca\u011f\u0131z&#8221; dedi.\u00a0<\/span><\/p>\n<p>Oktay, beraberinde KKTC Ba\u015fbakan\u0131 Ersin Tatar, Tar\u0131m ve Orman Bakan\u0131 Bekir Pakdemirli ve KKTC Tar\u0131m ve Do\u011fal Kaynaklar Bakan\u0131 Dursun O\u011fuz ile birlikte Mersin&#8217;in Anamur il\u00e7esi a\u00e7\u0131klar\u0131nda onar\u0131m \u00e7al\u0131\u015fmas\u0131 yapan Norve\u00e7 band\u0131ral\u0131 &#8216;Skandi Seven&#8217; adl\u0131 gemide incelemelerde bulundu. Oktay, helikopter ile geldi\u011fi gemideki incelemeleri s\u0131ras\u0131nda yapt\u0131\u011f\u0131 a\u00e7\u0131klamada, Anadolu&#8217;nun can suyunu KKTC&#8217;ye ta\u015f\u0131yan borularda ocak ay\u0131nda meydana gelen ar\u0131zan\u0131n onar\u0131lmas\u0131nda sona gelindi\u011fini belirterek, 25 Eyl\u00fcl&#8217;den itibaren yeniden su verilmeye ba\u015flanaca\u011f\u0131n\u0131 s\u00f6yledi.\u00a0<br \/>\nOktay, gemide yetkililerle ger\u00e7ekle\u015ftirdi\u011fi toplant\u0131n\u0131n ard\u0131ndan gazetecilere a\u00e7\u0131klama yapt\u0131. &#8216;KKTC Su Temin Projesi&#8217;ni, &#8220;D\u00fcnyan\u0131n en muhte\u015fem projelerinden biri&#8221; diye nitelendiren Oktay, \u201cHala a\u00e7\u0131ld\u0131\u011f\u0131 g\u00fcn de bug\u00fcn de d\u00fcnyan\u0131n tek projesi olan su alt\u0131ndan, T\u00fcrkiye\u2019den, Toroslar\u2019dan Kuzey K\u0131br\u0131s T\u00fcrk Cumhuriyeti\u2019ne su temin ediyor. Bu \u00e7er\u00e7evede Anamur a\u00e7\u0131klar\u0131nda gemideyiz. 106 kilometrelik bir hattan bahsediyoruz. Bu 106 kilometrelik hatt\u0131n 80 kilometresi deniz alt\u0131ndan as\u0131l\u0131 \u015fekilde T\u00fcrkiye\u2019den, Toroslar\u2019dan Ge\u00e7itk\u00f6y\u2019e giden su hatt\u0131. 2015 y\u0131l\u0131nda Cumhurba\u015fkan\u0131m\u0131z\u0131n a\u00e7\u0131l\u0131\u015f\u0131n\u0131 yapt\u0131\u011f\u0131, yine Cumhurba\u015fkan\u0131m\u0131z Recep Tayyip Erdo\u011fan\u2019\u0131n direktifleriyle \u2018K\u0131br\u0131s T\u00fcrk\u00fc susuz kalmayacakt\u0131r. T\u00fcrkiye\u2019den ne gerekiyorsa sonuna kadar yanlar\u0131nda olaca\u011f\u0131z, birlikte olaca\u011f\u0131z&#8217; talimatlar\u0131yla ger\u00e7ekle\u015fen bir projedir ve bu anlamda d\u00fcnyan\u0131n tek projesidir\u201d diye konu\u015ftu.\u00a0<br \/>\nBu y\u0131l\u0131n ocak ay\u0131nda serili alandan ge\u00e7en yerde 5 tane boru hatt\u0131nda meydana gelen bak\u0131m ve onar\u0131m ihtiyac\u0131yla ilgili yeniden \u00e7al\u0131\u015fmalara ba\u015fland\u0131\u011f\u0131n\u0131 dile getiren Oktay, \u201cDevlet Su \u0130\u015fleri de Tar\u0131m Bakanl\u0131\u011f\u0131m\u0131z da bu \u00e7al\u0131\u015fmay\u0131 birlikte takip ettiler. \u015eu anda bu projenin sonuna gelmi\u015f durumday\u0131z. Buradan m\u00fcjdeyi K\u0131br\u0131s T\u00fcrk\u00fcne vermek istiyorum. 25 Eyl\u00fcl 2020\u2019de, yani 15 g\u00fcn sonra bu suyu basm\u0131\u015f olaca\u011f\u0131z&#8221; ifadelerini kulland\u0131.<\/p>\n<p>&#8220;Do\u011fu Akdeniz&#8217;deki hak ve menfaatlerimize ters g\u00f6zle bak\u0131lmas\u0131na m\u00fcsaade etmeyece\u011fiz&#8221;\u00a0<br \/>\nHangi \u015fartlar alt\u0131nda olursa olsun, T\u00fcrkiye&#8217;nin KKTC ile birlikte ve beraber oldu\u011funu vurgulayan Oktay, \u015f\u00f6yle devam etti: &#8220;Bu birliktelik \u00f6zellikle son zamanlarda Do\u011fu Akdeniz \u00f6zelinde d\u00fc\u015f\u00fcnd\u00fc\u011f\u00fcm\u00fczde \u00e7ok ayr\u0131 bir anlam ifade etmektedir. T\u00fcrkiye\u2019yi ana karas\u0131na hapsetmeye \u00e7al\u0131\u015fanlara biz buradan bir mesaj daha verelim. Do\u011fu Akdeniz k\u0131ta sahalar\u0131yla birlikte T\u00fcrkiye, kendi hak ve menfaatlerinden zerre, bir milim, \u015fu veya bu \u015fekilde ters g\u00f6zle bak\u0131lmas\u0131na dahi asla m\u00fcsaade etmeyecektir. Burada 5 tane gemi bu suyu vermek i\u00e7in \u00e7al\u0131\u015f\u0131yor. Korona d\u00f6neminde T\u00fcrkiye nas\u0131l her g\u00fcn bir baraj\u0131n\u0131, yolunu, k\u00f6pr\u00fcs\u00fcn\u00fc, havaliman\u0131n\u0131 a\u00e7\u0131yor, b\u00fct\u00fcn d\u00fcnya ile entegre oluyorsa, hi\u00e7bir projesi zarar g\u00f6rmediyse, bug\u00fcn K\u0131br\u0131s T\u00fcrk\u00fcne giden bu su projesini de bir an \u00f6nce bitirecektir. 25 Eyl\u00fcl\u2019den itibaren de in\u015fallah suyu tekrar verece\u011fiz. Bu birlik ve beraberlik devam ederse i\u00e7me suyunun akabinde, tar\u0131msal sulamayla da ilgili sorunu \u00e7\u00f6z\u00fcyor olaca\u011f\u0131z. Bu m\u00fcjdeleri de yak\u0131nda veriyor oluruz. Projede \u015funu da g\u00f6rd\u00fck. Son derece teknolojik makineler kullan\u0131ld\u0131. Buda T\u00fcrkiye\u2019nin teknolojik olarak g\u00fcc\u00fcn\u00fc g\u00f6stermektedir. Burada eme\u011fi ge\u00e7en herkese te\u015fekk\u00fcr ederim.&#8221;\u00a0<\/p>\n<p>&#8220;Karadeniz&#8217;de elde etti\u011fimiz ba\u015far\u0131l\u0131 sonu\u00e7lar\u0131 in\u015fallah Do\u011fu Akdeniz&#8217;de de alaca\u011f\u0131z&#8221;\u00a0<br \/>\nDo\u011fu Akdeniz ile ilgili de mesaj veren Oktay, \u201cKaradeniz\u2019de elde etti\u011fimiz ba\u015far\u0131l\u0131 sonu\u00e7lar\u0131 in\u015fallah Do\u011fu Akdeniz\u2019de, K\u0131br\u0131s ile birlik ve beraber \u00e7al\u0131\u015ft\u0131\u011f\u0131m\u0131zda burada da bu g\u00fczel haberleri alaca\u011f\u0131z. Bu g\u00fczel haberleri de payla\u015faca\u011f\u0131z. \u0130n\u015fallah o g\u00fcnlerde yak\u0131n. \u015eu an K\u0131br\u0131s a\u00e7\u0131klar\u0131nda tatbikat devam ediyor. Biz buradan Mehmet\u00e7iklerimize selam yolluyoruz. Bu \u00e7al\u0131\u015fmalar\u0131m\u0131z in\u015fallah g\u00fczel sonu\u00e7lanacak. Yeter ki biz bir, beraber ve dayan\u0131\u015fma i\u00e7erisinde olal\u0131m\u201d \u015feklinde konu\u015ftu.\u00a0<\/p>\n<p>Tatar&#8217;dan te\u015fekk\u00fcr\u00a0<br \/>\nKKTC Ba\u015fbakan\u0131 Ersin Tatar ise 2015 y\u0131l\u0131ndan 2020 Ocak ay\u0131na kadar kesintisiz bir \u015fekilde su ald\u0131klar\u0131n\u0131 belirterek, \u201cK\u0131br\u0131s T\u00fcrk\u2019\u00fcn\u00fcn gerek i\u00e7me gerekse de tar\u0131msal faaliyetlerinde kullanmas\u0131 i\u00e7in y\u0131lda 75 milyon metrekare su KKTC\u2019ye akm\u0131\u015ft\u0131r. 3-5 ayd\u0131r bak\u0131m, tamir ve onar\u0131m \u00e7al\u0131\u015fmalar\u0131n\u0131 y\u00fcr\u00fcten T\u00fcrkiye\u2019ye te\u015fekk\u00fcr ediyorum. 25 Eyl\u00fcl\u2019den sonra tekrardan akacak olan suyun hay\u0131rlara vesile olmas\u0131n\u0131 temenni ediyorum. \u015eu an Do\u011fu Akdeniz\u2019deyiz. Burada mavi vatanda, bir kez daha T\u00fcrkiye ile birlikte Do\u011fu Akdeniz\u2019de de Karadeniz\u2019den sonra buralarda in\u015fallah zaman i\u00e7erisinde gaz, petrol gibi zenginliklerin bulunmas\u0131nda, bu b\u00f6lgedeki hak ve \u00e7\u0131karlar\u0131m\u0131z\u0131 korunmas\u0131nda ve bu su projesiyle de K\u0131br\u0131s&#8217;\u0131m\u0131za ak\u0131t\u0131lacak olan suyun hem i\u00e7me hem de tar\u0131msal sulamaya \u00e7ok faydal\u0131 olaca\u011f\u0131n\u0131 d\u00fc\u015f\u00fcn\u00fcyorum\u201d dedi.\u00a0<br \/>\nTar\u0131m ve Orman Bakan\u0131 Bekir Pakdemirli de projeyle ilgili bilgiler verdi. Bu projenin \u00e7ok b\u00fcy\u00fck bir proje oldu\u011funu kaydeden Pakdemirli, \u201c50 tane Osman Gazi K\u00f6pr\u00fcs\u00fcn\u00fc yan yana koydu\u011funuzda elde edece\u011finiz bir proje. Asl\u0131nda temeline bakacak olursan\u0131z bir asma k\u00f6pr\u00fc mant\u0131\u011f\u0131yla \u00e7al\u0131\u015fan bir proje. Ger\u00e7ekten bir asma k\u00f6pr\u00fcn\u00fcn \u00e7ok \u00f6tesinde bir m\u00fchendislik gerektiren, T\u00fcrkiye ve K\u0131br\u0131s i\u00e7in hakikaten \u00e7ok faydal\u0131, b\u00fcy\u00fck ve d\u00fcnyaya \u00f6rnek olabilen bir projedir. 8 Ocak\u2019ta bir s\u0131k\u0131nt\u0131 ya\u015fad\u0131k. Hemen incelemelerde bulunduk. Daha sonra \u00e7al\u0131\u015fmalara hemen ba\u015flad\u0131k ve art\u0131k \u00e7al\u0131\u015fmalarda sona geliyoruz. 25 Eyl\u00fcl\u2019de suyu verece\u011fiz\u201d diye konu\u015ftu.\u00a0<br \/>\nKonu\u015fmalar\u0131n ard\u0131ndan Oktay ve beraberindekiler, \u00e7al\u0131\u015fmalarla ilgili bilgiler ald\u0131.\u00a0<\/p>\n","protected":false},"excerpt":{"rendered":"<p>\u00a0Cumhurba\u015fkan\u0131 Yard\u0131mc\u0131s\u0131 Fuat Oktay, Do\u011fu Akdeniz k\u0131ta sahalar\u0131yla birlikte T\u00fcrkiye&#8217;nin, kendi hak ve menfaatlerine; zerre, bir milim, \u015fu veya bu \u015fekilde ters g\u00f6zle bak\u0131lmas\u0131na dahi asla m\u00fcsaade etmeyece\u011fini belirterek, &#8220;Karadeniz\u2019de &hellip; <a href=\"https:\/\/akdenizolaygazetesi.com\/?p=8223\" class=\"more-link\">Devam\u0131n\u0131 Oku&#8230;<\/a><\/p>\n","protected":false},"author":1,"featured_media":0,"comment_status":"open","ping_status":"open","sticky":false,"template":"","format":"standard","meta":[],"categories":[],"tags":[],"_links":{"self":[{"href":"https:\/\/akdenizolaygazetesi.com\/index.php?rest_route=\/wp\/v2\/posts\/8223"}],"collection":[{"href":"https:\/\/akdenizolaygazetesi.com\/index.php?rest_route=\/wp\/v2\/posts"}],"about":[{"href":"https:\/\/akdenizolaygazetesi.com\/index.php?rest_route=\/wp\/v2\/types\/post"}],"author":[{"embeddable":true,"href":"https:\/\/akdenizolaygazetesi.com\/index.php?rest_route=\/wp\/v2\/users\/1"}],"replies":[{"embeddable":true,"href":"https:\/\/akdenizolaygazetesi.com\/index.php?rest_route=%2Fwp%2Fv2%2Fcomments&post=8223"}],"version-history":[{"count":0,"href":"https:\/\/akdenizolaygazetesi.com\/index.php?rest_route=\/wp\/v2\/posts\/8223\/revisions"}],"wp:attachment":[{"href":"https:\/\/akdenizolaygazetesi.com\/index.php?rest_route=%2Fwp%2Fv2%2Fmedia&parent=8223"}],"wp:term":[{"taxonomy":"category","embeddable":true,"href":"https:\/\/akdenizolaygazetesi.com\/index.php?rest_route=%2Fwp%2Fv2%2Fcategories&post=8223"},{"taxonomy":"post_tag","embeddable":true,"href":"https:\/\/akdenizolaygazetesi.com\/index.php?rest_route=%2Fwp%2Fv2%2Ftags&post=8223"}],"curies":[{"name":"wp","href":"https:\/\/api.w.org\/{rel}","templated":true}]}}