{"id":8228,"date":"2020-11-04T18:28:42","date_gmt":"2020-11-04T15:28:42","guid":{"rendered":"http:\/\/mersinekonomipolitikagazetesi.com\/?p=8228"},"modified":"2020-11-04T18:28:42","modified_gmt":"2020-11-04T15:28:42","slug":"baskan-secer-tarsuslu-ureticilere-12-bin-500-incir-fidani-dagitti","status":"publish","type":"post","link":"https:\/\/akdenizolaygazetesi.com\/?p=8228","title":{"rendered":"Ba\u015fkan Se\u00e7er, Tarsuslu \u00fcreticilere 12 bin 500 incir fidan\u0131 da\u011f\u0131tt\u0131"},"content":{"rendered":"<p><span style=\"line-height: 1.6em;\">Mersin B\u00fcy\u00fck\u015fehir Belediye Ba\u015fkan\u0131 Vahap Se\u00e7er, Tarsuslu incir \u00fcreticilerine ge\u00e7en sene Tarsus \u0130ncir \u015eenli\u011finde verdi\u011fi s\u00f6z\u00fc yerine getirdi ve 18 mahallede 328 \u00fcreticiye toplam 12 bin 500 incir fidan\u0131 da\u011f\u0131tt\u0131.\u00a0<\/span><\/p>\n<p>Ba\u015fkan Se\u00e7er, Tarsus il\u00e7esi Kadelli mevkindeki incir fidan\u0131 da\u011f\u0131t\u0131m t\u00f6reninde \u00fcreticilerle bulu\u015ftu. T\u00f6rene, Tarsus Ziraat Odas\u0131 Ba\u015fkan\u0131 Veyis Avc\u0131, mahalle muhtarlar\u0131 ve salg\u0131n tedbirleri dolay\u0131s\u0131yla s\u0131n\u0131rl\u0131 say\u0131da \u00fcretici kat\u0131ld\u0131. Ge\u00e7en y\u0131l b\u00f6lgede yeti\u015fen ve D\u00f6rtler Karas\u0131 olarak adland\u0131r\u0131lan incir \u00e7e\u015fidinin ulusal ve uluslararas\u0131 alanda tan\u0131t\u0131lmas\u0131 amac\u0131yla ilk kez d\u00fczenlenen Tarsus \u0130ncir \u015eenli\u011finin y\u0131l d\u00f6n\u00fcm\u00fcnde Ba\u015fkan Se\u00e7er \u00fcreticiye verdi\u011fi s\u00f6z\u00fc yerine getirerek, \u00fcreticiye incir fidan\u0131 da\u011f\u0131tt\u0131.\u00a0<\/p>\n<p>\u201cBizim b\u00f6lgemiz \u00fcretim b\u00f6lgesi\u201d\u00a0<br \/>\nSe\u00e7er, t\u00f6rende yapt\u0131\u011f\u0131 konu\u015fmada, ge\u00e7en sene kat\u0131ld\u0131\u011f\u0131 \u015fenlikte tar\u0131msal hizmetler konusunda \u00fcreticinin y\u00fcz\u00fcn\u00fc g\u00fcld\u00fcrecek projeleri hayata ge\u00e7ireceklerini s\u00f6yledi\u011fini hat\u0131rlatarak, \u201c\u0130ncir fidan\u0131 da\u011f\u0131t\u0131m\u0131 ger\u00e7ekle\u015ftirece\u011fimizin s\u00f6z\u00fcn\u00fc o tarihte vermi\u015fim ve bug\u00fcn o s\u00f6z\u00fcm\u00fcz\u00fc yerine getirmenin mutlulu\u011fuyla bir araday\u0131z. Bizim Tarsus Karas\u0131 me\u015fhur incirimizin \u00fcretimini ve pazar pay\u0131n\u0131 art\u0131rmak i\u00e7in yap\u0131lan bir \u00e7al\u0131\u015fma. 328 \u00fcreticiye 12 bin 500 adet incir fidan\u0131 da\u011f\u0131taca\u011f\u0131z. Bu yakla\u015f\u0131k olarak 625 dekar alan demek. T\u00fcrkiye\u2019nin toplamda ya\u015f incir \u00fcretimi 310 bin ton. Sadece Mersin\u2019in ald\u0131\u011f\u0131 pay 8 bin 500 ton civar\u0131nda. \u015eimdi bu da\u011f\u0131taca\u011f\u0131m\u0131z fidanlar \u00fcretimin daha da artmas\u0131n\u0131 sa\u011flayacak bir \u00e7al\u0131\u015fma olacak. Bizim b\u00f6lgemiz \u00fcretim b\u00f6lgesi. Ekme\u011fini topraktan, ta\u015ftan \u00e7\u0131kartan bir b\u00f6lge. Bu b\u00f6lgenin insan\u0131 \u00fcz\u00fcm, incir, pamuk, m\u0131s\u0131r, s\u00fct \u00fcretiyor, Toroslar\u2019\u0131n eteklerinde ke\u00e7icilik yap\u0131yor ve d\u00fcnyan\u0131n en helal paras\u0131 olan ziraattan, tar\u0131mdan para kazan\u0131yor. Tar\u0131m \u00e7ok \u00f6nemli. Sadece bize kazand\u0131rd\u0131\u011f\u0131 para a\u00e7\u0131s\u0131ndan de\u011fil; tar\u0131m olmazsa ya\u015fam olmaz\u201d dedi.\u00a0<\/p>\n<p>\u201c\u0130ktidarlar tar\u0131ma destek vermek zorunda\u201d\u00a0<br \/>\nSe\u00e7er, \u015fu anda T\u00fcrkiye\u2019de her 100 dolarl\u0131k cironun y\u00fczde 5,5-6\u2019l\u0131k bir diliminin tar\u0131mdan sa\u011fland\u0131\u011f\u0131n\u0131 ve T\u00fcrkiye\u2019de y\u00fczde 30\u2019luk bir kesiminin ge\u00e7imini bu sayede sa\u011flad\u0131\u011f\u0131n\u0131 kaydetti. Bu sebeple iktidarlar\u0131n tar\u0131ma destek vermesi gerekti\u011fini vurgulayan Se\u00e7er, \u201cTar\u0131m d\u00fcnyan\u0131n hi\u00e7bir yerinde devlet taraf\u0131ndan desteklenmedi\u011fi takdirde varl\u0131\u011f\u0131n\u0131 s\u00fcrd\u00fcremez. T\u00fcrkiye de bunlardan biri. Biz tar\u0131m toplumu olarak an\u0131l\u0131r\u0131z. Cumhuriyetin ilk kuruldu\u011fu y\u0131llarda n\u00fcfusun 3\u2019te 2\u2019lik bir kesimi k\u00f6ydeydi, 3\u2019te 1\u2019lik kesim kentte ya\u015f\u0131yordu ve T\u00fcrkiye tar\u0131m geliri olan bir \u00fclkeydi. T\u00fcrkiye\u2019nin toplam gelirinin \u00f6nemli bir k\u0131sm\u0131 tar\u0131md\u0131. Ama d\u00fcnyada de\u011fi\u015fimler olduk\u00e7a, bizde de farkl\u0131 alanda geli\u015fmeler oldu. Sanayide, in\u015faat sekt\u00f6r\u00fcnde, hizmet sekt\u00f6r\u00fcnde de\u011fi\u015fimler oldu ve T\u00fcrkiye\u2019nin toplam cirosu i\u00e7erisinde tar\u0131m\u0131n pay\u0131 \u00e7ok k\u00fc\u00e7\u00fcld\u00fc\u201d diye konu\u015ftu.\u00a0<\/p>\n<p>\u201cTar\u0131ma elimizden gelen deste\u011fi de\u011fil, gereken deste\u011fi veriyoruz\u201d\u00a0<br \/>\nT\u00fcrkiye\u2019de en geni\u015f anlamda tar\u0131m politikalar\u0131 yapan kurumun Tar\u0131m ve Orman Bakanl\u0131\u011f\u0131 oldu\u011funu, ancak yerel y\u00f6netimlerin de tar\u0131ma destek vermesi gerekti\u011fini vurgulayan Se\u00e7er, Mersin B\u00fcy\u00fck\u015fehir Belediyesi olarak hi\u00e7bir gerek\u00e7enin arkas\u0131na s\u0131\u011f\u0131nmadan \u00fcreticiye ellerinden geleni de\u011fil, gereken deste\u011fi sa\u011flad\u0131klar\u0131n\u0131 kaydetti. Her alanda \u00fcretim yapan bir kent olan Mersin\u2019in T\u00fcrkiye\u2019nin gelece\u011fi olan en \u00f6nemli kentlerinin ba\u015f\u0131nda geldi\u011fini belirten Se\u00e7er, \u201cNe kadar yat\u0131r\u0131m, \u00fcretim, istihdam o kadar ihracat, para, e\u011fitim, sa\u011fl\u0131k, k\u00fclt\u00fcr, sanat ve huzur. Paran\u0131n, i\u015fin, a\u015f\u0131n, ekme\u011fin olmad\u0131\u011f\u0131 yerde kavga olur. Bizim milletimiz kavga istemiyor. \u00c7al\u0131\u015fal\u0131m, \u00fcretelim, azmedelim, ta\u015f\u0131n suyunu \u00e7\u0131kartal\u0131m, hakk\u0131m\u0131zla, al\u0131n terimizle ekme\u011fimizi kazanal\u0131m ve T\u00fcrkiye\u2019yi geli\u015ftirelim. Bizler de y\u00f6neticiler olarak, sizlerin deste\u011fiyle, sizlerin izniyle bu anlay\u0131\u015fa lay\u0131k bir y\u00f6netim anlay\u0131\u015f\u0131 sergilemek zorunday\u0131z\u201d ifadelerini kulland\u0131.\u00a0<\/p>\n<p>\u201cHer kayna\u011f\u0131 kuru\u015funa kadar hesap ederek yat\u0131r\u0131ma d\u00f6n\u00fc\u015ft\u00fcr\u00fcyoruz\u201d\u00a0<br \/>\nVatanda\u015f\u0131n her kuru\u015funu g\u00f6zeterek tar\u0131m alan\u0131nda da \u00f6nemli projeler s\u00fcrd\u00fcrd\u00fcklerini ifade eden Se\u00e7er, \u201c\u00d6nemli proje \u00e7al\u0131\u015fmalar\u0131 devam ediyor kamuoyuyla payla\u015fmad\u0131\u011f\u0131m\u0131z. Ak\u0131lc\u0131 ve ger\u00e7ekten sonu\u00e7 alabilece\u011fimiz \u00e7al\u0131\u015fmalar. Harcad\u0131\u011f\u0131m\u0131z kaynak sizin, para sizin. Her kuru\u015fu de\u011ferli bana g\u00f6re. Ben paran\u0131n, \u00e7al\u0131\u015fman\u0131n, al\u0131n terinin, kazanc\u0131n ne oldu\u011funu bilen bir adam\u0131m. Belediyemde bu paray\u0131 harcarken, nas\u0131l kendi param\u0131n k\u0131ymetini biliyorum, ondan \u00e7ok daha fazla sizin paran\u0131z\u0131n k\u0131ymetini bilerek harc\u0131yoruz. Yapt\u0131\u011f\u0131m\u0131z projeler b\u00f6yle. 1 liral\u0131k i\u015fi 5 liraya yapamay\u0131z. Siz affedersiniz, Allah affetmez. Yanda\u015flar\u0131m\u0131z\u0131 zengin edemeyiz. Siz affedersiniz, kanundan ka\u00e7ar\u0131z, k\u0131l\u0131f\u0131na uydururuz ama Allah affetmez. Biz Allah\u2019tan korkar\u0131z, kul hakk\u0131 yemekten korkar\u0131z. Onun i\u00e7in bize sizlerin \u00f6dedi\u011fi vergilerle aktar\u0131lan her kayna\u011f\u0131 kuru\u015funa kadar hesap ederek yat\u0131r\u0131ma d\u00f6n\u00fc\u015ft\u00fcr\u00fcyoruz. Tar\u0131msal projelerimiz de \u00f6yle\u201d dedi.\u00a0<br \/>\nSe\u00e7er, B\u00fcy\u00fck\u015fehir Belediyesi olarak g\u00f6reve geldikleri g\u00fcnden bu yana \u00fcreticilere y\u00f6nelik sa\u011flad\u0131klar\u0131 desteklerden bahsederek, ilerleyen g\u00fcnlerde ger\u00e7ekle\u015ftirecekleri projeleri de anlatt\u0131. Se\u00e7er, bu y\u0131l i\u00e7erisinde 60 bin 104 metre da\u011f\u0131t\u0131lan sulama borusunun 5 bin 806 metresinin Tarsus\u2019un \u00c7evreli, \u00c7iri\u015ftepe, Karadirlik ve Sayk\u00f6y\u2019deki \u00fcreticilere ula\u015ft\u0131r\u0131ld\u0131\u011f\u0131n\u0131 s\u00f6yledi. Ayr\u0131ca bu y\u0131l ba\u015flat\u0131lan \u201cHaydi Gel K\u00f6y\u00fcm\u00fcze Destek Verelim Projesi\u201d kapsam\u0131nda Tarsus\u2019tan Anamur\u2019a kadar en az be\u015f ve en fazla on hayvan\u0131 olarak \u00fcreticilere k\u00fc\u00e7\u00fckba\u015f hayvan da\u011f\u0131tacaklar\u0131n\u0131 dile getiren Se\u00e7er, eyl\u00fcl sonunda hayata ge\u00e7ecek 5 y\u0131l s\u00fcreli bu projeyle \u00f6zellikle k\u00fc\u00e7\u00fck aile i\u015fletmelerini desteklemeyi ama\u00e7lad\u0131klar\u0131n\u0131 kaydetti.\u00a0<br \/>\nSe\u00e7er, yine eyl\u00fcl ay\u0131 i\u00e7erisinde Tarsus S\u00fct \u00dcreticileri Birli\u011fiyle y\u00fcr\u00fctecekleri ortak proje kapsam\u0131nda 60 \u00fcreticiye yem bitkisi tohumu da\u011f\u0131tacaklar\u0131n\u0131 belirterek, bu y\u0131l i\u00e7erisinde G\u00fclnar, Tarsus ve Mut\u2019ta da toplam 5 adet s\u00fct so\u011futma tank\u0131 da\u011f\u0131t\u0131m\u0131 yapacaklar\u0131n\u0131 vurgulad\u0131. Ba\u015fkan Se\u00e7er, yine \u201cS\u00fct Senin Gurur Mersin\u2019in Projesi\u201d kapsam\u0131nda ge\u00e7en sene okullarda 1 milyon 200 bin adet da\u011f\u0131t\u0131lan s\u00fctlerin bu sene 1 milyon 500\u2019e \u00e7\u0131kaca\u011f\u0131n\u0131, Erdemli ve Silifke\u2019yi de da\u011f\u0131t\u0131m a\u011flar\u0131na dahil edeceklerini a\u00e7\u0131klad\u0131.\u00a0<\/p>\n<p>\u00dcreticiye ekipman deste\u011fi\u00a0<br \/>\nSe\u00e7er, \u00fcreticiye yapacaklar\u0131 ekipman desteklerinden de s\u00f6z ederek, Mut, Toroslar ve Silifke\u2019de 5 adet erik boylama makinesi da\u011f\u0131tt\u0131klar\u0131n\u0131 s\u00f6yledi. Se\u00e7er, bunun yan\u0131 s\u0131ra Akdeniz Ziraat Odas\u0131\u2019na bitkisel at\u0131k k\u0131yma makinesi verdiklerini, \u00fcreticilerinin m\u00fcracaat ederek bundan faydaland\u0131\u011f\u0131n\u0131 belirtti. \u00c7aml\u0131yayla\u2019da \u00fcz\u00fcm suyu s\u0131kma makinesi, Toroslar ve Silifke\u2019de zeytin boylama, G\u00fclnar\u2019da badem soyma makinesinin \u00fcretici kooperatiflerine teslim edildi\u011fini, \u015fu anda Adanal\u0131o\u011flu ve Kazanl\u0131\u2019da da toplamda bin 100 \u00fcreticiye seralara musallat olan beyaz sinek ile m\u00fccadelede sar\u0131 yap\u0131\u015fkan da\u011f\u0131t\u0131klar\u0131n\u0131 vurgulayan Se\u00e7er, yine 2021 program\u0131na ald\u0131klar\u0131 proje kapsam\u0131nda serac\u0131 b\u00f6lgeler olan Adanal\u0131o\u011flu, Kazanl\u0131 ve Karacailyas\u2019taki \u00fcreticilere y\u0131lda 200 dekar alanda olmak \u00fczere \u00fc\u00e7 y\u0131lda toplamda 600 dekar alana y\u00fczde 50 hibeyle sera naylonu da\u011f\u0131t\u0131m\u0131 ger\u00e7ekle\u015ftireceklerini s\u00f6yledi.\u00a0<\/p>\n<p>\u00dcreticiye y\u00fcz binlerce fide ve fidan deste\u011fi yap\u0131lacak\u00a0<br \/>\nBa\u015fkan Se\u00e7er, Mersin B\u00fcy\u00fck\u015fehir Belediyesinin destekledi\u011fi Mersinden Kad\u0131n Kooperatifi b\u00fcnyesinde \u00fcretim yapan kad\u0131nlardan ald\u0131klar\u0131 800 bin adet \u00e7i\u00e7ek fidesi ve a\u011fa\u00e7 fidan\u0131yla kenti s\u00fcslediklerini, \u00fcreticilere de fide ve fidan da\u011f\u0131t\u0131mlar\u0131n\u0131 s\u00fcrd\u00fcrd\u00fcklerini belirtti. Se\u00e7er, Tarsus\u2019ta eyl\u00fcl ay\u0131 sonunda 82 bin adet nergis da\u011f\u0131t\u0131m\u0131 yap\u0131laca\u011f\u0131n\u0131, ekim ay\u0131nda da Tarsus\u2019un me\u015fhur Sar\u0131ulak Zeytin fidanlar\u0131n\u0131n 10 bin adedinin \u00fcreticilere da\u011f\u0131t\u0131laca\u011f\u0131n\u0131 duyurdu. Se\u00e7er ayr\u0131ca Silifke\u2019nin Baland\u0131z il\u00e7esinde da\u011f\u0131tt\u0131klar\u0131 ata tohumu sar\u0131 bu\u011fdaylar\u0131n hasad\u0131n\u0131n yap\u0131larak kooperatif taraf\u0131ndan \u00e7e\u015fitli \u00fcr\u00fcnlere d\u00f6n\u00fc\u015ft\u00fcr\u00fcld\u00fc\u011f\u00fcn\u00fc, bu y\u0131l i\u00e7erisinde \u00fcreticilere 100 bin adet de lavanta fidesi da\u011f\u0131tt\u0131klar\u0131n\u0131 s\u00f6yledi.\u00a0<\/p>\n","protected":false},"excerpt":{"rendered":"<p>Mersin B\u00fcy\u00fck\u015fehir Belediye Ba\u015fkan\u0131 Vahap Se\u00e7er, Tarsuslu incir \u00fcreticilerine ge\u00e7en sene Tarsus \u0130ncir \u015eenli\u011finde verdi\u011fi s\u00f6z\u00fc yerine getirdi ve 18 mahallede 328 \u00fcreticiye toplam 12 bin 500 incir fidan\u0131 da\u011f\u0131tt\u0131.\u00a0 &hellip; <a href=\"https:\/\/akdenizolaygazetesi.com\/?p=8228\" class=\"more-link\">Devam\u0131n\u0131 Oku&#8230;<\/a><\/p>\n","protected":false},"author":1,"featured_media":0,"comment_status":"open","ping_status":"open","sticky":false,"template":"","format":"standard","meta":[],"categories":[],"tags":[],"_links":{"self":[{"href":"https:\/\/akdenizolaygazetesi.com\/index.php?rest_route=\/wp\/v2\/posts\/8228"}],"collection":[{"href":"https:\/\/akdenizolaygazetesi.com\/index.php?rest_route=\/wp\/v2\/posts"}],"about":[{"href":"https:\/\/akdenizolaygazetesi.com\/index.php?rest_route=\/wp\/v2\/types\/post"}],"author":[{"embeddable":true,"href":"https:\/\/akdenizolaygazetesi.com\/index.php?rest_route=\/wp\/v2\/users\/1"}],"replies":[{"embeddable":true,"href":"https:\/\/akdenizolaygazetesi.com\/index.php?rest_route=%2Fwp%2Fv2%2Fcomments&post=8228"}],"version-history":[{"count":0,"href":"https:\/\/akdenizolaygazetesi.com\/index.php?rest_route=\/wp\/v2\/posts\/8228\/revisions"}],"wp:attachment":[{"href":"https:\/\/akdenizolaygazetesi.com\/index.php?rest_route=%2Fwp%2Fv2%2Fmedia&parent=8228"}],"wp:term":[{"taxonomy":"category","embeddable":true,"href":"https:\/\/akdenizolaygazetesi.com\/index.php?rest_route=%2Fwp%2Fv2%2Fcategories&post=8228"},{"taxonomy":"post_tag","embeddable":true,"href":"https:\/\/akdenizolaygazetesi.com\/index.php?rest_route=%2Fwp%2Fv2%2Ftags&post=8228"}],"curies":[{"name":"wp","href":"https:\/\/api.w.org\/{rel}","templated":true}]}}