{"id":823,"date":"2020-11-04T18:21:26","date_gmt":"2020-11-04T15:21:26","guid":{"rendered":"http:\/\/mersinekonomipolitikagazetesi.com\/?p=823"},"modified":"2020-11-04T18:21:26","modified_gmt":"2020-11-04T15:21:26","slug":"mersinde-amator-macta-ortalik-karisti","status":"publish","type":"post","link":"https:\/\/akdenizolaygazetesi.com\/?p=823","title":{"rendered":"Mersin&#8217;de amat\u00f6r ma\u00e7ta ortal\u0131k kar\u0131\u015ft\u0131"},"content":{"rendered":"<p>Mersin S\u00fcper Amat\u00f6r Play-off BAL&#8217;a \u00e7\u0131kma ma\u00e7\u0131nda, \u015fampiyonluk m\u00fccadelesi veren Mut \u0130dman Yurdu Belediye Spor\u2019un kendi sahas\u0131nda, Anamur Belediye Spor&#8217;la 1\u20131 berabere kalmas\u0131ndan sonra saha kar\u0131\u015ft\u0131.<\/p>\n<p><span style=\"font-family: Tahoma, Arial, 'Times New Roman TUR', Verdana; font-size: 15px; background-color: rgb(255, 255, 255);\">Mut \u0130l\u00e7e Stad\u0131\u2019nda oynanan ma\u00e7ta deplasman tak\u0131m\u0131 Anamur seyircisi ta\u015f ve t\u00fcrbindeki oturaklar\u0131 k\u0131rarak saha i\u00e7erisindeki Mut \u0130dman Yurdu futbolcular\u0131n\u0131n \u00fczerine att\u0131.<\/span><br style=\"font-family: Tahoma, Arial, 'Times New Roman TUR', Verdana; font-size: 15px; background-color: rgb(255, 255, 255);\" \/><br \/>\n<span style=\"font-family: Tahoma, Arial, 'Times New Roman TUR', Verdana; font-size: 15px; background-color: rgb(255, 255, 255);\">Mut \u0130dman Yurdu 8 numaral\u0131 futbolcu F\u0131rat Bekta\u015f\u2019\u0131n Anamur seyircilerinin saha i\u00e7erisine att\u0131\u011f\u0131 ta\u015f sonucu ba\u015f\u0131ndan yaralad\u0131. Futbolcu ambulansla Mut Devlet Hastanesi&#8217;ne kald\u0131r\u0131larak tedavi alt\u0131na al\u0131nd\u0131.<\/span><br style=\"font-family: Tahoma, Arial, 'Times New Roman TUR', Verdana; font-size: 15px; background-color: rgb(255, 255, 255);\" \/><br \/>\n<span style=\"font-family: Tahoma, Arial, 'Times New Roman TUR', Verdana; font-size: 15px; background-color: rgb(255, 255, 255);\">Mut seyircisi olaya k\u0131zarak sald\u0131rmak istese de emniyet g\u00fc\u00e7leri kavgaya izin vermedi. Ma\u00e7\u0131 seyretmeye gelen Anamur Belediye Ba\u015fkan\u0131 Mehmet T\u00fcre ve Mut \u0130l\u00e7e Kaymakam\u0131 Mehmet Ali Aky\u00fcz, Anamur seyircilerine uyar\u0131larda bulundu. Polis ekiplerinin de m\u00fcdahalesiyle olaylar yat\u0131\u015ft\u0131r\u0131ld\u0131.<\/span><\/p>\n","protected":false},"excerpt":{"rendered":"<p>Mersin S\u00fcper Amat\u00f6r Play-off BAL&#8217;a \u00e7\u0131kma ma\u00e7\u0131nda, \u015fampiyonluk m\u00fccadelesi veren Mut \u0130dman Yurdu Belediye Spor\u2019un kendi sahas\u0131nda, Anamur Belediye Spor&#8217;la 1\u20131 berabere kalmas\u0131ndan sonra saha kar\u0131\u015ft\u0131. Mut \u0130l\u00e7e Stad\u0131\u2019nda oynanan &hellip; <a href=\"https:\/\/akdenizolaygazetesi.com\/?p=823\" class=\"more-link\">Devam\u0131n\u0131 Oku&#8230;<\/a><\/p>\n","protected":false},"author":1,"featured_media":0,"comment_status":"open","ping_status":"open","sticky":false,"template":"","format":"standard","meta":[],"categories":[],"tags":[],"_links":{"self":[{"href":"https:\/\/akdenizolaygazetesi.com\/index.php?rest_route=\/wp\/v2\/posts\/823"}],"collection":[{"href":"https:\/\/akdenizolaygazetesi.com\/index.php?rest_route=\/wp\/v2\/posts"}],"about":[{"href":"https:\/\/akdenizolaygazetesi.com\/index.php?rest_route=\/wp\/v2\/types\/post"}],"author":[{"embeddable":true,"href":"https:\/\/akdenizolaygazetesi.com\/index.php?rest_route=\/wp\/v2\/users\/1"}],"replies":[{"embeddable":true,"href":"https:\/\/akdenizolaygazetesi.com\/index.php?rest_route=%2Fwp%2Fv2%2Fcomments&post=823"}],"version-history":[{"count":0,"href":"https:\/\/akdenizolaygazetesi.com\/index.php?rest_route=\/wp\/v2\/posts\/823\/revisions"}],"wp:attachment":[{"href":"https:\/\/akdenizolaygazetesi.com\/index.php?rest_route=%2Fwp%2Fv2%2Fmedia&parent=823"}],"wp:term":[{"taxonomy":"category","embeddable":true,"href":"https:\/\/akdenizolaygazetesi.com\/index.php?rest_route=%2Fwp%2Fv2%2Fcategories&post=823"},{"taxonomy":"post_tag","embeddable":true,"href":"https:\/\/akdenizolaygazetesi.com\/index.php?rest_route=%2Fwp%2Fv2%2Ftags&post=823"}],"curies":[{"name":"wp","href":"https:\/\/api.w.org\/{rel}","templated":true}]}}