{"id":8232,"date":"2020-11-04T18:28:42","date_gmt":"2020-11-04T15:28:42","guid":{"rendered":"http:\/\/mersinekonomipolitikagazetesi.com\/?p=8232"},"modified":"2020-11-04T18:28:42","modified_gmt":"2020-11-04T15:28:42","slug":"ozel-sektorde-calisma-kosullari-gittikce-agirlasiyor","status":"publish","type":"post","link":"https:\/\/akdenizolaygazetesi.com\/?p=8232","title":{"rendered":"\u2018\u00d6zel sekt\u00f6rde \u00e7al\u0131\u015fma  ko\u015fullar\u0131 gittik\u00e7e a\u011f\u0131rla\u015f\u0131yor\u2019"},"content":{"rendered":"<p>HDP Mersin Milletvekili Fatma Kurtulan Milli E\u011fitim Bakan\u0131 Ziya Sel\u00e7uk taraf\u0131ndan yan\u0131tlanmas\u0131 i\u00e7in soru \u00f6nergesi verdi. Kamuda atamas\u0131 yap\u0131lmayan ve \u00f6zel sekt\u00f6rde \u00e7al\u0131\u015fmak zorunda b\u0131rak\u0131lan \u00f6\u011fretmenlerin sorunlar\u0131na de\u011finen Kurtulan, \u00f6zellikle \u00f6zel sekt\u00f6rde \u00e7al\u0131\u015fma ko\u015fullar\u0131n\u0131n gittik\u00e7e a\u011f\u0131rla\u015ft\u0131\u011f\u0131nI s\u00f6yledi. Kurtulan, \u201cCovid-19 salg\u0131n\u0131 s\u00fcrecinde de \u00f6zel sekt\u00f6rde \u00e7al\u0131\u015fan \u00f6\u011fretmenler gittik\u00e7e artan \u00e7al\u0131\u015fma saatleri ile kar\u015f\u0131la\u015ft\u0131klar\u0131 gibi izin de yapamamaktad\u0131r. Ayr\u0131ca \u00f6zel sekt\u00f6rde \u00e7al\u0131\u015fan \u00f6\u011fretmenlerin maa\u015flar\u0131 kamu \u00e7al\u0131\u015fan\u0131 \u00f6\u011fretmenlerle k\u0131yaslanmayacak d\u00fczeyde d\u00fc\u015f\u00fckt\u00fcr. Bununla birlikte herhangi bir \u00e7al\u0131\u015fma g\u00fcvenceleri de bulunmayan \u00f6zel sekt\u00f6r \u00f6\u011fretmenleri her an i\u015fsiz kalmayla da kar\u015f\u0131 kar\u015f\u0131yad\u0131r.\u201d dedi. Kurtulan Bakan Sel\u00e7uk\u2019a \u015fu sorular\u0131 sordu;<br \/>\n1- \u00d6zel sekt\u00f6rde \u00e7al\u0131\u015fan \u00f6\u011fretmenlerin \u00fccretlerinde iyile\u015fme yap\u0131lmas\u0131, maa\u015flar\u0131n kamuda \u00e7al\u0131\u015fan \u00f6\u011fretmenlerin maa\u015flar\u0131yla e\u015fitlenmesi ad\u0131na Bakanl\u0131k olarak bir \u00e7al\u0131\u015fman\u0131z bulunmakta m\u0131d\u0131r?<br \/>\n2- \u00d6zel sekt\u00f6rde \u00e7al\u0131\u015fan \u00f6\u011fretmenlerin \u00e7al\u0131\u015ft\u0131klar\u0131 kurumlarda i\u015f g\u00fcvencesinin sa\u011flanmas\u0131, \u00f6zel e\u011fitim kurumlar\u0131yla \u00f6\u011fretmenler aras\u0131nda s\u00fcresiz i\u015f s\u00f6zle\u015fmesi uygulanmas\u0131 ad\u0131na Bakanl\u0131k olarak bir \u00e7al\u0131\u015fman\u0131z bulunmakta m\u0131d\u0131r?<br \/>\n3- Salg\u0131n s\u00fcrecinde \u00f6zel sekt\u00f6rde \u00e7al\u0131\u015fan \u00f6\u011fretmenlerin \u00e7al\u0131\u015fma ko\u015fullar\u0131 (\u00e7al\u0131\u015fma saati, yo\u011funlu\u011fu, izinler vb.) Bakanl\u0131\u011f\u0131n\u0131zca incelenmi\u015f midir? \u0130ncelenmi\u015f ise \u00e7al\u0131\u015fma ko\u015fullar\u0131n\u0131n d\u00fczenlenmesine y\u00f6nelik planlaman\u0131z var m\u0131d\u0131r?<br \/>\n4- Pandemi s\u00fcrecinde \u00f6zel sekt\u00f6rde \u00e7al\u0131\u015fan \u00f6\u011fretmenlere online e\u011fitim ekipmanlar\u0131 deste\u011fi verilmi\u015f midir\/verilecek midir?<br \/>\n5- Pandemi s\u00fcrecinde \u00f6zel sekt\u00f6rde \u00e7al\u0131\u015fan \u00f6\u011fretmenlerin verdikleri online e\u011fitimin mesai saati olarak say\u0131lmas\u0131na y\u00f6nelik d\u00fczenleme \u00e7al\u0131\u015fmas\u0131 bulunmakta m\u0131d\u0131r?<br \/>\n6- Uzaktan e\u011fitim d\u00f6neminde ya\u015fanan i\u015ften \u00e7\u0131karmalar\u0131n \u00f6zel e\u011fitim veren kurumlar taraf\u0131ndan \u00fccretsiz olarak say\u0131lmas\u0131n\u0131 \u00f6nlemek ad\u0131na \u00e7al\u0131\u015fman\u0131z bulunmakta m\u0131d\u0131r?<br \/>\n7- \u00d6zel sekt\u00f6r \u00f6\u011fretmenlerinin \u00e7al\u0131\u015fma esaslar\u0131 ve \u00f6zl\u00fck haklar\u0131na y\u00f6nelik kapsaml\u0131 bir y\u00f6netmelik ihtiyac\u0131n\u0131n giderilmesi \u00e7al\u0131\u015fman\u0131z bulunmakta m\u0131d\u0131r?\u00a0<\/p>\n","protected":false},"excerpt":{"rendered":"<p>HDP Mersin Milletvekili Fatma Kurtulan Milli E\u011fitim Bakan\u0131 Ziya Sel\u00e7uk taraf\u0131ndan yan\u0131tlanmas\u0131 i\u00e7in soru \u00f6nergesi verdi. Kamuda atamas\u0131 yap\u0131lmayan ve \u00f6zel sekt\u00f6rde \u00e7al\u0131\u015fmak zorunda b\u0131rak\u0131lan \u00f6\u011fretmenlerin sorunlar\u0131na de\u011finen Kurtulan, \u00f6zellikle &hellip; <a href=\"https:\/\/akdenizolaygazetesi.com\/?p=8232\" class=\"more-link\">Devam\u0131n\u0131 Oku&#8230;<\/a><\/p>\n","protected":false},"author":1,"featured_media":0,"comment_status":"open","ping_status":"open","sticky":false,"template":"","format":"standard","meta":[],"categories":[],"tags":[],"_links":{"self":[{"href":"https:\/\/akdenizolaygazetesi.com\/index.php?rest_route=\/wp\/v2\/posts\/8232"}],"collection":[{"href":"https:\/\/akdenizolaygazetesi.com\/index.php?rest_route=\/wp\/v2\/posts"}],"about":[{"href":"https:\/\/akdenizolaygazetesi.com\/index.php?rest_route=\/wp\/v2\/types\/post"}],"author":[{"embeddable":true,"href":"https:\/\/akdenizolaygazetesi.com\/index.php?rest_route=\/wp\/v2\/users\/1"}],"replies":[{"embeddable":true,"href":"https:\/\/akdenizolaygazetesi.com\/index.php?rest_route=%2Fwp%2Fv2%2Fcomments&post=8232"}],"version-history":[{"count":0,"href":"https:\/\/akdenizolaygazetesi.com\/index.php?rest_route=\/wp\/v2\/posts\/8232\/revisions"}],"wp:attachment":[{"href":"https:\/\/akdenizolaygazetesi.com\/index.php?rest_route=%2Fwp%2Fv2%2Fmedia&parent=8232"}],"wp:term":[{"taxonomy":"category","embeddable":true,"href":"https:\/\/akdenizolaygazetesi.com\/index.php?rest_route=%2Fwp%2Fv2%2Fcategories&post=8232"},{"taxonomy":"post_tag","embeddable":true,"href":"https:\/\/akdenizolaygazetesi.com\/index.php?rest_route=%2Fwp%2Fv2%2Ftags&post=8232"}],"curies":[{"name":"wp","href":"https:\/\/api.w.org\/{rel}","templated":true}]}}