{"id":8235,"date":"2020-11-04T18:28:42","date_gmt":"2020-11-04T15:28:42","guid":{"rendered":"http:\/\/mersinekonomipolitikagazetesi.com\/?p=8235"},"modified":"2020-11-04T18:28:42","modified_gmt":"2020-11-04T15:28:42","slug":"ussaki-tarikatindan-kamuda-istihdam-edilmek-icin-personel-istenmis-midir","status":"publish","type":"post","link":"https:\/\/akdenizolaygazetesi.com\/?p=8235","title":{"rendered":"\u201cU\u015f\u015faki Tarikat\u0131&#8217;ndan kamuda istihdam edilmek i\u00e7in personel istenmi\u015f midir?\u201d"},"content":{"rendered":"<p>HDP Mersin Milletvekili Dr. R\u0131dvan Turan, U\u015f\u015faki tarikat\u0131 ile iktidar ili\u015fkilerini meclis g\u00fcndemine ta\u015f\u0131d\u0131.<br \/>\nHDP Mersin Milletvekili Dr. R\u0131dvan Turan, konuyla ilgili Cumhurba\u015fkan\u0131 Yard\u0131mc\u0131s\u0131 Fuat Oktay\u2019\u0131n yan\u0131tlamas\u0131 i\u00e7in soru \u00f6nergesi verdi.<br \/>\nTuran, \u201cGe\u00e7ti\u011fimiz g\u00fcnlerde Sakarya\u2019n\u0131n Akyaz\u0131 Kuzuluk Mahallesi\u2019ndeki U\u015f\u015faki tarikat\u0131 \u015feyhi; takma ismi Fatih Nurullah ger\u00e7ek ismi Fatih \u015ea\u011fban, 12 ya\u015f\u0131ndaki k\u0131z \u00e7ocu\u011funa cinsel istismar su\u00e7undan tutukland\u0131. Toplumun ahlaki ilkelerini alt \u00fcst eden olay\u0131n yans\u0131malar\u0131 devam ederken, Fatih \u015ea\u011fban\u2019\u0131n AKP h\u00fck\u00fcmetiyle olana yak\u0131n ili\u015fkileri, kamuoyunun ak\u0131llar\u0131nda soru i\u015faretleri b\u0131rakmaktad\u0131r.\u201d dedi.<br \/>\n\u00a0<br \/>\n2015 y\u0131l\u0131nda Cumhurba\u015fkan\u0131 Erdo\u011fan ve bir\u00e7ok Bakan\u0131n yer ald\u0131\u011f\u0131 Ankara Hac\u0131 Bayram Camisi \u00c7evre D\u00fczenlemesi ve Kitap\u00e7\u0131lar \u00c7ar\u015f\u0131s\u0131 a\u00e7\u0131l\u0131\u015f t\u00f6renine kat\u0131lan Fatih \u015ea\u011fban\u2019\u0131n bu t\u00f6rende d\u00f6nemin bakanlar\u0131 ile ayn\u0131 protokolde yer ald\u0131\u011f\u0131n\u0131 hat\u0131rlata Turan, \u201cEski \u00c7evre ve \u015eehircilik Bakan\u0131 Mehmet \u00d6zhaseki\u2019nin 31 Mart 2019 se\u00e7imlerinden \u00f6nce Fatih \u015ea\u011fban\u2019\u0131 ziyaret etti\u011fi ortaya \u00e7\u0131km\u0131\u015ft\u0131r. \u00a0Fatih \u015ea\u011fban\u2019\u0131n eski Ankara B\u00fcy\u00fck\u015fehir Belediyesi Ba\u015fkan\u0131 Melik G\u00f6k\u00e7ek ile foto\u011fraf\u0131 ortaya \u00e7\u0131km\u0131\u015ft\u0131r. Fatih \u015ea\u011fban\u2019\u0131n AKP iktidar\u0131 ile yak\u0131nl\u0131\u011f\u0131 yaz\u0131l\u0131 ve g\u00f6rsel bas\u0131nda yer alan foto\u011fraflarla a\u00e7\u0131k \u015fekilde ortadad\u0131r. AKP\u2019nin bir tarikat lideri ile yak\u0131nl\u0131\u011f\u0131, bir zamanlar Cumhurba\u015fkan\u2019\u0131 Recep Tayyip Erdo\u011fan\u2019\u0131n \u201cG\u00fclen Cemaati\u201d i\u00e7in \u201cne istediniz de vermedik\u201d s\u00f6zlerini ak\u0131llara getirmektedir. Fatih \u015ea\u011fban\u2019\u0131n lideri oldu\u011fu U\u015f\u015faki Tarikat\u0131n\u0131n m\u00fcritlerinden Abd\u00fclkerim Erdin\u00e7, \u0130\u00e7i\u015fleri Bakanl\u0131\u011f\u0131n\u0131n kendi tarikatlar\u0131ndan polis ve bek\u00e7i kadrolar\u0131na yerle\u015ftirilmek i\u00e7in bir liste istediklerini s\u00f6ylemektedir. Bu durum AKP G\u00fclen Cemaati ili\u015fkisi gibi yeni tarikat ve cemaatlerle simbiyotik bir ili\u015fki kuruldu\u011funa i\u015faret etmektedir. \u00a0Dolay\u0131s\u0131yla \u0130ktidar Cemaat ili\u015fkisinin boyutlar\u0131n\u0131n neler oldu\u011funun a\u00e7\u0131kl\u0131\u011fa kavu\u015fturulmas\u0131 ve kamu idarelerinde cemaat ve tarikatlara kadro verilip verilmedi\u011finin a\u00e7\u0131kl\u0131\u011fa kavu\u015fturulmas\u0131 gerekmektedir.\u201d diyerek \u00f6nergede \u015fu sorular soruldu:\u00a0<br \/>\nU\u015f\u015faki tarikat\u0131na herhangi bir bakanl\u0131k taraf\u0131ndan kamuda istihdam edilmek i\u00e7in personel istenmi\u015f midir? E\u011fer istenmi\u015f ise ka\u00e7 personel ve hangi bakanl\u0131klarda istihdam edilmi\u015ftir.<br \/>\nU\u015f\u015faki tarikat\u0131ndan polis ve bek\u00e7i kadrolar\u0131nda istihdam edilmek \u00fczere \u0130\u00e7i\u015fleri Bakanl\u0131\u011f\u0131 taraf\u0131ndan herhangi bir liste istenmi\u015f midir?<br \/>\nU\u015f\u015faki tarikat\u0131n\u0131n devlet kadrolar\u0131ndaki varl\u0131\u011f\u0131na ili\u015fkin Cumhurba\u015fkanl\u0131\u011f\u0131n\u0131z taraf\u0131ndan herhangi bir ara\u015ft\u0131rma ba\u015flat\u0131lm\u0131\u015f m\u0131d\u0131r?\u00a0<br \/>\nU\u015f\u015faki tarikat\u0131 \u015feyhinin AKP\u2019li Bakan ve Siyaset\u00e7ilerle yak\u0131n ili\u015fki olmas\u0131n\u0131n tarikat liderine ve cemaatine muazzam d\u00fczeyde bir g\u00fc\u00e7 sa\u011flad\u0131\u011f\u0131n\u0131 d\u00fc\u015f\u00fcn\u00fcyor musunuz?<br \/>\n\u00a0<\/p>\n","protected":false},"excerpt":{"rendered":"<p>HDP Mersin Milletvekili Dr. R\u0131dvan Turan, U\u015f\u015faki tarikat\u0131 ile iktidar ili\u015fkilerini meclis g\u00fcndemine ta\u015f\u0131d\u0131. HDP Mersin Milletvekili Dr. R\u0131dvan Turan, konuyla ilgili Cumhurba\u015fkan\u0131 Yard\u0131mc\u0131s\u0131 Fuat Oktay\u2019\u0131n yan\u0131tlamas\u0131 i\u00e7in soru \u00f6nergesi &hellip; <a href=\"https:\/\/akdenizolaygazetesi.com\/?p=8235\" class=\"more-link\">Devam\u0131n\u0131 Oku&#8230;<\/a><\/p>\n","protected":false},"author":1,"featured_media":0,"comment_status":"open","ping_status":"open","sticky":false,"template":"","format":"standard","meta":[],"categories":[],"tags":[],"_links":{"self":[{"href":"https:\/\/akdenizolaygazetesi.com\/index.php?rest_route=\/wp\/v2\/posts\/8235"}],"collection":[{"href":"https:\/\/akdenizolaygazetesi.com\/index.php?rest_route=\/wp\/v2\/posts"}],"about":[{"href":"https:\/\/akdenizolaygazetesi.com\/index.php?rest_route=\/wp\/v2\/types\/post"}],"author":[{"embeddable":true,"href":"https:\/\/akdenizolaygazetesi.com\/index.php?rest_route=\/wp\/v2\/users\/1"}],"replies":[{"embeddable":true,"href":"https:\/\/akdenizolaygazetesi.com\/index.php?rest_route=%2Fwp%2Fv2%2Fcomments&post=8235"}],"version-history":[{"count":0,"href":"https:\/\/akdenizolaygazetesi.com\/index.php?rest_route=\/wp\/v2\/posts\/8235\/revisions"}],"wp:attachment":[{"href":"https:\/\/akdenizolaygazetesi.com\/index.php?rest_route=%2Fwp%2Fv2%2Fmedia&parent=8235"}],"wp:term":[{"taxonomy":"category","embeddable":true,"href":"https:\/\/akdenizolaygazetesi.com\/index.php?rest_route=%2Fwp%2Fv2%2Fcategories&post=8235"},{"taxonomy":"post_tag","embeddable":true,"href":"https:\/\/akdenizolaygazetesi.com\/index.php?rest_route=%2Fwp%2Fv2%2Ftags&post=8235"}],"curies":[{"name":"wp","href":"https:\/\/api.w.org\/{rel}","templated":true}]}}