{"id":8237,"date":"2020-11-04T18:28:42","date_gmt":"2020-11-04T15:28:42","guid":{"rendered":"http:\/\/mersinekonomipolitikagazetesi.com\/?p=8237"},"modified":"2020-11-04T18:28:42","modified_gmt":"2020-11-04T15:28:42","slug":"yapilan-bu-atamalar-ahlaki-mi","status":"publish","type":"post","link":"https:\/\/akdenizolaygazetesi.com\/?p=8237","title":{"rendered":"\u201cYAPILAN BU ATAMALAR  AHLAK\u0130 M\u0130?\u201d"},"content":{"rendered":"<p>CHP Mersin Milletvekili ve PM \u00fcyesi Ali Mahir Ba\u015far\u0131r, Mersindeki t\u00fcm hastanelerin \u00fcst d\u00fczey y\u00f6netici kadrolar\u0131na, Mersin AKP Milletvekilleri, \u0130l ve \u0130l\u00e7e y\u00f6neticilerinin 1. Derecede akrabalar\u0131 ile yak\u0131nlar\u0131n\u0131n torpille atanmas\u0131 iddialar\u0131n\u0131 Meclis g\u00fcndemine a\u015f\u0131d\u0131.\u00a0<br \/>\nCHP\u2019li Ba\u015far\u0131r, \u201ciddialar do\u011fruysa, Covid-19 vakalar\u0131n\u0131n yo\u011fun ya\u015fand\u0131\u011f\u0131 bu s\u00fcre\u00e7te, insan sa\u011fl\u0131\u011f\u0131 gibi \u00f6nemli bir konuda hizmet veren kurulu\u015flar\u0131m\u0131zda b\u00f6ylesine torpilli atamalar\u0131n yap\u0131lmas\u0131 endi\u015fe vericidir. \u0130ktidar partisi kadrola\u015fma u\u011fruna vatanda\u015flar\u0131m\u0131z\u0131n sa\u011fl\u0131\u011f\u0131n\u0131 hi\u00e7e saymaktad\u0131r.<br \/>\nSa\u011fl\u0131k Bakan\u0131m\u0131z\u0131n bu konuda gerekli incelemeleri ba\u015flatmas\u0131n\u0131 bir an \u00f6nce bekliyoruz. S\u00f6z konusu iddialar do\u011fruysa yap\u0131lan bu atamalar ne ahlaki, ne etik ne de vicdanidir\u201d dedi.<br \/>\n\u00a0<br \/>\nCHP\u2019li Ali Mahir Ba\u015far\u0131r, Sa\u011fl\u0131k Bakan\u0131 Fahrettin Koca\u2019n\u0131n yan\u0131tlamas\u0131 istemi ile soru \u00f6nergesi verdi. Ba\u015far\u0131r, \u201cMersin \u0130l Sa\u011fl\u0131k M\u00fcd\u00fcrl\u00fc\u011f\u00fc b\u00fcnyesinde bulunan 13 il\u00e7e hastanesi, \u015fehir hastanesi, a\u011f\u0131z ve di\u015f hastanesi vb. sa\u011fl\u0131k kurulu\u015flar\u0131nda 120 adet \u00fcst d\u00fczey y\u00f6netici kadrosu bulunuyor. 07 Eyl\u00fcl 2020 tarihi itibar\u0131yla bu kadrolarda g\u00f6rev yapmakta olan Milli Gen\u00e7lik Vakf\u0131 ya da \u0130mam Hatip Lisesi k\u00f6kenli olmayan, ailesinde sosyal demokrat g\u00f6r\u00fc\u015fl\u00fc ki\u015filer olan, AKP milletvekilleri, il ve il\u00e7e y\u00f6neticilerinin yak\u0131nlar\u0131 olmayan ki\u015filerin tamamen kadro d\u0131\u015f\u0131 b\u0131rak\u0131ld\u0131klar\u0131 ve ibranamelerinin al\u0131nd\u0131klar\u0131na dair iddialar Mersin kamuoyunda konu\u015fuluyor. \u201c dedi.<\/p>\n<p>Toros Devlet Hastanesi Sa\u011fl\u0131k Bak\u0131m Hizmetleri M\u00fcd\u00fcr\u00fc\u2019n\u00fcn g\u00f6revden al\u0131n\u0131p yerine AKP Mersin Milletvekili Zeynep G\u00fcl Y\u0131lmaz\u2019\u0131n bir yak\u0131n\u0131n getirildi\u011fi, Toroslar Devlet Hastanesi Kalite ve Destek Hizmetleri M\u00fcd\u00fcr\u00fc\u2019n\u00fcn g\u00f6revinden al\u0131n\u0131p yerine AKP Toroslar \u0130l\u00e7e Ba\u015fkan Yard\u0131mc\u0131s\u0131 Emsal \u015ea\u015fmaz\u2019\u0131n ar\u015fiv g\u00f6revlisi olan e\u015finin getirildi\u011fi, Mut Devlet Hastanesi Sa\u011fl\u0131k Bak\u0131m Hizmetleri M\u00fcd\u00fcrl\u00fc\u011f\u00fc\u2019ne bir ki\u015finin atand\u0131\u011f\u0131 ancak AKP Mersin Milletvekili Zeynep G\u00fcl Y\u0131lmaz\u2019\u0131n m\u00fcdahalesi ile ayn\u0131 g\u00fcn i\u00e7erisinde bu ki\u015finin g\u00f6revden al\u0131n\u0131p yerine 1. Derecede bir akrabas\u0131n\u0131n atand\u0131\u011f\u0131 ve daha bir\u00e7ok Mersin \u0130l Sa\u011fl\u0131k M\u00fcd\u00fcrl\u00fc\u011f\u00fcne ba\u011fl\u0131 hastanelerin ilgili \u00fcst d\u00fczey y\u00f6netim kadrolar\u0131na AKP \u0130l ve il\u00e7e y\u00f6neticilerinin yak\u0131nlar\u0131n\u0131n atamalar\u0131n\u0131n yap\u0131ld\u0131\u011f\u0131 da kamuoyu taraf\u0131ndan iddia ediliyor. S\u00f6z konusu atamalar\u0131n gizlilik i\u00e7erisinde y\u00fcr\u00fct\u00fcld\u00fc\u011f\u00fc ve bug\u00fcn (11.09.2020 Cuma), \u00c7ekirdek Kaynak Y\u00f6netim Sistemi\u2019ne (\u00c7KYS) d\u00e2hil edilip oldubittiye getirilece\u011fi de iddialar aras\u0131ndad\u0131r\u201d diyerek \u015fu sorular\u0131n yan\u0131tlanmas\u0131n\u0131 istedi:<\/p>\n<p>\u0130ddialar do\u011fru ise;<br \/>\n1- S\u00f6z konusu y\u00f6netici kadrolar\u0131na AKP milletvekilleri, AKP \u0130l ve il\u00e7e y\u00f6neticilerinin 1. ve 2. derece akrabalar\u0131 ile yak\u0131nlar\u0131n\u0131n atanmas\u0131 ne derecede ahlaki ve etiktir?<br \/>\n2- \u00dclkemizde milyonlarca i\u015fsiz varken, s\u00f6z konusu y\u00f6netici kadrolar\u0131na atanan ki\u015filer, kamu vicdan\u0131n\u0131n yaralanmamas\u0131 ad\u0131na g\u00f6revlerinden al\u0131nacak m\u0131d\u0131r? Al\u0131nmayacaksa gerek\u00e7eleri nelerdir?<br \/>\n3- Torpille \u00fcst d\u00fczey y\u00f6netici kadrolar\u0131na atamas\u0131 yap\u0131lan ki\u015filer, bulunduklar\u0131 g\u00f6rev d\u00e2hilinde ne kadar liyakat sahibidirler?<br \/>\n4- Yap\u0131lan bu atamalar kadrola\u015fma atamas\u0131 m\u0131d\u0131r yoksa ihtisas atamas\u0131 m\u0131d\u0131r?<br \/>\n5- Vatanda\u015flar\u0131m\u0131z\u0131n sa\u011fl\u0131\u011f\u0131ndan sorumlu olan bu kurulu\u015flara, bu t\u00fcr torpil atamalar\u0131 yap\u0131lmas\u0131n\u0131 tehlikeli buluyor musunuz? Bulmuyorsan\u0131z gerek\u00e7eleri nelerdir?\u00a0<br \/>\n\u00a0<\/p>\n","protected":false},"excerpt":{"rendered":"<p>CHP Mersin Milletvekili ve PM \u00fcyesi Ali Mahir Ba\u015far\u0131r, Mersindeki t\u00fcm hastanelerin \u00fcst d\u00fczey y\u00f6netici kadrolar\u0131na, Mersin AKP Milletvekilleri, \u0130l ve \u0130l\u00e7e y\u00f6neticilerinin 1. Derecede akrabalar\u0131 ile yak\u0131nlar\u0131n\u0131n torpille atanmas\u0131 &hellip; <a href=\"https:\/\/akdenizolaygazetesi.com\/?p=8237\" class=\"more-link\">Devam\u0131n\u0131 Oku&#8230;<\/a><\/p>\n","protected":false},"author":1,"featured_media":0,"comment_status":"open","ping_status":"open","sticky":false,"template":"","format":"standard","meta":[],"categories":[],"tags":[],"_links":{"self":[{"href":"https:\/\/akdenizolaygazetesi.com\/index.php?rest_route=\/wp\/v2\/posts\/8237"}],"collection":[{"href":"https:\/\/akdenizolaygazetesi.com\/index.php?rest_route=\/wp\/v2\/posts"}],"about":[{"href":"https:\/\/akdenizolaygazetesi.com\/index.php?rest_route=\/wp\/v2\/types\/post"}],"author":[{"embeddable":true,"href":"https:\/\/akdenizolaygazetesi.com\/index.php?rest_route=\/wp\/v2\/users\/1"}],"replies":[{"embeddable":true,"href":"https:\/\/akdenizolaygazetesi.com\/index.php?rest_route=%2Fwp%2Fv2%2Fcomments&post=8237"}],"version-history":[{"count":0,"href":"https:\/\/akdenizolaygazetesi.com\/index.php?rest_route=\/wp\/v2\/posts\/8237\/revisions"}],"wp:attachment":[{"href":"https:\/\/akdenizolaygazetesi.com\/index.php?rest_route=%2Fwp%2Fv2%2Fmedia&parent=8237"}],"wp:term":[{"taxonomy":"category","embeddable":true,"href":"https:\/\/akdenizolaygazetesi.com\/index.php?rest_route=%2Fwp%2Fv2%2Fcategories&post=8237"},{"taxonomy":"post_tag","embeddable":true,"href":"https:\/\/akdenizolaygazetesi.com\/index.php?rest_route=%2Fwp%2Fv2%2Ftags&post=8237"}],"curies":[{"name":"wp","href":"https:\/\/api.w.org\/{rel}","templated":true}]}}