{"id":8238,"date":"2020-11-04T18:28:42","date_gmt":"2020-11-04T15:28:42","guid":{"rendered":"http:\/\/mersinekonomipolitikagazetesi.com\/?p=8238"},"modified":"2020-11-04T18:28:42","modified_gmt":"2020-11-04T15:28:42","slug":"85-yasindaki-nebiha-teyze-tekerlekli-sandalyesine-kavustu","status":"publish","type":"post","link":"https:\/\/akdenizolaygazetesi.com\/?p=8238","title":{"rendered":"85 ya\u015f\u0131ndaki Nebiha teyze tekerlekli sandalyesine kavu\u015ftu"},"content":{"rendered":"<p>Mersin B\u00fcy\u00fck\u015fehir Belediyesi, \u201cGit, Dinle, \u00c7\u00f6z Projesi&#8221; kapsam\u0131nda Silifke il\u00e7esinde ya\u015fayan 85 ya\u015f\u0131ndaki Nebiha Y\u00fcksel\u2019i ihtiya\u00e7 duydu\u011fu tekerlekli sandalyeye kavu\u015fturdu. Ge\u00e7irdi\u011fi bir kaza sonucu yakla\u015f\u0131k bir y\u0131ld\u0131r y\u00fcr\u00fcyemeyen Y\u00fcksel, art\u0131k ister k\u0131z\u0131n\u0131n evine isterse de G\u00f6ksu Nehri\u2019nin k\u0131y\u0131s\u0131na tek ba\u015f\u0131na gidebilecek.\u00a0<br \/>\nMersin B\u00fcy\u00fck\u015fehir Belediyesi Kad\u0131n ve Aile Hizmetleri Dairesi Ba\u015fkanl\u0131\u011f\u0131, Git, Dinle, \u00c7\u00f6z Projesiyle kentteki vatanda\u015flar\u0131n ya\u015famlar\u0131na temas ediyor ve sorunlar\u0131n\u0131 yak\u0131n merce\u011fe al\u0131p, \u00e7\u00f6z\u00fcme kavu\u015fturuyor. Silifke il\u00e7esi Sar\u0131calar Mahallesi\u2019nde ya\u015fayan 85 ya\u015f\u0131ndaki Nebiha Y\u00fcksel, yakla\u015f\u0131k bir y\u0131l \u00f6nce ge\u00e7irdi\u011fi kaza sonucu kal\u00e7as\u0131ndan sakatland\u0131. Bu nedenle bir y\u0131ld\u0131r y\u00fcr\u00fcme kabiliyetini kaybeden Y\u00fcksel, kendi evine yak\u0131n civarda ya\u015fayan k\u0131z\u0131 Fatma Ejder\u2019den destek almaya ba\u015flad\u0131. Farkl\u0131 hastal\u0131klar ve rahats\u0131zl\u0131klarla da m\u00fccadele eden Y\u00fcksel, B\u00fcy\u00fck\u015fehir\u2019in Git, Dinle, \u00c7\u00f6z Projesiyle ihtiya\u00e7 duydu\u011fu tekerlekli sandalyeye kavu\u015ftu. Y\u00fcksel, art\u0131k istedi\u011fi zaman k\u0131z\u0131n\u0131n evine ve kom\u015fular\u0131na gidebilecek. B\u00fcy\u00fck\u015fehir Belediyesi Silifke Koordinasyon \u015eube M\u00fcd\u00fcrl\u00fc\u011f\u00fc personeli G\u00f6kmen Gurur Deveci, \u201cFatma ablam\u0131z bize geldi, ba\u015fvuruda bulundu, talebini iletti. Teyzemizin tekerlekli sandalyeye ihtiyac\u0131 oldu\u011funu s\u00f6yledi. Git, Dinle, \u00c7\u00f6z Projesi kapsam\u0131nda Mersin B\u00fcy\u00fck\u015fehir Belediyesi Kad\u0131n ve Aile Hizmetleri Dairesi olarak biz de tekerlekli sandalyemizi getirip teyzemize ula\u015ft\u0131rd\u0131k. \u0130yi g\u00fcnlerde kullanmas\u0131n\u0131 diliyoruz\u201d dedi.\u00a0<br \/>\nNebiha Y\u00fcksel\u2019in k\u0131z\u0131 Fatma Ejder ise annesinin bir\u00e7ok hastal\u0131\u011fa kar\u015f\u0131 m\u00fccadele verdi\u011fini belirterek, \u201cAnnemin kal\u00e7as\u0131 k\u0131r\u0131ld\u0131. Siroz ba\u015flang\u0131c\u0131 var. Ci\u011ferlerinden rahats\u0131z. Kal\u00e7as\u0131 k\u0131r\u0131ld\u0131ktan sonra y\u00fcr\u00fcyemez oldu. Yo\u011fun bak\u0131mda yatt\u0131. Enfeksiyon kapt\u0131\u201d dedi.\u00a0<br \/>\nY\u00fcr\u00fcyemeyen annesi i\u00e7in B\u00fcy\u00fck\u015fehir\u2019den yard\u0131m talep etti\u011fini kaydeden Ejder, \u201cSandalyemiz geldi. B\u00fcy\u00fck\u015fehir Belediye Ba\u015fkan\u0131m\u0131z\u2019a te\u015fekk\u00fcr ederiz\u201d diye konu\u015ftu.\u00a0<\/p>\n","protected":false},"excerpt":{"rendered":"<p>Mersin B\u00fcy\u00fck\u015fehir Belediyesi, \u201cGit, Dinle, \u00c7\u00f6z Projesi&#8221; kapsam\u0131nda Silifke il\u00e7esinde ya\u015fayan 85 ya\u015f\u0131ndaki Nebiha Y\u00fcksel\u2019i ihtiya\u00e7 duydu\u011fu tekerlekli sandalyeye kavu\u015fturdu. Ge\u00e7irdi\u011fi bir kaza sonucu yakla\u015f\u0131k bir y\u0131ld\u0131r y\u00fcr\u00fcyemeyen Y\u00fcksel, art\u0131k &hellip; <a href=\"https:\/\/akdenizolaygazetesi.com\/?p=8238\" class=\"more-link\">Devam\u0131n\u0131 Oku&#8230;<\/a><\/p>\n","protected":false},"author":1,"featured_media":0,"comment_status":"open","ping_status":"open","sticky":false,"template":"","format":"standard","meta":[],"categories":[],"tags":[],"_links":{"self":[{"href":"https:\/\/akdenizolaygazetesi.com\/index.php?rest_route=\/wp\/v2\/posts\/8238"}],"collection":[{"href":"https:\/\/akdenizolaygazetesi.com\/index.php?rest_route=\/wp\/v2\/posts"}],"about":[{"href":"https:\/\/akdenizolaygazetesi.com\/index.php?rest_route=\/wp\/v2\/types\/post"}],"author":[{"embeddable":true,"href":"https:\/\/akdenizolaygazetesi.com\/index.php?rest_route=\/wp\/v2\/users\/1"}],"replies":[{"embeddable":true,"href":"https:\/\/akdenizolaygazetesi.com\/index.php?rest_route=%2Fwp%2Fv2%2Fcomments&post=8238"}],"version-history":[{"count":0,"href":"https:\/\/akdenizolaygazetesi.com\/index.php?rest_route=\/wp\/v2\/posts\/8238\/revisions"}],"wp:attachment":[{"href":"https:\/\/akdenizolaygazetesi.com\/index.php?rest_route=%2Fwp%2Fv2%2Fmedia&parent=8238"}],"wp:term":[{"taxonomy":"category","embeddable":true,"href":"https:\/\/akdenizolaygazetesi.com\/index.php?rest_route=%2Fwp%2Fv2%2Fcategories&post=8238"},{"taxonomy":"post_tag","embeddable":true,"href":"https:\/\/akdenizolaygazetesi.com\/index.php?rest_route=%2Fwp%2Fv2%2Ftags&post=8238"}],"curies":[{"name":"wp","href":"https:\/\/api.w.org\/{rel}","templated":true}]}}