{"id":8239,"date":"2020-11-04T18:28:42","date_gmt":"2020-11-04T15:28:42","guid":{"rendered":"http:\/\/mersinekonomipolitikagazetesi.com\/?p=8239"},"modified":"2020-11-04T18:28:42","modified_gmt":"2020-11-04T15:28:42","slug":"mersin-emniyetinden-korona-virusune-karsi-birlik-cagrisi","status":"publish","type":"post","link":"https:\/\/akdenizolaygazetesi.com\/?p=8239","title":{"rendered":"Mersin Emniyetinden korona vir\u00fcs\u00fcne kar\u015f\u0131 &#8216;birlik&#8217; \u00e7a\u011fr\u0131s\u0131"},"content":{"rendered":"<p>Salg\u0131n\u0131n ikinci dalgas\u0131yla birlikte vaka say\u0131lar\u0131 artan iller aras\u0131nda yer alan Mersin&#8217;de emniyet, birliktelik \u00e7a\u011fr\u0131s\u0131 yap\u0131p &#8220;Tekrar ba\u015faraca\u011f\u0131z Mersin&#8221; dedi.<\/p>\n<p>Mersin Emniyet M\u00fcd\u00fcrl\u00fc\u011f\u00fc, &#8216;hep birlikte Mersin&#8217; slogan\u0131yla sosyal medya hesab\u0131ndan payla\u015ft\u0131\u011f\u0131 videoyla, Mersinlilere hem te\u015fekk\u00fcr etti hemde korona vir\u00fcs salg\u0131n\u0131na kar\u015f\u0131 birliktelik \u00e7a\u011fr\u0131s\u0131 yapt\u0131.\u00a0<\/p>\n<p>Mersinliler, t\u00fcm d\u00fcnyay\u0131 etkisi alt\u0131na al\u0131na korona vir\u00fcs salg\u0131n\u0131na kar\u015f\u0131 ilk d\u00f6nemde &#8216;evde kal&#8217; \u00e7a\u011fr\u0131lar\u0131na uyarak, ba\u015far\u0131l\u0131 bir s\u0131nav vermi\u015fti. O d\u00f6nemde b\u00fcy\u00fck\u015fehirler i\u00e7inde en az vakaya sahip olan ilde, rakamlar tek hanelere kadar d\u00fc\u015fm\u00fc\u015ft\u00fc. Salg\u0131n\u0131n ikinci dalgas\u0131yla birlikte vaka say\u0131lar\u0131 artan iller aras\u0131nda yer alan Mersin&#8217;de, emniyet birliktelik \u00e7a\u011fr\u0131s\u0131 yapt\u0131. \u0130l Emniyet M\u00fcd\u00fcrl\u00fc\u011f\u00fc&#8217;n\u00fcn sosyal medya hesab\u0131ndan &#8216;hep birlikte Mersin&#8217; slogan\u0131yla payla\u015f\u0131lan videoda, &#8220;Te\u015fekk\u00fcrler Mersin. Covid-19 ile m\u00fccadelemizin ilk g\u00fcnlerinde birlikte ald\u0131\u011f\u0131m\u0131z tedbirlerle s\u00fcreci ba\u015far\u0131l\u0131 bir \u015fekilde atlatm\u0131\u015ft\u0131k. Bug\u00fcnde yayg\u0131nla\u015fan pandemi s\u00fcrecinde hep birlikte alaca\u011f\u0131m\u0131z tedbirlerle bu s\u00fcreci de tekrardan ba\u015far\u0131yla atlataca\u011f\u0131z. Tekrar ba\u015faraca\u011f\u0131z Mersin. Maske, mesafe, temizlik\u201d ifadeleri kullan\u0131ld\u0131.\u00a0<\/p>\n","protected":false},"excerpt":{"rendered":"<p>Salg\u0131n\u0131n ikinci dalgas\u0131yla birlikte vaka say\u0131lar\u0131 artan iller aras\u0131nda yer alan Mersin&#8217;de emniyet, birliktelik \u00e7a\u011fr\u0131s\u0131 yap\u0131p &#8220;Tekrar ba\u015faraca\u011f\u0131z Mersin&#8221; dedi. Mersin Emniyet M\u00fcd\u00fcrl\u00fc\u011f\u00fc, &#8216;hep birlikte Mersin&#8217; slogan\u0131yla sosyal medya hesab\u0131ndan &hellip; <a href=\"https:\/\/akdenizolaygazetesi.com\/?p=8239\" class=\"more-link\">Devam\u0131n\u0131 Oku&#8230;<\/a><\/p>\n","protected":false},"author":1,"featured_media":0,"comment_status":"open","ping_status":"open","sticky":false,"template":"","format":"standard","meta":[],"categories":[],"tags":[],"_links":{"self":[{"href":"https:\/\/akdenizolaygazetesi.com\/index.php?rest_route=\/wp\/v2\/posts\/8239"}],"collection":[{"href":"https:\/\/akdenizolaygazetesi.com\/index.php?rest_route=\/wp\/v2\/posts"}],"about":[{"href":"https:\/\/akdenizolaygazetesi.com\/index.php?rest_route=\/wp\/v2\/types\/post"}],"author":[{"embeddable":true,"href":"https:\/\/akdenizolaygazetesi.com\/index.php?rest_route=\/wp\/v2\/users\/1"}],"replies":[{"embeddable":true,"href":"https:\/\/akdenizolaygazetesi.com\/index.php?rest_route=%2Fwp%2Fv2%2Fcomments&post=8239"}],"version-history":[{"count":0,"href":"https:\/\/akdenizolaygazetesi.com\/index.php?rest_route=\/wp\/v2\/posts\/8239\/revisions"}],"wp:attachment":[{"href":"https:\/\/akdenizolaygazetesi.com\/index.php?rest_route=%2Fwp%2Fv2%2Fmedia&parent=8239"}],"wp:term":[{"taxonomy":"category","embeddable":true,"href":"https:\/\/akdenizolaygazetesi.com\/index.php?rest_route=%2Fwp%2Fv2%2Fcategories&post=8239"},{"taxonomy":"post_tag","embeddable":true,"href":"https:\/\/akdenizolaygazetesi.com\/index.php?rest_route=%2Fwp%2Fv2%2Ftags&post=8239"}],"curies":[{"name":"wp","href":"https:\/\/api.w.org\/{rel}","templated":true}]}}