{"id":8240,"date":"2020-11-04T18:28:42","date_gmt":"2020-11-04T15:28:42","guid":{"rendered":"http:\/\/mersinekonomipolitikagazetesi.com\/?p=8240"},"modified":"2020-11-04T18:28:42","modified_gmt":"2020-11-04T15:28:42","slug":"dovenci-iyi-bir-kamp-donemi-gecirdik","status":"publish","type":"post","link":"https:\/\/akdenizolaygazetesi.com\/?p=8240","title":{"rendered":"D\u00f6venci: &#8220;\u0130yi bir kamp d\u00f6nemi ge\u00e7irdik&#8221;"},"content":{"rendered":"<p>TFF 2. Lig K\u0131rm\u0131z\u0131 Grubu ekiplerinden Tarsus idman Yurdu\u2019nun K\u0131z\u0131lcahamam kamp\u0131 sona erdi. Kul\u00fcp Ba\u015fkan\u0131 Serhat Servet D\u00f6venci, iyi bir kamp d\u00f6nemi ge\u00e7irdiklerini s\u00f6yledi.\u00a0<br \/>\nVerimli bir kamp ge\u00e7irdiklerini belirten Tarsus \u0130dman Yurdu Kul\u00fcb\u00fc Ba\u015fkan\u0131 Serhat Servet D\u00f6venci, kampta baz\u0131 yetenekli gen\u00e7 oyuncular\u0131 denediklerini, iyi bir bir tak\u0131m olduklar\u0131n\u0131 kaydetti. Teknik Direkt\u00f6r Erg\u00fcn Penbe\u2019nin iste\u011fi do\u011frultusunda tak\u0131m\u0131n eksik mevkilerine 7 oyuncuyla anla\u015farak kadroya dahil ettiklerini ifade eden D\u00f6venci, i\u00e7 transferde 14 oyuncuyla anla\u015ft\u0131klar\u0131n\u0131 s\u00f6yledi.\u00a0<br \/>\n2020-2021 sezonun haz\u0131rl\u0131klar\u0131n\u0131 t\u00fcm h\u0131z\u0131yla devam ettiklerini, K\u0131z\u0131lcahamam kamp\u0131n\u0131n sona erdi\u011fini belirten Ba\u015fkan D\u00f6venci, &#8220;Tak\u0131m\u0131m\u0131z K\u0131z\u0131lcahamam\u2019da teknik direkt\u00f6r\u00fcm\u00fcz Erg\u00fcn Penbe \u00f6nc\u00fcl\u00fc\u011f\u00fcnde 16 g\u00fcnl\u00fck iyi bir kamp d\u00f6nemi ge\u00e7irdi. Mevcut kadromuzu ise 24\u2019e \u00e7\u0131kartt\u0131k. D\u0131\u015f transfer \u00e7al\u0131\u015fmalar\u0131m\u0131z s\u00fcrmektedir. \u00d6n\u00fcm\u00fczdeki Pazar g\u00fcn\u00fc ba\u015flayacak lige g\u00fczel ba\u015flang\u0131\u00e7 yapaca\u011f\u0131m\u0131za inan\u0131yorum. Yap\u0131lan i\u00e7 ve d\u0131\u015f transferde maddi ve manevi desteklerini esirgemeyen Tarsus Belediye Ba\u015fkan\u0131m\u0131z Dr. Haluk Bozdo\u011fan\u2019a y\u00f6netim kurulu ad\u0131na te\u015fekk\u00fcr ediyoruz&#8221; dedi.\u00a0<br \/>\nD\u00f6venci, kamp d\u00f6neminde 2 haz\u0131rl\u0131k ma\u00e7\u0131 yapt\u0131klar\u0131n\u0131, \u0130skenderunspor\u2019u 3-1 ve Ad\u0131yaman Kahta Belediyespor&#8217;u da 4-1 skorla yendiklerini, kendileri i\u00e7in iyi \u00e7al\u0131\u015fma oldu\u011funu s\u00f6yledi.\u00a0<br \/>\nVan B\u00fcy\u00fck\u015fehir Belediyespor ile 20 Eyl\u00fcl Pazar g\u00fcn\u00fc ilk ma\u00e7lar\u0131n\u0131 oynayacaklar\u0131n\u0131 kaydeden D\u00f6venci, lige 3 puanla ba\u015flayacaklar\u0131n\u0131 belirtti.\u00a0<\/p>\n","protected":false},"excerpt":{"rendered":"<p>TFF 2. Lig K\u0131rm\u0131z\u0131 Grubu ekiplerinden Tarsus idman Yurdu\u2019nun K\u0131z\u0131lcahamam kamp\u0131 sona erdi. Kul\u00fcp Ba\u015fkan\u0131 Serhat Servet D\u00f6venci, iyi bir kamp d\u00f6nemi ge\u00e7irdiklerini s\u00f6yledi.\u00a0 Verimli bir kamp ge\u00e7irdiklerini belirten Tarsus &hellip; <a href=\"https:\/\/akdenizolaygazetesi.com\/?p=8240\" class=\"more-link\">Devam\u0131n\u0131 Oku&#8230;<\/a><\/p>\n","protected":false},"author":1,"featured_media":0,"comment_status":"open","ping_status":"open","sticky":false,"template":"","format":"standard","meta":[],"categories":[],"tags":[],"_links":{"self":[{"href":"https:\/\/akdenizolaygazetesi.com\/index.php?rest_route=\/wp\/v2\/posts\/8240"}],"collection":[{"href":"https:\/\/akdenizolaygazetesi.com\/index.php?rest_route=\/wp\/v2\/posts"}],"about":[{"href":"https:\/\/akdenizolaygazetesi.com\/index.php?rest_route=\/wp\/v2\/types\/post"}],"author":[{"embeddable":true,"href":"https:\/\/akdenizolaygazetesi.com\/index.php?rest_route=\/wp\/v2\/users\/1"}],"replies":[{"embeddable":true,"href":"https:\/\/akdenizolaygazetesi.com\/index.php?rest_route=%2Fwp%2Fv2%2Fcomments&post=8240"}],"version-history":[{"count":0,"href":"https:\/\/akdenizolaygazetesi.com\/index.php?rest_route=\/wp\/v2\/posts\/8240\/revisions"}],"wp:attachment":[{"href":"https:\/\/akdenizolaygazetesi.com\/index.php?rest_route=%2Fwp%2Fv2%2Fmedia&parent=8240"}],"wp:term":[{"taxonomy":"category","embeddable":true,"href":"https:\/\/akdenizolaygazetesi.com\/index.php?rest_route=%2Fwp%2Fv2%2Fcategories&post=8240"},{"taxonomy":"post_tag","embeddable":true,"href":"https:\/\/akdenizolaygazetesi.com\/index.php?rest_route=%2Fwp%2Fv2%2Ftags&post=8240"}],"curies":[{"name":"wp","href":"https:\/\/api.w.org\/{rel}","templated":true}]}}