{"id":8241,"date":"2020-11-04T18:28:42","date_gmt":"2020-11-04T15:28:42","guid":{"rendered":"http:\/\/mersinekonomipolitikagazetesi.com\/?p=8241"},"modified":"2020-11-04T18:28:42","modified_gmt":"2020-11-04T15:28:42","slug":"dikenli-incirden-dondurma-uretilecek","status":"publish","type":"post","link":"https:\/\/akdenizolaygazetesi.com\/?p=8241","title":{"rendered":"Dikenli incirden dondurma \u00fcretilecek"},"content":{"rendered":"<p>Mersin\u2019in Erdemli il\u00e7esinde Tar\u0131m ve Orman \u0130l\u00e7e M\u00fcd\u00fcrl\u00fc\u011f\u00fc taraf\u0131ndan halk aras\u0131nda &#8216;dikenli incir&#8217; ve &#8216;kaynana dili&#8217; olarak bilinen Hint incirinin dondurma sanayisine kazand\u0131r\u0131lmas\u0131 i\u00e7in AR-GE \u00e7al\u0131\u015fmas\u0131 ba\u015flat\u0131ld\u0131. Bir s\u00fcre \u00f6nce tatl\u0131larda da kullan\u0131m\u0131na ba\u015flanan Hint inciri suyunun AR-GE \u00e7al\u0131\u015fmas\u0131 ile dondurmalarda da kullan\u0131lmas\u0131 ama\u00e7lan\u0131yor. \u00c7al\u0131\u015fma kapsam\u0131nda Erdemli&#8217;de 2 dekarl\u0131k alanda olu\u015fturulan deneme parselindeki meyveler, suyu \u00e7\u0131kar\u0131lmak \u00fczere hasat edildi.\u00a0<br \/>\nErdemli \u0130l\u00e7e Tar\u0131m ve Orman M\u00fcd\u00fcr\u00fc Mesut Y\u0131ld\u0131z, ba\u015flat\u0131lan AR-GE \u00e7al\u0131\u015fmas\u0131 ile ilgili bilgi verdi. Y\u0131ld\u0131z, 2016 y\u0131l\u0131nda haz\u0131rlad\u0131klar\u0131 &#8220;Y\u00f6resel \u00dcr\u00fcnlerle Kalk\u0131nma&#8221; Avrupa Birli\u011fi Projesi kapsam\u0131nda Erdemli \u0130l\u00e7e Tar\u0131m M\u00fcd\u00fcrl\u00fc\u011f\u00fc ile Erdemli-Akdeniz Naturel Ya\u015fam Derne\u011fince (Naturel-Der), Erdemli, Ayd\u0131nc\u0131k ve Silifke il\u00e7elerinde Hint inciri deneme parselleri kuruldu\u011funu, \u00fcr\u00fcn\u00fcn Tarsus il\u00e7esi Ta\u015fobas\u0131 b\u00f6lgesinde ise kendili\u011finden bak\u0131m istemeden yeti\u015fti\u011fini belirtti.\u00a0<br \/>\n\u00dcr\u00fcn\u00fcn sanayiye kazand\u0131r\u0131lmas\u0131 i\u00e7in olu\u015fturulan parsellerde ve yeni dikimlerde daha az dikenli \u00e7e\u015fitlerin tercih edildi\u011fini ifade eden Y\u0131ld\u0131z, &#8220;\u00d6zellikle bu proje yap\u0131ld\u0131ktan sonra, Tarsus il\u00e7emizde Hint inciri yeti\u015ftirilme alanlar\u0131m\u0131z artm\u0131\u015ft\u0131r. Daha \u00f6nce asl\u0131nda Hint inciri Mersinimizde, Erdemli ve di\u011fer il\u00e7elerimizde \u00f6zellikle sahilde olan \u0131l\u0131man il\u00e7elerimizde do\u011fal olarak yeti\u015ftirilmekteydi. Fakat o yeti\u015ftirilen \u00e7e\u015fit a\u015f\u0131r\u0131 dikenli ve hasad\u0131 zor olan bir \u00e7e\u015fitti. Do\u011fal olarak yeti\u015fmesine ra\u011fmen end\u00fcstriye, ekonomiye kazand\u0131r\u0131lam\u0131yordu&#8221; dedi.\u00a0<\/p>\n<p>&#8220;\u0130hra\u00e7 edilen 85. \u00fcr\u00fcn oldu&#8221;<br \/>\n\u00a0<br \/>\nY\u0131ld\u0131z, &#8220;Fakat projemizden sonra getirilen \u00e7e\u015fitlerde diken miktar\u0131 daha azd\u0131r. Ve hasad\u0131 daha kolayd\u0131r. Bununla ilgili tar\u0131msal yeniliklerin elde edilmesi, kazan\u0131lmas\u0131yla ilgili bir birlik kurulmas\u0131 planland\u0131. Ve proje sonunda Hint inciri yeti\u015ftirici birli\u011fi de kuruldu. Hatta Tarsus il\u00e7emizde ekilen sahalardan hasat edilen \u00fcr\u00fcnlerimizden yakla\u015f\u0131k olarak 5 tonu da Rusya&#8217;ya ihracat olarak g\u00f6nderilmi\u015ftir. Rusya&#8217;ya g\u00f6nderilen bu Hint inciri T\u00fcrkiye&#8217;nin ihra\u00e7 etti\u011fi 85. \u00fcr\u00fcn olmu\u015ftur&#8221; diye konu\u015ftu.\u00a0<br \/>\nOlu\u015fturulan deneme parselinde \u00fcr\u00fcn hasad\u0131 yap\u0131ld\u0131\u011f\u0131n\u0131 dile getiren Y\u0131ld\u0131z, &#8220;Bug\u00fcn il\u00e7e tar\u0131m m\u00fcd\u00fcrl\u00fc\u011f\u00fcm\u00fczce kurulmu\u015f olan deneme parselimizde hasad\u0131m\u0131z\u0131 ger\u00e7ekle\u015ftiriyoruz. \u0130n\u015fallah hasad\u0131n\u0131 ger\u00e7ekle\u015ftirdi\u011fimiz Hint incirlerimizin meyve suyunu s\u0131karak dondurma \u00fcretimi ile ilgili bir AR-GE \u00e7al\u0131\u015fmas\u0131 yapmak istiyoruz. AR-GE \u00e7al\u0131\u015fmas\u0131 neticesinde talebe g\u00f6re end\u00fcstrisini ger\u00e7ekle\u015ftirmeyi, geli\u015fmesini sa\u011flayarak fabrikasyona ge\u00e7meyi hedefliyoruz&#8221; \u015feklinde konu\u015ftu.\u00a0<\/p>\n<p>&#8220;G\u0131da sanayisine kazand\u0131r\u0131lacak \u00fcr\u00fcn daha da de\u011ferli olacak&#8221;<br \/>\n\u00a0<br \/>\nErdemli-Akdeniz Naturel Ya\u015fam Derne\u011fi (Naturel-Der) Ba\u015fkan\u0131 Avni Ta\u015fy\u00fcrek de, &#8220;Hint inciri k\u0131rsal alanda yeti\u015fen,g\u00fcbre istemeyen, ila\u00e7 istemeyen, \u00e7ok k\u0131t su ihtiyac\u0131 ile yeti\u015febilen bir meyve. Dezavantajl\u0131 \u00e7ift\u00e7ilerimiz i\u00e7in bir ekmek kayna\u011f\u0131, gelir kayna\u011f\u0131. Tabi ki bu \u00fcr\u00fcnler meyve olarak sat\u0131ld\u0131ktan sonra bir de arta kalan \u00fcr\u00fcnler var. Yani 2. s\u0131n\u0131f, 3. s\u0131n\u0131f \u00fcr\u00fcnler var. Bu \u00fcr\u00fcnlerinde g\u0131da teknolojisi alan\u0131nda de\u011ferlendirilmesi gerekiyor. Bu de\u011ferlendirme i\u00e7inde bug\u00fcn Erdemli \u0130l\u00e7e Tar\u0131m M\u00fcd\u00fcrl\u00fc\u011f\u00fcm\u00fcz bir AR-GE \u00e7al\u0131\u015fmas\u0131 ba\u015flatt\u0131. Bu AR-GE \u00e7al\u0131\u015fmas\u0131 sonucunda \u00fcr\u00fcn g\u0131da sanayisinde kullan\u0131larak daha de\u011ferli bir hale gelecek&#8221; dedi. \u00a0<\/p>\n","protected":false},"excerpt":{"rendered":"<p>Mersin\u2019in Erdemli il\u00e7esinde Tar\u0131m ve Orman \u0130l\u00e7e M\u00fcd\u00fcrl\u00fc\u011f\u00fc taraf\u0131ndan halk aras\u0131nda &#8216;dikenli incir&#8217; ve &#8216;kaynana dili&#8217; olarak bilinen Hint incirinin dondurma sanayisine kazand\u0131r\u0131lmas\u0131 i\u00e7in AR-GE \u00e7al\u0131\u015fmas\u0131 ba\u015flat\u0131ld\u0131. Bir s\u00fcre \u00f6nce &hellip; <a href=\"https:\/\/akdenizolaygazetesi.com\/?p=8241\" class=\"more-link\">Devam\u0131n\u0131 Oku&#8230;<\/a><\/p>\n","protected":false},"author":1,"featured_media":0,"comment_status":"open","ping_status":"open","sticky":false,"template":"","format":"standard","meta":[],"categories":[],"tags":[],"_links":{"self":[{"href":"https:\/\/akdenizolaygazetesi.com\/index.php?rest_route=\/wp\/v2\/posts\/8241"}],"collection":[{"href":"https:\/\/akdenizolaygazetesi.com\/index.php?rest_route=\/wp\/v2\/posts"}],"about":[{"href":"https:\/\/akdenizolaygazetesi.com\/index.php?rest_route=\/wp\/v2\/types\/post"}],"author":[{"embeddable":true,"href":"https:\/\/akdenizolaygazetesi.com\/index.php?rest_route=\/wp\/v2\/users\/1"}],"replies":[{"embeddable":true,"href":"https:\/\/akdenizolaygazetesi.com\/index.php?rest_route=%2Fwp%2Fv2%2Fcomments&post=8241"}],"version-history":[{"count":0,"href":"https:\/\/akdenizolaygazetesi.com\/index.php?rest_route=\/wp\/v2\/posts\/8241\/revisions"}],"wp:attachment":[{"href":"https:\/\/akdenizolaygazetesi.com\/index.php?rest_route=%2Fwp%2Fv2%2Fmedia&parent=8241"}],"wp:term":[{"taxonomy":"category","embeddable":true,"href":"https:\/\/akdenizolaygazetesi.com\/index.php?rest_route=%2Fwp%2Fv2%2Fcategories&post=8241"},{"taxonomy":"post_tag","embeddable":true,"href":"https:\/\/akdenizolaygazetesi.com\/index.php?rest_route=%2Fwp%2Fv2%2Ftags&post=8241"}],"curies":[{"name":"wp","href":"https:\/\/api.w.org\/{rel}","templated":true}]}}