{"id":8242,"date":"2020-11-04T18:28:42","date_gmt":"2020-11-04T15:28:42","guid":{"rendered":"http:\/\/mersinekonomipolitikagazetesi.com\/?p=8242"},"modified":"2020-11-04T18:28:42","modified_gmt":"2020-11-04T15:28:42","slug":"parasutculer-maskeleriyle-uctu","status":"publish","type":"post","link":"https:\/\/akdenizolaygazetesi.com\/?p=8242","title":{"rendered":"Para\u015f\u00fct\u00e7\u00fcler  maskeleriyle u\u00e7tu"},"content":{"rendered":"<p>Mersin&#8217;in Erdemli il\u00e7esinde 2000 rak\u0131ml\u0131 G\u00f6ktepe&#8217;de &#8216;Maskeni Tak, U\u00e7mana Bak&#8217; yama\u00e7 para\u015f\u00fct\u00fc etkinli\u011fi ger\u00e7ekle\u015ftirildi. Etkinli\u011fe kat\u0131lan sporcular g\u00fcneyinde Akdeniz, kuzeyinde Toros Da\u011flar\u0131 bulunan essiz manzaran\u0131n tad\u0131n\u0131 \u00e7\u0131kard\u0131. Etkinlikte pandemiden dolay\u0131 maske kullan\u0131m\u0131n\u0131n \u00f6nemine de dikkat \u00e7ekildi.\u00a0<br \/>\n&#8216;Maskeni Tak, U\u00e7mana Bak&#8217; yama\u00e7 para\u015f\u00fct\u00fc etkinli\u011fine Mersin, Adana, Osmaniye, Karaman, Trabzon ve Rize illerinden toplam 20 para\u015f\u00fct\u00e7\u00fc kat\u0131ld\u0131. Mersin \u00dcniversitesinin haz\u0131rlad\u0131\u011f\u0131, Erdemli Belediyesinin destek verdi\u011fi programda renkli g\u00f6r\u00fcnt\u00fcler izleyenlere unutulmaz anlar ya\u015fatt\u0131. Akp\u0131nar Yaylas\u0131&#8217;ndaki etkinlikte Erdemli Belediye Ba\u015fkan\u0131 M\u00fckerrem Tollu da ilk kez yama\u00e7 para\u015f\u00fct\u00fc ile u\u00e7tu. U\u00e7u\u015f \u00f6ncesinde konu\u015fan Tollu, &#8220;Belediyemizin \u2018Maskeni Tak, U\u00e7mana Bak\u2019 slogan\u0131 ile yama\u00e7 para\u015f\u00fct\u00fc ile b\u00f6lgemizi havadan ke\u015ffetmek i\u00e7in u\u00e7uyoruz. S\u0131f\u0131r rak\u0131mdan 2500 rak\u0131ma kadar Erdemlimizin her bir santimetresi g\u00fczelliklerle dolu. Erdemlimizin turizminin geli\u015fmesi ad\u0131na yerden oldu\u011fu kadar havadan da ke\u015ffedilmesi ve g\u00f6r\u00fclmesi gerekir. Bu t\u00fcr etkinlikler yerel ve k\u0131rsal turizmin geli\u015fmesine, b\u00f6lgemizin tan\u0131t\u0131m\u0131na da katk\u0131 sa\u011flayacakt\u0131r. Herkesi b\u00f6lgemizi havadan ke\u015ffe ve adrenaline bekliyoruz&#8221; dedi.\u00a0<\/p>\n<p>&#8220;Buras\u0131 bir f\u0131rsat ve yeni yeni alevleniyor&#8221;<br \/>\n\u00a0<br \/>\nAkdeniz Yama\u00e7 Para\u015f\u00fct\u00fc ve Adrenalin Sporlar\u0131 Kul\u00fcb\u00fc Ba\u015fkan\u0131 H\u00fcseyin Atl\u0131, g\u00fcvenli u\u00e7u\u015f noktas\u0131n\u0131n Erdemli i\u00e7in bir f\u0131rsat oldu\u011funu ve bu f\u0131rsat\u0131n yeni yeni alevlendi\u011fini belirtti. B\u00f6lgenin yama\u00e7 para\u015f\u00fct\u00e7\u00fcleri i\u00e7in \u00f6nemine de\u011finen Atl\u0131, &#8220;Buras\u0131 bir\u00e7ok ulusal ve uluslararas\u0131 yar\u0131\u015fmaya ev sahipli\u011fi yapmaya m\u00fcsait. Potansiyeli tart\u0131\u015f\u0131lamaz bir b\u00f6lge. Yama\u00e7 para\u015f\u00fct\u00fc a\u00e7\u0131s\u0131ndan termal aktiviteler, yani yerden \u0131s\u0131n\u0131p ve y\u00fckselen havalar bizim i\u00e7in de\u011ferlidir. Bu b\u00f6lge denize yak\u0131n olmas\u0131na ra\u011fmen bu anlamda \u00e7ok ciddi imkan sunmaktad\u0131r. Arka tarafta bakt\u0131\u011f\u0131m\u0131z zaman Ni\u011fde, Ayranc\u0131, Karaman taraf\u0131na do\u011fru \u00e7ok ciddi bir hat var u\u00e7maya m\u00fcsait. Deneyimli bir pilot buradan kalk\u0131p irtifa al\u0131p Ayranc\u0131&#8217;ya, Karaman&#8217;a, Ni\u011fde&#8217;ye, Nev\u015fehir&#8217;e u\u00e7ma imkan\u0131 vard\u0131r. Bu Erdemli i\u00e7in bir f\u0131rsatt\u0131r ve bu f\u0131rsat yeni yeni alevleniyor&#8221; diye konu\u015ftu.\u00a0<br \/>\nYerel y\u00f6netimlerin deste\u011fi ile b\u00fcy\u00fck yar\u0131\u015fmalar ger\u00e7ekle\u015ftirmeyi planlad\u0131klar\u0131n\u0131 ifade eden Atl\u0131, b\u00f6lgeyi b\u00fct\u00fcn T\u00fcrkiye&#8217;ye tan\u0131tmay\u0131 hedeflediklerini kaydetti.\u00a0<br \/>\nMersin \u00dcniversitesi Beden E\u011fitimi \u00d6\u011fretmenli\u011fi B\u00f6l\u00fcm\u00fc \u00f6\u011frencisi Nazl\u0131 At\u0131c\u0131 ise pandemi nedeniyle maskeleri takarak u\u00e7u\u015fa ge\u00e7mek i\u00e7in G\u00f6ktepe\u2019ye \u00e7\u0131kt\u0131klar\u0131n\u0131 s\u00f6yledi.\u00a0<br \/>\nSportif faaliyetlerin b\u00f6lge ekonomisine katk\u0131 sunmas\u0131 bekleniyor. Treking, bisiklet ve di\u011fer da\u011f sporlar\u0131 i\u00e7in uygun bir potansiyele sahip y\u00f6rede son y\u0131llarda ev pansiyonculu\u011fu da geli\u015fiyor. B\u00f6lgenin s\u00fcrd\u00fcr\u00fclebilir bir turizm imkan\u0131na sahip oldu\u011funa dikkat \u00e7ekiliyor. \u00a0<\/p>\n","protected":false},"excerpt":{"rendered":"<p>Mersin&#8217;in Erdemli il\u00e7esinde 2000 rak\u0131ml\u0131 G\u00f6ktepe&#8217;de &#8216;Maskeni Tak, U\u00e7mana Bak&#8217; yama\u00e7 para\u015f\u00fct\u00fc etkinli\u011fi ger\u00e7ekle\u015ftirildi. Etkinli\u011fe kat\u0131lan sporcular g\u00fcneyinde Akdeniz, kuzeyinde Toros Da\u011flar\u0131 bulunan essiz manzaran\u0131n tad\u0131n\u0131 \u00e7\u0131kard\u0131. Etkinlikte pandemiden dolay\u0131 &hellip; <a href=\"https:\/\/akdenizolaygazetesi.com\/?p=8242\" class=\"more-link\">Devam\u0131n\u0131 Oku&#8230;<\/a><\/p>\n","protected":false},"author":1,"featured_media":0,"comment_status":"open","ping_status":"open","sticky":false,"template":"","format":"standard","meta":[],"categories":[],"tags":[],"_links":{"self":[{"href":"https:\/\/akdenizolaygazetesi.com\/index.php?rest_route=\/wp\/v2\/posts\/8242"}],"collection":[{"href":"https:\/\/akdenizolaygazetesi.com\/index.php?rest_route=\/wp\/v2\/posts"}],"about":[{"href":"https:\/\/akdenizolaygazetesi.com\/index.php?rest_route=\/wp\/v2\/types\/post"}],"author":[{"embeddable":true,"href":"https:\/\/akdenizolaygazetesi.com\/index.php?rest_route=\/wp\/v2\/users\/1"}],"replies":[{"embeddable":true,"href":"https:\/\/akdenizolaygazetesi.com\/index.php?rest_route=%2Fwp%2Fv2%2Fcomments&post=8242"}],"version-history":[{"count":0,"href":"https:\/\/akdenizolaygazetesi.com\/index.php?rest_route=\/wp\/v2\/posts\/8242\/revisions"}],"wp:attachment":[{"href":"https:\/\/akdenizolaygazetesi.com\/index.php?rest_route=%2Fwp%2Fv2%2Fmedia&parent=8242"}],"wp:term":[{"taxonomy":"category","embeddable":true,"href":"https:\/\/akdenizolaygazetesi.com\/index.php?rest_route=%2Fwp%2Fv2%2Fcategories&post=8242"},{"taxonomy":"post_tag","embeddable":true,"href":"https:\/\/akdenizolaygazetesi.com\/index.php?rest_route=%2Fwp%2Fv2%2Ftags&post=8242"}],"curies":[{"name":"wp","href":"https:\/\/api.w.org\/{rel}","templated":true}]}}