{"id":8249,"date":"2020-11-04T18:28:43","date_gmt":"2020-11-04T15:28:43","guid":{"rendered":"http:\/\/mersinekonomipolitikagazetesi.com\/?p=8249"},"modified":"2020-11-04T18:28:43","modified_gmt":"2020-11-04T15:28:43","slug":"mersinli-ureticinin-seftalisi-ic-anadoluya-daha-hizli-ulasacak","status":"publish","type":"post","link":"https:\/\/akdenizolaygazetesi.com\/?p=8249","title":{"rendered":"Mersinli \u00fcreticinin \u015feftalisi \u0130\u00e7 Anadolu\u2019ya daha h\u0131zl\u0131 ula\u015facak"},"content":{"rendered":"<p>Mersin B\u00fcy\u00fck\u015fehir Belediyesi, \u015feftalisiyle \u00fcnl\u00fc Tepek\u00f6y Mahallesinin kap\u0131lar\u0131n\u0131 \u0130\u00e7 Anadolu\u2019ya a\u00e7\u0131yor. Mahalleyi ge\u00e7ti\u011fimiz g\u00fcnlerde ziyaret eden Ba\u015fkan Vahap Se\u00e7er, \u00fcreticinin yol talebine kulak verdi ve mahallede \u00e7al\u0131\u015fmalar ba\u015flad\u0131. Asfaltlanan 12 kilometrelik yol sayesinde Tepek\u00f6y\u2019den \u00e7\u0131kan bir arac\u0131n Erdemli, Silifke ve Mut\u2019a u\u011framadan Karaman\u2019a ula\u015f\u0131m\u0131 sa\u011flanabilecek. Bu sayede hem \u00fcretici kazanacak hem de \u00fcretim canlanacak.\u00a0<br \/>\nMersin B\u00fcy\u00fck\u015fehir Belediye Ba\u015fkan\u0131 Vahap Se\u00e7er, Kurban Bayram\u0131nda merkez Mezitli il\u00e7esi Tepek\u00f6y Mahallesini ziyaret ederek, \u00fcreticinin asfalt talebine kulak verdi ve b\u00f6lgede \u00e7al\u0131\u015fmalar ba\u015flad\u0131. 12 kilometrelik stabilize yolda asfalt \u00e7al\u0131\u015fmalar\u0131 s\u00fcr\u00fcyor. Yol, \u015feftali merkezi Tepek\u00f6y\u2019\u00fcn de i\u00e7inde oldu\u011fu 7 mahalleyi Erdemli \u00fczerinden Karaman\u2019a ba\u011fl\u0131yor.\u00a0<\/p>\n<p>Asfalt ata\u011f\u0131 yolu 150 kilometre k\u0131salt\u0131yor<br \/>\n\u00a0<br \/>\nB\u00fcy\u00fck\u015fehir Belediyesinden yap\u0131lan a\u00e7\u0131klamaya g\u00f6re, Mezitli il\u00e7esi Tepek\u00f6y Mahallesi, \u015feftali \u00fcretiminde \u00f6nemli bir merkez konumunda yer al\u0131yor. Tepek\u00f6y\u2019den yola \u00e7\u0131kan bir \u00fcr\u00fcn, \u00f6nce Erdemli il\u00e7esine ard\u0131ndan da Silifke ve Mut il\u00e7elerinden ge\u00e7erek \u0130\u00e7 Anadolu\u2019daki Karaman\u2019a ula\u015f\u0131yor. \u00dcr\u00fcn\u00fcn Tepek\u00f6y\u2019den \u0130\u00e7 Anadolu B\u00f6lgesi\u2019ne ula\u015fma a\u015famas\u0131nda yakla\u015f\u0131k 300 kilometre mesafe kat ediliyor. B\u00fcy\u00fck\u015fehir Belediyesinin 12 kilometrelik asfalt ata\u011f\u0131, s\u00f6z konu yolu yakla\u015f\u0131k 150 kilometre k\u0131salt\u0131yor. Tepek\u00f6y\u2019den yola \u00e7\u0131kan \u00fcr\u00fcn, di\u011fer il\u00e7elere u\u011framadan 12 kilometrelik yoldan ge\u00e7ecek ve Erdemli-Karaman aras\u0131ndaki yola ba\u011flanacak. 7 mahalleyi birbirine ba\u011flayan yol, Tepek\u00f6y\u2019\u00fcn yan\u0131 s\u0131ra Mezitli Sar\u0131lar, Kocayer, Zeybekler ile Erdemli \u015eahna, \u00dcz\u00fcml\u00fc ve Do\u011fu Sandall\u0131 mahallelerindeki \u00fcreticilere \u00f6nemli fayda sa\u011flayacak.\u00a0<\/p>\n<p>B\u00fcy\u00fck\u015fehir Belediyesi, yol a\u011f\u0131nda bulunmamas\u0131na ra\u011fmen \u00fcreticinin sorununu \u00e7\u00f6z\u00fcme kavu\u015fturdu. B\u00fcy\u00fck\u015fehir Belediye Ba\u015fkan\u0131 Vahap Se\u00e7er, Kurban Bayram\u0131\u2019nda yapt\u0131\u011f\u0131 Tepek\u00f6y Mahallesi ziyaretinde s\u00f6z konusu yolla ilgili olarak, \u201c\u00dczerinde bulundu\u011fumuz yol Mersin B\u00fcy\u00fck\u015fehir Belediyesinin yol a\u011f\u0131nda de\u011fil. Ge\u00e7ti\u011fimiz y\u0131l yapt\u0131\u011f\u0131m\u0131z ziyarette muhtar\u0131m\u0131z ve vatanda\u015flar\u0131m\u0131z bu yolun \u00f6neminden bize s\u00f6z ettiler. Yakla\u015f\u0131k 12 kilometrelik g\u00fczergah. Tepek\u00f6y \u015feftalisini Orta Anadolu&#8217;ya ta\u015f\u0131yan kamyonlar da bu yolu kullan\u0131yorlar. Vatanda\u015flar \u00e7al\u0131\u015fmalar\u0131n bir an \u00f6nce yap\u0131lmas\u0131n\u0131 istediler, ekiplerimiz de \u015fu anda \u00e7al\u0131\u015f\u0131yorlar. Sathi kaplama yap\u0131l\u0131yor. Tamamland\u0131\u011f\u0131nda b\u00f6lge i\u00e7in ula\u015f\u0131m\u0131 rahatlatacak, \u00fcr\u00fcnlerin daha rahat ta\u015f\u0131nd\u0131\u011f\u0131 bir g\u00fczergah olacak. B\u00fcy\u00fck\u015fehir yetki alan\u0131m\u0131zda olsun olmas\u0131n bir\u00e7ok konuya e\u011filmeye \u00e7al\u0131\u015f\u0131yoruz\u201d ifadelerine yer vermi\u015fti.\u00a0<\/p>\n<p>\u201cBu yol, 100-120 bin ton \u015feftalinin \u0130\u00e7 Anadolu\u2019ya ta\u015f\u0131nmas\u0131 demek\u201d<br \/>\n\u00a0<br \/>\nTepek\u00f6y Mahallesi Muhtar\u0131 Nevzat Kurt, yolun b\u00f6lgedeki \u015feftali \u00fcreticileri i\u00e7in ta\u015f\u0131d\u0131\u011f\u0131 \u00f6neme vurgu yaparak, \u201cBu yol, bu vadinin i\u00e7inden \u00e7\u0131kan ortalama 100-120 bin ton \u015feftalinin \u0130\u00e7 Anadolu\u2019ya ta\u015f\u0131nmas\u0131 demek. Tepek\u00f6y\u2019de 50 bin, di\u011fer mahallelerimizde de takribi 50 bin ton \u015feftali \u00fcretmekteyiz. \u0130\u00e7 Anadolu\u2019daki meyve suyu fabrikalar\u0131na, i\u00e7 pazara gidi\u015fte yolumuz bu hat \u00fczerinden yakla\u015f\u0131k 150 kilometre k\u0131sal\u0131yor. Toz toprak i\u00e7erisindeydik. Meyve \u00fcretimi yapan \u00e7ift\u00e7ilerimiz rahats\u0131zd\u0131. Bu yolun, yap\u0131lan hizmetin \u00e7ok b\u00fcy\u00fck de\u011feri var. Onun i\u00e7in ba\u015fkan\u0131m\u0131za \u00e7ok te\u015fekk\u00fcr ediyoruz. Tepek\u00f6y\u2019\u00fcn merkezinden Erdemli s\u0131n\u0131r noktas\u0131na kadar asfalts\u0131z bir kar\u0131\u015f yerimiz kalmayacak\u201d dedi.\u00a0<br \/>\nKurt, Ba\u015fkan Se\u00e7er\u2019in seslerine kulak verdi\u011fini ve taleplerini h\u0131zla yerine getirdi\u011fini belirterek, \u201cNormalde bu yol haritada B\u00fcy\u00fck\u015fehir\u2019in sorumluluk alan\u0131nda olmayan bir yol. Ba\u015fkan\u0131m\u0131za \u00f6ncelikle bu yola emek verdikleri i\u00e7in te\u015fekk\u00fcr ediyoruz. Belediyemiz yakla\u015f\u0131k bir ayd\u0131r ekskavat\u00f6rleriyle, kamyonlar\u0131yla, b\u00fct\u00fcn ara\u00e7 gere\u00e7leriyle bu yolda \u00e7al\u0131\u015fma yap\u0131yor. Yolumuz sil ba\u015ftan kaplama yap\u0131l\u0131yor\u201d diye konu\u015ftu. \u00a0<\/p>\n","protected":false},"excerpt":{"rendered":"<p>Mersin B\u00fcy\u00fck\u015fehir Belediyesi, \u015feftalisiyle \u00fcnl\u00fc Tepek\u00f6y Mahallesinin kap\u0131lar\u0131n\u0131 \u0130\u00e7 Anadolu\u2019ya a\u00e7\u0131yor. Mahalleyi ge\u00e7ti\u011fimiz g\u00fcnlerde ziyaret eden Ba\u015fkan Vahap Se\u00e7er, \u00fcreticinin yol talebine kulak verdi ve mahallede \u00e7al\u0131\u015fmalar ba\u015flad\u0131. Asfaltlanan 12 &hellip; <a href=\"https:\/\/akdenizolaygazetesi.com\/?p=8249\" class=\"more-link\">Devam\u0131n\u0131 Oku&#8230;<\/a><\/p>\n","protected":false},"author":1,"featured_media":0,"comment_status":"open","ping_status":"open","sticky":false,"template":"","format":"standard","meta":[],"categories":[],"tags":[],"_links":{"self":[{"href":"https:\/\/akdenizolaygazetesi.com\/index.php?rest_route=\/wp\/v2\/posts\/8249"}],"collection":[{"href":"https:\/\/akdenizolaygazetesi.com\/index.php?rest_route=\/wp\/v2\/posts"}],"about":[{"href":"https:\/\/akdenizolaygazetesi.com\/index.php?rest_route=\/wp\/v2\/types\/post"}],"author":[{"embeddable":true,"href":"https:\/\/akdenizolaygazetesi.com\/index.php?rest_route=\/wp\/v2\/users\/1"}],"replies":[{"embeddable":true,"href":"https:\/\/akdenizolaygazetesi.com\/index.php?rest_route=%2Fwp%2Fv2%2Fcomments&post=8249"}],"version-history":[{"count":0,"href":"https:\/\/akdenizolaygazetesi.com\/index.php?rest_route=\/wp\/v2\/posts\/8249\/revisions"}],"wp:attachment":[{"href":"https:\/\/akdenizolaygazetesi.com\/index.php?rest_route=%2Fwp%2Fv2%2Fmedia&parent=8249"}],"wp:term":[{"taxonomy":"category","embeddable":true,"href":"https:\/\/akdenizolaygazetesi.com\/index.php?rest_route=%2Fwp%2Fv2%2Fcategories&post=8249"},{"taxonomy":"post_tag","embeddable":true,"href":"https:\/\/akdenizolaygazetesi.com\/index.php?rest_route=%2Fwp%2Fv2%2Ftags&post=8249"}],"curies":[{"name":"wp","href":"https:\/\/api.w.org\/{rel}","templated":true}]}}