{"id":8254,"date":"2020-11-04T18:28:43","date_gmt":"2020-11-04T15:28:43","guid":{"rendered":"http:\/\/mersinekonomipolitikagazetesi.com\/?p=8254"},"modified":"2020-11-04T18:28:43","modified_gmt":"2020-11-04T15:28:43","slug":"secer-biz-herkesi-kucaklamak-kapsamak-istiyoruz","status":"publish","type":"post","link":"https:\/\/akdenizolaygazetesi.com\/?p=8254","title":{"rendered":"Se\u00e7er, &#8220;Biz herkesi kucaklamak, kapsamak istiyoruz&#8221;"},"content":{"rendered":"<p><span style=\"line-height: 1.6em;\">Mersin B\u00fcy\u00fck\u015fehir Belediye Ba\u015fkan\u0131 Vahap Se\u00e7er, Mersin\u2019de insanlar\u0131 ayr\u0131\u015ft\u0131rmadan herkese e\u015fit hizmet verdiklerini vurgulayarak, &#8220;Biz herkesi kucaklamak, kapsamak istiyoruz. Bu bizim partimizin destek\u00e7isidir, bize oy vermi\u015ftir, vermemi\u015ftir, bizim sevdam\u0131z derdimiz, T\u00fcrkiye\u2019de ya\u015fayan 82 milyon. Kim olursa olsun hangi \u0131rktan, hangi mezhepten, hangi siyasi g\u00f6r\u00fc\u015ften olursa olsun benim i\u00e7in fark etmiyor&#8221; dedi.\u00a0<\/span><\/p>\n<p>Se\u00e7er, kat\u0131ld\u0131\u011f\u0131 bir televizyon program\u0131nda, Mersin B\u00fcy\u00fck\u015fehir Belediyesi\u2019nin pandemi s\u00fcrecindeki hizmetlerinden bahsetti. Se\u00e7er, ayr\u0131ca \u00f6\u011frencilere, \u00fcreticilere, esnafa ve belediye personeline y\u00f6nelik \u00e7al\u0131\u015fmalar\u0131n\u0131 da anlatt\u0131. Mersin\u2019in gelecekte umut vaat eden bir kent oldu\u011funu ve huzur bulmak isteyen herkesi bu kente beklediklerini belirten Se\u00e7er, hi\u00e7bir ayr\u0131m g\u00f6zetmeksizin kentte herkese e\u015fit hizmet g\u00f6t\u00fcr\u00fcld\u00fc\u011f\u00fcn\u00fc ve herkesi kucaklad\u0131klar\u0131n\u0131 s\u00f6yledi. Se\u00e7er, T\u00dc\u0130K\u2019in a\u00e7\u0131klad\u0131\u011f\u0131 verilere g\u00f6re T\u00fcrkiye\u2019de b\u00f6lgesel gelir da\u011f\u0131l\u0131m\u0131nda adaletsizli\u011fin ya\u015fand\u0131\u011f\u0131 illerin ba\u015f\u0131nda Mersin ve Adana\u2019n\u0131n geldi\u011fini payla\u015ft\u0131. G\u00f6reve geldi\u011fi g\u00fcnden bu yana ortaya bir vizyon koyarak \u00e7al\u0131\u015fmalar\u0131n\u0131 y\u00fcr\u00fctt\u00fc\u011f\u00fcn\u00fc kaydeden Se\u00e7er, Mersin\u2019in gelecek y\u0131llarda umut vaat etti\u011fini ve \u00e7ok iyi noktalara gelece\u011fini vurgulad\u0131. Mersin&#8217;in \u00e7ok istikbal vaat eden bir \u015fehir oldu\u011funu kaydeden Se\u00e7er, &#8220;\u00c7ok \u00f6nemli dinamikleri var. Hem ekonomik, tarihi, k\u00fclt\u00fcrel birikim olarak hem sosyolojik olarak \u00e7ok \u00f6nemli de\u011ferleri var. Bu da Mersin\u2019i \u00e7ok iyi noktalara ta\u015f\u0131yacak. Ya\u015famak isteyen ya da yeni bir yer aray\u0131\u015f\u0131 i\u00e7erisinde olan herkes i\u00e7in Mersin en iyi kentler aras\u0131nda. Gelsinler Mersin\u2019de huzur ve mutluluk i\u00e7erisinde ya\u015fas\u0131nlar. Yat\u0131r\u0131mc\u0131lar i\u00e7in istikbal vadeden bir b\u00f6lge. \u0130ster sanayi, ister tar\u0131m yat\u0131r\u0131m\u0131, ister turizm, ister lojistik. Burada her t\u00fcrl\u00fc imkan var. Yat\u0131r\u0131mc\u0131lar\u0131 da b\u00f6lgeme davet ediyorum&#8221; diye konu\u015ftu.\u00a0<\/p>\n<p>\u201cGelir olu\u015fturursan\u0131z, gelir da\u011f\u0131l\u0131m\u0131nda da adaletsizli\u011fi ortadan kald\u0131rm\u0131\u015f olursunuz\u201d\u00a0<br \/>\nMersin\u2019in sanayi, tar\u0131m ve ticaret alan\u0131nda \u00f6nemli potansiyele sahip oldu\u011funu belirten Se\u00e7er, \u201c\u00d6nemli olan; istihdam alanlar\u0131 a\u00e7mak, i\u015fsizli\u011fi ortadan kald\u0131racak baz\u0131 yat\u0131r\u0131mlar\u0131n ger\u00e7ekle\u015fmesi, insanlara gelir sa\u011flayacak ortamlar\u0131n hayata ge\u00e7irilmesi. Ekonomik kazan\u00e7 olursa, ekonomi olursa di\u011fer sorunlar\u0131 bir anda \u00e7\u00f6z\u00fcyorsunuz. \u0130nsanlar gelir elde etti\u011fi zaman \u00e7ocuklar\u0131n\u0131 daha iyi e\u011fitir. \u0130nsanlar gelir elde etti\u011fi zaman k\u00fclt\u00fcr olur, sanat olur, o alanlara y\u00f6nelme olur, kent modernle\u015fir, \u00e7a\u011fda\u015fla\u015f\u0131r. Siz ne kadar \u00e7ok istihdam alan\u0131 olu\u015fturursan\u0131z, gelir olu\u015fturursan\u0131z, gelir da\u011f\u0131l\u0131m\u0131nda da adaletsizli\u011fi ortadan kald\u0131rm\u0131\u015f olursunuz\u201d \u015feklinde konu\u015ftu.\u00a0<\/p>\n<p>\u201cBiz herkesi kucaklamak, kapsamak istiyoruz\u201d\u00a0<br \/>\n\u00dclke kaynaklar\u0131n\u0131n vatanda\u015flara ait oldu\u011funu ve g\u00f6revlerinin bu kaynaklar\u0131 en ak\u0131lc\u0131 \u015fekilde kullanmak oldu\u011funu vurgulayan Se\u00e7er, \u201cDevlet dedi\u011finiz sosyal devlet olmal\u0131. Belediye dedi\u011finiz sosyal belediye olmal\u0131. Biz onlar i\u00e7in var\u0131z. Bu imkanlar\u0131 da onlara g\u00f6t\u00fcrmek i\u00e7in var\u0131z. \u0130nsanlar\u0131n \u00e7\u0131\u011fl\u0131klar\u0131n\u0131 cevap verebilmek, \u00e7aresizliklerinin \u00e7aresi olmak, onlar\u0131n mutsuzluklar\u0131n\u0131 mutlulu\u011fa d\u00f6n\u00fc\u015ft\u00fcrmek, onlar\u0131 d\u00fc\u015f\u00fcnen, onlar\u0131 sar\u0131p sarmalayan, koruyan bir ba\u015fkanlar\u0131n\u0131n oldu\u011funu hissettirmek \u00e7ok g\u00fczel bir duygu. Benim g\u00f6revim bu, i\u015fim bu. \u0130nsani olarak da hukuki olarak da siyasi olarak da benim g\u00f6revim bu. G\u00f6revimi yap\u0131yorum ve tabii ki yapt\u0131\u011f\u0131m bu g\u00f6revden dolay\u0131 vatanda\u015flar\u0131 mutlu edebiliyorsam ben de d\u00fcnyan\u0131n en mutlu insan\u0131 oluyorum. Biz herkesi kucaklamak, kapsamak istiyoruz. Bu bizim partimizin destek\u00e7isidir, bize oy vermi\u015ftir, vermemi\u015ftir bizim sevdam\u0131z derdimiz T\u00fcrkiye\u2019de ya\u015fayan 82 milyon. Kim olursa olsun hangi \u0131rktan, hangi mezhepten, hangi siyasi g\u00f6r\u00fc\u015ften olursa olsun benim i\u00e7in fark etmiyor. Kimli\u011finde T\u00fcrkiye Cumhuriyeti vatanda\u015f\u0131 yaz\u0131yorsa benim yurtta\u015f\u0131md\u0131r\u201d ifadelerini kulland\u0131.\u00a0<\/p>\n<p>\u201cBu s\u00fcrecin uzamas\u0131 komplikasyonlar\u0131 da art\u0131racak\u201d\u00a0<br \/>\nSalg\u0131n\u0131n T\u00fcrkiye\u2019de g\u00f6r\u00fcld\u00fc\u011f\u00fc mart ay\u0131ndan itibaren krona vir\u00fcse kar\u015f\u0131 kapsaml\u0131 \u00e7al\u0131\u015fmalar y\u00fcr\u00fctt\u00fcklerini belirten Se\u00e7er, ya\u015fanan s\u00fcre\u00e7te vakalarda h\u0131zl\u0131 bir art\u0131\u015f g\u00f6r\u00fcld\u00fc\u011f\u00fcn\u00fc s\u00f6yledi. Se\u00e7er, pandemi s\u00fcrecinde vatanda\u015flar\u0131n ve esnaf\u0131n ma\u011fduriyetini gidermek ad\u0131na talepleri h\u0131zla kar\u015f\u0131lad\u0131klar\u0131n\u0131, g\u0131da yard\u0131mlar\u0131ndan dezenfeksiyon i\u015flemlerine kadar bir\u00e7ok \u00e7al\u0131\u015fma ger\u00e7ekle\u015ftirdiklerini vurgulad\u0131. S\u00fcrecin uzamas\u0131 durumunda ekonomik s\u0131k\u0131nt\u0131lar\u0131n ve istenmeyen durumlar\u0131n da ya\u015fanabilece\u011fini belirten Se\u00e7er, \u201c\u00d6n\u00fcm\u00fczdeki s\u00fcrecin olu\u015fturaca\u011f\u0131 tahribatlara g\u00f6re de yeni tedbirler ya da yeni baz\u0131 yard\u0131mlar ger\u00e7ekle\u015ftirece\u011fiz\u201d dedi.\u00a0<br \/>\nSe\u00e7er, e\u011fitim ve \u00f6\u011fretim sezonunun ba\u015flamas\u0131yla uzaktan e\u011fitim modeline ge\u00e7en \u00f6\u011frencilerin birtak\u0131m imkans\u0131zl\u0131klarla kar\u015f\u0131 kar\u015f\u0131ya kald\u0131klar\u0131n\u0131 vurgulad\u0131. K\u0131rsal mahallelere yapt\u0131\u011f\u0131 ziyaretlerde kendisine \u00f6zellikle \u00e7ocuklar taraf\u0131ndan internet altyap\u0131s\u0131 ve teknolojik cihaz eksikli\u011fi gibi konular\u0131n iletildi\u011fini belirten Se\u00e7er, \u201cMahallelerinde, eski tabiriyle k\u00f6ylerinde internet alt yap\u0131s\u0131 yok. Tabletleri yok. Yani bu yeni sistemde online e\u011fitimle ilgili enstr\u00fcmanlar\u0131 bulmakta zorlan\u0131yorlar. Biz belediye olarak elbette ki mevcut imkanlar dahilinde elimizden gelen katk\u0131y\u0131 sunmaya gayret ederiz ancak tabii ki Milli E\u011fitim Bakanl\u0131\u011f\u0131\u2019n\u0131n, makro anlamda bu e\u011fitimle ilgili politikalar\u0131 belirleyen, de\u011ferlendirmeleri yapan, kararlar\u0131 alan bu kurumun kal\u0131c\u0131 \u00e7\u00f6z\u00fcm bulmas\u0131 gerekiyor diye d\u00fc\u015f\u00fcn\u00fcyorum\u201d diye konu\u015ftu.\u00a0<br \/>\nSe\u00e7er, Mersin B\u00fcy\u00fck\u015fehir Belediyesi\u2019ne ba\u011fl\u0131 \u015firketlerle i\u015f\u00e7i sendikalar\u0131 aras\u0131nda imzalanan toplu i\u015f s\u00f6zle\u015fmesine de de\u011findi. Se\u00e7er, &#8220;T\u00fcrkiye\u2019de asgari \u00fccret tutar\u0131 2 bin 324 liradan belirlenirken, Mersin B\u00fcy\u00fck\u015fehir Belediyesi\u2019nde 1 Temmuz 2020-1 Temmuz 2021 tarihleri aras\u0131nda en d\u00fc\u015f\u00fck i\u015f\u00e7i maa\u015f\u0131 y\u0131ll\u0131k ortalama 3 bin 370 TL oldu. Ayr\u0131ca s\u00f6zle\u015fme kapsam\u0131nda 45 saat olan haftal\u0131k \u00e7al\u0131\u015fma s\u00fcresi 40 saate d\u00fc\u015f\u00fcr\u00fcl\u00fcrken, 1 May\u0131s Emek ve Dayan\u0131\u015fma Bayram\u0131\u2019nda da \u00e7al\u0131\u015fanlara ortama 250 TL tutar\u0131nda ikramiye verilecek. \u00d6rne\u011fin bir b\u00fcroda \u00e7al\u0131\u015fan 5 bin TL ayl\u0131k alan eleman da vard\u0131. Ayn\u0131 i\u015fi yap\u0131p, ayn\u0131 mesaiyi harcay\u0131p 2 bin 500, 3 bin lira gibi maa\u015f alan \u00e7al\u0131\u015fanlar\u0131m\u0131z da vard\u0131. Yeni yapt\u0131\u011f\u0131m\u0131z d\u00fczenlemede bu maa\u015flara bir denge getirdik. \u00c7ok d\u00fc\u015f\u00fck \u00fccretlerde kalan ancak \u00e7ok y\u00fcksek \u00fccret alan \u00e7al\u0131\u015fma arkada\u015f\u0131yla bir adaletsizlik ya\u015fayan arkada\u015f\u0131m\u0131z\u0131n art\u0131k bu s\u0131k\u0131nt\u0131s\u0131n\u0131 ortadan kald\u0131rm\u0131\u015f olduk. Ayn\u0131 i\u015f kolunda farkl\u0131 maa\u015f uygulamalar\u0131 da getirdik. Farkl\u0131 kademeler koyduk. \u00d6rne\u011fin 3 bin 370 lirayla i\u015fe ba\u015flayan bir m\u00fchendis arkada\u015f\u0131m\u0131zla 10 y\u0131ld\u0131r, 5 y\u0131ld\u0131r ya da 15 y\u0131ld\u0131r belediyede \u00e7al\u0131\u015fan \u00e7ok deneyimli bir m\u00fchendis arkada\u015f\u0131m\u0131z\u0131n maa\u015f\u0131 aras\u0131nda fark olacak. Deneyimli, belediyeye daha \u00e7ok katk\u0131 yapan, liyakatli m\u00fchendislerimizde farkl\u0131 \u00fccretlendirmeye gittik. Bizde \u00f6rne\u011fin m\u00fchendis maa\u015f\u0131 3 bin 370 lira ile 7 bin lira aras\u0131nda de\u011fi\u015fiyor. Bu tip \u00e7al\u0131\u015fmalar\u0131 tamamlad\u0131k&#8221; \u015feklinde konu\u015ftu.\u00a0<\/p>\n<p>\u201cEsnaf\u0131m\u0131zla ileti\u015fim sa\u011flanacak ve sorunlar\u0131 dinlenecek\u201d\u00a0<br \/>\nSe\u00e7er, Mersin\u2019deki 55 binin \u00fczerinde esnaf\u0131 ilgilendiren Mersin Esnaf ve Sanatkarlar Dan\u0131\u015fma Merkezi (MESDEM) protokol\u00fcnden de bahsetti. Hayata yeni ge\u00e7irilen bu \u00e7al\u0131\u015fma kapsam\u0131nda 3 kademeli bir sistem kurulaca\u011f\u0131n\u0131 ve esnaf\u0131n belediyeyle olan i\u015flerinin h\u0131zla \u00e7\u00f6z\u00fcme kavu\u015faca\u011f\u0131n\u0131 vurgulayan Se\u00e7er, kademelerden birisinin de esnaf masas\u0131 oldu\u011funu kaydetti. Esnaf masas\u0131 \u00e7al\u0131\u015fanlar\u0131n\u0131n belediye ve esnaf aras\u0131nda bir k\u00f6pr\u00fc olu\u015fturaca\u011f\u0131n\u0131 kaydeden Se\u00e7er, \u201cB\u00fct\u00fcn bu sorunlar\u0131n k\u0131sa yoldan \u00e7\u00f6z\u00fcme ula\u015fmas\u0131 i\u00e7in esnaf masas\u0131nda bu arkada\u015flar\u0131m\u0131zla irtibata ge\u00e7ebilecekler. Yine \u00e7a\u011fr\u0131 merkezimiz Alo 185 vas\u0131tas\u0131yla bu merkezlere esnaflar\u0131m\u0131z ula\u015fabilecekler. Mesai saatleri i\u00e7erisinde sabah saat 08.00 ile 17.00 aras\u0131nda bu \u00e7a\u011fr\u0131lar direkt farkl\u0131 bir hattan esnaf\u0131m\u0131zla ileti\u015fim sa\u011flanacak ve sorunlar\u0131 dinlenecek. Ak\u015fam 17.00 d\u0131\u015f\u0131nda gelen \u00e7a\u011fr\u0131lar da kayda al\u0131nacak. Sabah mesaiyle beraber onlar\u0131n \u00e7a\u011fr\u0131lar\u0131 g\u00fcn i\u00e7erisinde cevap bulacak\u201d ifadelerini kulland\u0131.\u00a0<\/p>\n<p>\u201cBiz istiyoruz ki Mersin\u2019den her y\u0131l \u00fcniversiteye \u00e7ok say\u0131da \u00f6\u011frenci g\u00f6nderelim\u201d\u00a0<br \/>\nMersin B\u00fcy\u00fck\u015fehir Belediyesi b\u00fcnyesindeki 8 noktadaki e\u011fitim ve \u00f6\u011fretimi destekleme kurs merkezlerinde bu sene 4 bin 334 \u00f6\u011frenciyi \u00fcniversiteye haz\u0131rlad\u0131klar\u0131n\u0131, bin 300 civar\u0131nda \u00f6\u011frencinin de \u00e7e\u015fitli \u00fcniversiteleri kazand\u0131\u011f\u0131n\u0131 s\u00f6yleyen Se\u00e7er, ilk 50 binde 124 \u00f6\u011frencinin yer ald\u0131\u011f\u0131n\u0131 dile getirdi. Ge\u00e7en sene 170 olan \u00f6\u011fretmen say\u0131s\u0131n\u0131 bu sene 222\u2019ye \u00e7\u0131kartt\u0131klar\u0131n\u0131 ve yeni a\u00e7acaklar\u0131 bir kurs merkeziyle \u015fube say\u0131s\u0131n\u0131 9\u2019a y\u00fckselteceklerini kaydeden Se\u00e7er, \u201c\u00c7ok etkin bir e\u011fitim vermek istiyoruz. Son derece iyi fiziki ko\u015fullar\u0131m\u0131z da var e\u011fitim merkezlerimizde. Biz istiyoruz ki Mersin\u2019den her y\u0131l \u00fcniversiteye \u00e7ok say\u0131da \u00f6\u011frenci g\u00f6nderelim. \u00d6\u011frencinin olmas\u0131, e\u011fitimli bir toplumun olmas\u0131 Mersin\u2019imiz a\u00e7\u0131s\u0131ndan gelecek i\u00e7in umut vaat edecek diye d\u00fc\u015f\u00fcn\u00fcyoruz\u201d dedi.\u00a0<br \/>\nMersin\u2019de 2\u2019si devlet, 2\u2019si de vak\u0131f \u00fcniversitesi olmak \u00fczere 4 \u00fcniversitenin bulundu\u011funu ve buralarda 50 binin \u00fczerinde \u00f6\u011frencinin e\u011fitim g\u00f6rd\u00fc\u011f\u00fcn\u00fc belirten Se\u00e7er, Mersin\u2019de okuyan \u00f6\u011frencilere y\u00f6nelik \u00e7al\u0131\u015fmalar\u0131n\u0131 da anlatt\u0131. Bu kapsamda \u00f6\u011frencilerin 2024\u2019e kadar belediyeye ait toplu ta\u015f\u0131ma ara\u00e7lar\u0131ndan 1 liraya faydalanabilece\u011fini, \u00c7ama\u015f\u0131r Kafe ve \u00c7orba B\u00fcfesi hizmetlerin yan\u0131 s\u0131ra \u00f6\u011frencilerin yo\u011fun oldu\u011fu yerle\u015fim alanlar\u0131nda \u00fccretsiz wi-fi uygulamas\u0131 ger\u00e7ekle\u015ftirdiklerini s\u00f6yledi. Ayr\u0131ca farkl\u0131 illeri kazanan Mersinli \u00fcniversite \u00f6\u011frencilerine de \u00f6\u011frenim yard\u0131mlar\u0131n\u0131 bu sene art\u0131rd\u0131klar\u0131n\u0131n alt\u0131n\u0131 \u00e7izen Se\u00e7er, &#8220;Ge\u00e7en y\u0131l 7 bin 200 \u00f6\u011frencimiz bin 250 lira her biri bizden e\u011fitim yard\u0131m\u0131 ald\u0131. Bu y\u0131l da tahmin ediyorum 7 bin 500-8 bin civar\u0131na y\u00fckselecek. Her 4 y\u0131ll\u0131k \u00fcniversiteyi kazanan \u00f6\u011frencimiz bu hizmetlerden faydalan\u0131yor. Bu e\u011fitim yard\u0131m\u0131n\u0131 al\u0131yor. Bu y\u0131l da bin 400 lira e\u011fitim yard\u0131m\u0131 belediyemiz taraf\u0131ndan \u00fcniversiteyi yeni kazanan \u00f6\u011frencilerimize verilecek\u201d diye konu\u015ftu.\u00a0<\/p>\n<p>\u201cBir ba\u015fka b\u00fcy\u00fck\u015fehirde b\u00f6yle bir daire ba\u015fkanl\u0131\u011f\u0131n\u0131n olmad\u0131\u011f\u0131n\u0131 biliyorum\u201d\u00a0<br \/>\nG\u00f6reve geldikten sonra kurduklar\u0131 Kad\u0131n ve Aile Hizmetleri Dairesi Ba\u015fkanl\u0131\u011f\u0131 b\u00fcnyesinde kad\u0131nlara ve \u00e7ocuklara y\u00f6nelik de bir\u00e7ok \u00f6nemli \u00e7al\u0131\u015fmay\u0131 hayata ge\u00e7irdiklerini belirten Se\u00e7er, \u201cKad\u0131n bizim i\u00e7in \u00f6nemli. \u00d6nemli oldu\u011funu bildi\u011fimiz i\u00e7in de bu bizim manifestomuzda, se\u00e7im bildirgemizde yer alan bir konuydu. Mersin\u2019de \u015fu anda Kad\u0131n ve Aile Hizmetleri dairesi Ba\u015fkanl\u0131\u011f\u0131 var. Bir ba\u015fka b\u00fcy\u00fck\u015fehirde b\u00f6yle bir daire ba\u015fkanl\u0131\u011f\u0131n\u0131n olmad\u0131\u011f\u0131n\u0131 biliyorum. Daha \u00e7ok \u015fube m\u00fcd\u00fcrl\u00fckleri marifetiyle kad\u0131nlara y\u00f6nelik \u00e7al\u0131\u015fmalar yap\u0131l\u0131yor. Ama biz daha geni\u015f tuttuk, daire ba\u015fkanl\u0131\u011f\u0131 b\u00fcnyesinde bunlar\u0131 yap\u0131yoruz. Bir\u00e7ok konuda kad\u0131nlar\u0131m\u0131z\u0131n mesleki e\u011fitimleri, ya\u015fad\u0131klar\u0131 aile sorunlar\u0131, hukuki sorunlar\u0131, ekonomik sorunlar\u0131na kadar; ekonomik hayata kat\u0131lmalar\u0131na kadar bir\u00e7ok konuda onlarla ilgileniyor i\u015fbirli\u011fi yap\u0131yoruz\u201d \u015feklinde konu\u015ftu.\u00a0<\/p>\n<p>\u201cBelki de d\u00fcnyada olmayan bir \u015fey, toptanc\u0131 sebze halinde biz kre\u015f a\u00e7t\u0131k\u201d\u00a0<br \/>\n\u00c7al\u0131\u015fan kad\u0131nlar\u0131n \u00e7ocuklar\u0131 i\u00e7in iki noktada kre\u015f a\u00e7t\u0131klar\u0131n\u0131 ve bu kre\u015flerin say\u0131s\u0131n\u0131 art\u0131rmay\u0131 hedeflediklerini kaydeden Se\u00e7er, konu\u015fmas\u0131n\u0131 \u015f\u00f6yle tamamlad\u0131:\u00a0<br \/>\n&#8220;Kre\u015fler bizim \u00f6nemsedi\u011fimiz \u00e7al\u0131\u015fma alanlar\u0131m\u0131z\u0131n ba\u015f\u0131nda geliyor. Belki de T\u00fcrkiye\u2019de olmayan, d\u00fcnyada olmayan bir \u015fey, toptanc\u0131 sebze halinde biz kre\u015f a\u00e7t\u0131k. Mersin Toptanc\u0131 Hali, T\u00fcrkiye\u2019nin en b\u00fcy\u00fck hali. \u00c7ok say\u0131da ticaretin oldu\u011fu, insan\u0131n \u00e7al\u0131\u015ft\u0131\u011f\u0131 bir yer. Orada \u00e7ok say\u0131da kad\u0131n \u00e7al\u0131\u015f\u0131yor. Sabah\u0131n erken saatlerinde oradaki i\u015fyerlerine gelirler ve kre\u015flerde \u00e7ocuklar\u0131na Mersin B\u00fcy\u00fck\u015fehir Belediyesi\u2019nin \u00f6\u011fretmenleri refakat ediyor. Belki de standart olarak T\u00fcrkiye\u2019de ender kre\u015flerden biridir. Son derece Avrupa standartlar\u0131nda, \u00e7ok \u00e7a\u011fda\u015f ve bilin\u00e7li \u00f6\u011fretmenlerimizin refakatinde orada \u00e7al\u0131\u015fan emek\u00e7i kad\u0131nlar\u0131n \u00e7ocuklar\u0131 kre\u015f hizmetlerimizden faydalan\u0131yor. Yoksul bir annenin, yoksul bir ailenin \u00e7ocu\u011funu kre\u015f e\u011fitimine g\u00f6nderme \u015fans\u0131 yoktur \u00e7\u00fcnk\u00fc \u00f6yle bir geliri yoktur. Belediye marifetiyle bunlar\u0131 yapmak istiyoruz. Say\u0131s\u0131n\u0131 \u00e7o\u011faltmak istiyoruz, \u00e7o\u011falt\u0131yoruz da. \u015eu anda \u00f6nemli \u00e7al\u0131\u015fmalar\u0131m\u0131z var. Yeni yapt\u0131\u011f\u0131m\u0131z kre\u015flerimiz var. Yine buna benzer yerlerde orta, d\u00fc\u015f\u00fck gelirli ailelerimizin oldu\u011fu b\u00f6lgelerde arkada\u015flar\u0131m\u0131z kre\u015f faaliyetlerini s\u00fcrd\u00fcr\u00fcyorlar.&#8221;\u00a0<\/p>\n","protected":false},"excerpt":{"rendered":"<p>Mersin B\u00fcy\u00fck\u015fehir Belediye Ba\u015fkan\u0131 Vahap Se\u00e7er, Mersin\u2019de insanlar\u0131 ayr\u0131\u015ft\u0131rmadan herkese e\u015fit hizmet verdiklerini vurgulayarak, &#8220;Biz herkesi kucaklamak, kapsamak istiyoruz. Bu bizim partimizin destek\u00e7isidir, bize oy vermi\u015ftir, vermemi\u015ftir, bizim sevdam\u0131z derdimiz, &hellip; <a href=\"https:\/\/akdenizolaygazetesi.com\/?p=8254\" class=\"more-link\">Devam\u0131n\u0131 Oku&#8230;<\/a><\/p>\n","protected":false},"author":1,"featured_media":0,"comment_status":"open","ping_status":"open","sticky":false,"template":"","format":"standard","meta":[],"categories":[],"tags":[],"_links":{"self":[{"href":"https:\/\/akdenizolaygazetesi.com\/index.php?rest_route=\/wp\/v2\/posts\/8254"}],"collection":[{"href":"https:\/\/akdenizolaygazetesi.com\/index.php?rest_route=\/wp\/v2\/posts"}],"about":[{"href":"https:\/\/akdenizolaygazetesi.com\/index.php?rest_route=\/wp\/v2\/types\/post"}],"author":[{"embeddable":true,"href":"https:\/\/akdenizolaygazetesi.com\/index.php?rest_route=\/wp\/v2\/users\/1"}],"replies":[{"embeddable":true,"href":"https:\/\/akdenizolaygazetesi.com\/index.php?rest_route=%2Fwp%2Fv2%2Fcomments&post=8254"}],"version-history":[{"count":0,"href":"https:\/\/akdenizolaygazetesi.com\/index.php?rest_route=\/wp\/v2\/posts\/8254\/revisions"}],"wp:attachment":[{"href":"https:\/\/akdenizolaygazetesi.com\/index.php?rest_route=%2Fwp%2Fv2%2Fmedia&parent=8254"}],"wp:term":[{"taxonomy":"category","embeddable":true,"href":"https:\/\/akdenizolaygazetesi.com\/index.php?rest_route=%2Fwp%2Fv2%2Fcategories&post=8254"},{"taxonomy":"post_tag","embeddable":true,"href":"https:\/\/akdenizolaygazetesi.com\/index.php?rest_route=%2Fwp%2Fv2%2Ftags&post=8254"}],"curies":[{"name":"wp","href":"https:\/\/api.w.org\/{rel}","templated":true}]}}