{"id":8255,"date":"2020-11-04T18:28:43","date_gmt":"2020-11-04T15:28:43","guid":{"rendered":"http:\/\/mersinekonomipolitikagazetesi.com\/?p=8255"},"modified":"2020-11-04T18:28:43","modified_gmt":"2020-11-04T15:28:43","slug":"sulama-kanalina-dusen-aracta-1-kisi-oldu-2-kisi-yaralandi","status":"publish","type":"post","link":"https:\/\/akdenizolaygazetesi.com\/?p=8255","title":{"rendered":"Sulama kanal\u0131na d\u00fc\u015fen ara\u00e7ta 1 ki\u015fi \u00f6ld\u00fc, 2 ki\u015fi yaraland\u0131"},"content":{"rendered":"<p><span style=\"line-height: 1.6em;\">\u00a0Mersin&#8217;in Tarsus il\u00e7esinde s\u00fcr\u00fcc\u00fcs\u00fcn\u00fcn kontrol\u00fcnden \u00e7\u0131kan otomobilin sulama kanal\u0131na u\u00e7mas\u0131 sonucu 1 ki\u015fi hayat\u0131n\u0131 kaybetti, 2 ki\u015fi yaraland\u0131.\u00a0<\/span><\/p>\n<p>Kaza, ak\u015fam saatlerinde il\u00e7eye ba\u011fl\u0131 Y\u00fcksek Mahallesi&#8217;nde meydana geldi. Al\u0131nan bilgiye g\u00f6re, Mehmet Karaca idaresindeki 01 EDG 40 plakal\u0131 otomobil, kontrolden \u00e7\u0131karak Devlet Su \u0130\u015flerine (DS\u0130) ait sulama kanal\u0131na u\u00e7tu. \u00c7evredekilerin ihbar\u0131 \u00fczerine kaza yerine sa\u011fl\u0131k, jandarma ve itfaiye ekibi sevk edildi. Otomobilden yaral\u0131 olarak \u00e7\u0131kart\u0131lan Muammer G\u00fcne\u015f ve Erkan Hatayl\u0131, sa\u011fl\u0131k ekiplerince hastaneye kald\u0131r\u0131ld\u0131. Otomobilde s\u0131k\u0131\u015fan ve itfaiye ekiplerince \u00e7\u0131kart\u0131lan Mehmet Karaca&#8217;n\u0131n ise ya\u015fam\u0131n\u0131 yitirdi\u011fi belirlendi. Kaza yerinde yap\u0131lan incelemenin ard\u0131ndan Karaca&#8217;n\u0131n cesedi, otopsi i\u00e7in Adana Adli T\u0131p Kurumu&#8217;nun morguna kald\u0131r\u0131ld\u0131. Kazayla ilgili soru\u015fturma ba\u015flat\u0131ld\u0131.\u00a0<\/p>\n","protected":false},"excerpt":{"rendered":"<p>\u00a0Mersin&#8217;in Tarsus il\u00e7esinde s\u00fcr\u00fcc\u00fcs\u00fcn\u00fcn kontrol\u00fcnden \u00e7\u0131kan otomobilin sulama kanal\u0131na u\u00e7mas\u0131 sonucu 1 ki\u015fi hayat\u0131n\u0131 kaybetti, 2 ki\u015fi yaraland\u0131.\u00a0 Kaza, ak\u015fam saatlerinde il\u00e7eye ba\u011fl\u0131 Y\u00fcksek Mahallesi&#8217;nde meydana geldi. Al\u0131nan bilgiye g\u00f6re, &hellip; <a href=\"https:\/\/akdenizolaygazetesi.com\/?p=8255\" class=\"more-link\">Devam\u0131n\u0131 Oku&#8230;<\/a><\/p>\n","protected":false},"author":1,"featured_media":0,"comment_status":"open","ping_status":"open","sticky":false,"template":"","format":"standard","meta":[],"categories":[],"tags":[],"_links":{"self":[{"href":"https:\/\/akdenizolaygazetesi.com\/index.php?rest_route=\/wp\/v2\/posts\/8255"}],"collection":[{"href":"https:\/\/akdenizolaygazetesi.com\/index.php?rest_route=\/wp\/v2\/posts"}],"about":[{"href":"https:\/\/akdenizolaygazetesi.com\/index.php?rest_route=\/wp\/v2\/types\/post"}],"author":[{"embeddable":true,"href":"https:\/\/akdenizolaygazetesi.com\/index.php?rest_route=\/wp\/v2\/users\/1"}],"replies":[{"embeddable":true,"href":"https:\/\/akdenizolaygazetesi.com\/index.php?rest_route=%2Fwp%2Fv2%2Fcomments&post=8255"}],"version-history":[{"count":0,"href":"https:\/\/akdenizolaygazetesi.com\/index.php?rest_route=\/wp\/v2\/posts\/8255\/revisions"}],"wp:attachment":[{"href":"https:\/\/akdenizolaygazetesi.com\/index.php?rest_route=%2Fwp%2Fv2%2Fmedia&parent=8255"}],"wp:term":[{"taxonomy":"category","embeddable":true,"href":"https:\/\/akdenizolaygazetesi.com\/index.php?rest_route=%2Fwp%2Fv2%2Fcategories&post=8255"},{"taxonomy":"post_tag","embeddable":true,"href":"https:\/\/akdenizolaygazetesi.com\/index.php?rest_route=%2Fwp%2Fv2%2Ftags&post=8255"}],"curies":[{"name":"wp","href":"https:\/\/api.w.org\/{rel}","templated":true}]}}