{"id":8257,"date":"2020-11-04T18:28:43","date_gmt":"2020-11-04T15:28:43","guid":{"rendered":"http:\/\/mersinekonomipolitikagazetesi.com\/?p=8257"},"modified":"2020-11-04T18:28:43","modified_gmt":"2020-11-04T15:28:43","slug":"covidi-atlatan-hemsire-sizden-bulasip-da-bir-kisinin-oldugunu-gormek-kadar-aci-bir-sey-olmaz","status":"publish","type":"post","link":"https:\/\/akdenizolaygazetesi.com\/?p=8257","title":{"rendered":"Covid&#8217;i atlatan hem\u015fire: \u201cSizden bula\u015f\u0131p da bir ki\u015finin \u00f6ld\u00fc\u011f\u00fcn\u00fc g\u00f6rmek kadar ac\u0131 bir \u015fey olmaz\u201d"},"content":{"rendered":"<p><span style=\"line-height: 1.6em;\">Mersin\u2019de, hi\u00e7bir belirti ya\u015famadan korona vir\u00fcse yakalanan ve hastal\u0131\u011f\u0131 hafif bir bo\u011faz a\u011fr\u0131s\u0131yla atlatan Covid yo\u011fun bak\u0131m hem\u015firesi Mehmet Nalpara, vicdan azab\u0131 ya\u015famamalar\u0131 i\u00e7in herkesi uyard\u0131. 16 y\u0131ll\u0131k yo\u011fun bak\u0131m hem\u015firesi Nalpara, kendisinin belirtisiz ta\u015f\u0131y\u0131c\u0131lara canl\u0131 bir \u00f6rnek oldu\u011funu s\u00f6yleyerek, \u201cSizden bula\u015f\u0131p da bir ki\u015finin \u00f6ld\u00fc\u011f\u00fcn\u00fc g\u00f6rmek kadar ac\u0131 bir \u015fey olmaz. Onun vicdani y\u00fck\u00fc \u00e7ok a\u011f\u0131rd\u0131r\u201d dedi.\u00a0<\/span><\/p>\n<p>Sa\u011fl\u0131k Bakanl\u0131\u011f\u0131n\u0131n ve Bilim Kurulu \u00fcyelerinin s\u0131k s\u0131k uyar\u0131s\u0131n\u0131 yapt\u0131\u011f\u0131, hi\u00e7 belirti g\u00f6stermeyen gizli vir\u00fcs ta\u015f\u0131y\u0131c\u0131lar\u0131na bir \u00f6rnek Mersin\u2019den \u00e7\u0131kt\u0131. Mersin \u015eehir E\u011fitim ve Ara\u015ft\u0131rma Hastanesi Covid yo\u011fun bak\u0131m servisinde g\u00f6rev yapan evli ve iki k\u0131z \u00e7ocuk babas\u0131 43 ya\u015f\u0131ndaki hem\u015fire Mehmet Nalpara, 20 A\u011fustos\u2019ta haftal\u0131k rutin korona vir\u00fcs (Covid-19) testinde pozitif oldu\u011funu \u00f6\u011frendi. Test \u00f6ncesinde de hastal\u0131\u011f\u0131 s\u00fcresince de hafif bir bo\u011faz a\u011fr\u0131s\u0131 d\u0131\u015f\u0131nda hi\u00e7bir belirti ya\u015famayan Nalpara, korona vir\u00fcs\u00fc yenmeyi ba\u015fararak, yeniden i\u015finin ba\u015f\u0131na d\u00f6nd\u00fc. Nalpara, toplumda kendisi gibi belirtisiz \u00e7ok say\u0131da vir\u00fcs ta\u015f\u0131y\u0131c\u0131s\u0131 oldu\u011funa dikkat \u00e7ekerek, vicdan azab\u0131 ya\u015famamalar\u0131 i\u00e7in herkesi uyard\u0131.\u00a0<\/p>\n<p>\u201cCovid-19\u2019a dair herhangi bir belirti yoktu. Pozitif olunca herkes \u015fa\u015f\u0131rd\u0131\u201d\u00a0<br \/>\nHem\u015fire Nalpara, Covid yo\u011fun bak\u0131m servisinde, gazetecilere hastal\u0131k s\u00fcreciyle ilgili a\u00e7\u0131klamalarda bulundu. Hem\u015fire olarak yo\u011fun bak\u0131mlarda 16\u2019nc\u0131 y\u0131l\u0131na girdi\u011fini ifade eden Nalpara, korona vir\u00fcs\u00fcn T\u00fcrkiye\u2019de g\u00f6r\u00fcld\u00fc\u011f\u00fc andan itibaren Covid hem\u015firesi olarak \u00e7al\u0131\u015ft\u0131\u011f\u0131n\u0131 s\u00f6yledi. Son d\u00f6nemde art\u0131\u015fa ge\u00e7en korona vir\u00fcs vakalar\u0131 s\u0131ras\u0131nda kendisinin de Covid-19 pozitif oldu\u011funu dile getiren Nalpara, \u201cBiz, rutin olarak haftada bir s\u00fcr\u00fcnt\u00fc veriyoruz. \u0130daremiz bu konuda \u00e7ok hassas. Benim s\u00fcr\u00fcnt\u00fclerim negatif devam ediyordu. E\u015fim, Erdemli Devlet Hastanesinde hem\u015fire olarak \u00e7al\u0131\u015f\u0131yor; onun s\u00fcr\u00fcnt\u00fcs\u00fc de negatifti. Sadece v\u00fccut k\u0131rg\u0131nl\u0131\u011f\u0131 ve \u00f6ks\u00fcr\u00fck vard\u0131. Ge\u00e7medi\u011fini g\u00f6r\u00fcnce akci\u011fer filmi \u00e7ektirdik ve akci\u011fer tutulumunu g\u00f6r\u00fcnce enfeksiyon doktoru onu Covid olarak de\u011ferlendirdi ve karantinaya ald\u0131. Onunla beraber ben de 20 A\u011fustos\u2019ta ikinci s\u00fcr\u00fcnt\u00fcy\u00fc verdi\u011fimde ak\u015fam arad\u0131lar ve \u2018Sen pozitifsin, e\u015fin negatif\u2019 dediler. Fakat bende Covid-19\u2019a dair herhangi bir belirti yoktu. Pozitif olunca herkes \u015fa\u015f\u0131rd\u0131, \u00e7\u00fcnk\u00fc burada en \u00e7ok dikkat edenlerden biri biziz. Altyap\u0131 olarak \u00e7al\u0131\u015ft\u0131\u011f\u0131m\u0131z yo\u011fun bak\u0131m Covid ile m\u00fccadelede \u00e7ok etkin. Ara temizlik alan\u0131m\u0131z bizim ayn\u0131 zamanda temizlenme alan\u0131m\u0131z. Molaya \u00e7\u0131kt\u0131\u011f\u0131m\u0131z an du\u015fumuzu al\u0131yoruz, temiz k\u0131yafet giyiyoruz, o \u015fekilde \u00e7\u0131k\u0131yoruz. Ona ra\u011fmen benim Covid olmam biraz literat\u00fcr\u00fcn d\u0131\u015f\u0131nda bir olay oldu, \u00e7\u00fcnk\u00fc beslenme al\u0131\u015fkanl\u0131\u011f\u0131m\u0131z da \u00e7ok d\u00fczenli\u201d diye konu\u015ftu.\u00a0<\/p>\n<p>\u201cKayna\u011f\u0131m hastane de\u011fil\u201d\u00a0<br \/>\nVir\u00fcs\u00fc nas\u0131l kapt\u0131\u011f\u0131na dair kayna\u011f\u0131n\u0131n belli olmad\u0131\u011f\u0131n\u0131 da kaydeden Nalpara, Covid yo\u011fun bak\u0131mdan sorumlu hem\u015firenin kendisinden \u00f6nce hastal\u0131\u011fa yakaland\u0131\u011f\u0131n\u0131, o izindeyken de yerine kendisinin sorumlu hem\u015fire olarak g\u00f6revi devrald\u0131\u011f\u0131n\u0131 anlatt\u0131. Bu s\u00fcre\u00e7te hasta odalar\u0131na hi\u00e7 girmedi\u011fini s\u00f6yleyen Nalpara, \u201cDaima d\u0131\u015f cephede arkada\u015flar\u0131n lojistik malzeme ihtiya\u00e7lar\u0131n\u0131 gideriyordum. Yani benim birebir hastayla temas\u0131m olmad\u0131. \u00d6yle olunca da benim kayna\u011f\u0131m hastane de\u011fil\u201d ifadelerini kulland\u0131.\u00a0<\/p>\n<p>\u201cPozitif ben oldum, belirtileri e\u015fim ta\u015f\u0131d\u0131\u201d\u00a0<br \/>\nKarantina s\u00fcrecinde ya\u015fad\u0131klar\u0131n\u0131 da anlatan Nalpara, e\u015fine negatif te\u015fhisi konmas\u0131na kar\u015f\u0131n, t\u00fcm belirtileri onun ya\u015fad\u0131\u011f\u0131n\u0131 vurgulayarak, \u015funlar\u0131 s\u00f6yledi:\u00a0<br \/>\n\u201cE\u015fimde belirti var bende yok. E\u015fim bir ad\u0131m benden \u00f6nde seyrediyor; solunum yetmezli\u011fi ve Covid-19\u2019un b\u00fct\u00fcn a\u011fr\u0131s\u0131, terlemeleri, ba\u015f a\u011fr\u0131lar\u0131n\u0131n tamam\u0131n\u0131 e\u015fim ya\u015fad\u0131. Ben ondan bir kademe geriden geliyordum. \u00c7ocuklar\u0131m\u0131z\u0131 ayn\u0131 g\u00fcn ak\u015fam ba\u015fka bir eve aktard\u0131k. \u00d6yle bir s\u00fcre\u00e7 ki, ayn\u0131 anda hem \u00e7ocuklar\u0131n\u0131z\u0131 akl\u0131n\u0131zdan ge\u00e7iriyorsunuz hem e\u015finizin durumunu g\u00f6z\u00fcn\u00fczle takip ediyorsunuz ve kendiniz pozitif karantinadas\u0131n\u0131z. E\u015fim negatif, onunla temas yapam\u0131yorsunuz, herhangi bir ihtiyac\u0131n\u0131 kar\u015f\u0131layam\u0131yorsunuz, her an \u2018d\u00fc\u015fecek mi\u2019 endi\u015fesi ya\u015f\u0131yorsunuz; \u00e7\u00fcnk\u00fc bir bardak su almak i\u00e7in kalkt\u0131\u011f\u0131 anda dahi g\u00f6z\u00fc s\u00fcrekli yatakta oluyor. S\u00fcre\u00e7te ben sadece hafif bir bo\u011faz a\u011fr\u0131s\u0131 ya\u015fad\u0131m. Pozitif \u00e7\u0131kt\u0131ktan sonra hemen tedaviye ba\u015fland\u0131, 3 g\u00fcn boyunca sadece bo\u011faz a\u011fr\u0131s\u0131 vard\u0131. Bunun d\u0131\u015f\u0131nda en k\u00fc\u00e7\u00fck bir belirti olmad\u0131. Bir bak\u0131ma pozitif ben oldum, belirtileri e\u015fim ta\u015f\u0131d\u0131.\u201d\u00a0<\/p>\n<p>\u201c\u015eu an s\u00fcreci atlatt\u0131m\u201d\u00a0<br \/>\n20 A\u011fustos\u2019ta pozitif te\u015fhisi konmas\u0131n\u0131n ard\u0131ndan ba\u015flayan karantina ve tedavi s\u00fcrecinde 27 A\u011fustos\u2019ta ilk testini verdi\u011fini ve negatif \u00e7\u0131kt\u0131\u011f\u0131n\u0131 aktaran Nalpara, \u201c31 A\u011fustos\u2019ta ikinci testimi verdim, o da negatif olunca 8\u2019inci g\u00fcn i\u015fba\u015f\u0131 yapt\u0131m, \u00e7\u00fcnk\u00fc olduk\u00e7a s\u0131k\u0131nt\u0131l\u0131 bir s\u00fcre\u00e7 i\u015f y\u00fck\u00fc olarak. Ben gidersem benim i\u015fim arkada\u015f\u0131ma kal\u0131yor. \u015eu an s\u00fcreci atlatt\u0131m. Hem\u015fire ve sa\u011fl\u0131k grubu olarak biz burada haz\u0131r\u0131z\u201d \u015feklinde konu\u015ftu.\u00a0<\/p>\n<p>\u201cBir nefes i\u00e7in bile h\u00fcng\u00fcr h\u00fcng\u00fcr a\u011flayan hastalar\u0131m\u0131z var\u201d\u00a0<br \/>\nBelirti g\u00f6stermeden vir\u00fcs ta\u015f\u0131y\u0131c\u0131s\u0131 olunabildi\u011fine dikkat \u00e7eken hem\u015fire Nalpara, \u201cBenim canl\u0131 \u00f6rnek olu\u015fum, vir\u00fcs\u00fc v\u00fccudumda ta\u015f\u0131mama ra\u011fmen enfeksiyonu herhangi bir belirti olmadan ge\u00e7irmi\u015f olmam bana \u00f6zel bir durum de\u011fil; b\u00fct\u00fcn toplumda bu tip ta\u015f\u0131y\u0131c\u0131 olunabiliyor. Onun i\u00e7in de anne babam\u0131z\u0131, hastalar\u0131m\u0131z\u0131 ve ba\u015fta kendimizi d\u00fc\u015f\u00fcn\u00fcyorsak \u00f6ncelikle maskemizi takal\u0131m, ki\u015fisel temizli\u011fimize dikkat edelim ve mesafemizi koruyal\u0131m. \u00c7\u00fcnk\u00fc bu s\u00fcrece bula\u015ft\u0131ktan sonra hepsini mumla ar\u0131yoruz. Bir nefes i\u00e7in bile h\u00fcng\u00fcr h\u00fcng\u00fcr a\u011flayan hastalar\u0131m\u0131z var. Bol sabun ve maske, birinci \u00f6nceli\u011fimiz olsun ve mesafemizi l\u00fctfen koruyal\u0131m. Sabun ve bol suyla temas\u0131m\u0131z oldu\u011fu m\u00fcddet\u00e7e bunu rahatl\u0131kla kontrol alt\u0131na alabilece\u011fimiz bir toplumuz\u201d dedi.\u00a0<\/p>\n<p>\u201cSizden bula\u015f\u0131p da bir ki\u015finin \u00f6ld\u00fc\u011f\u00fcn\u00fc g\u00f6rmenin vicdani y\u00fck\u00fc \u00e7ok a\u011f\u0131rd\u0131r\u201d\u00a0<br \/>\nKendi annesi ve akrabalar\u0131 ba\u015fta olmak \u00fczere kimseye vir\u00fcs bula\u015ft\u0131rmamak i\u00e7in \u00e7ok dikkatli oldu\u011funun alt\u0131n\u0131 \u00e7izen Nalpara, \u201cBabam 70 ya\u015f\u0131nda, day\u0131m bypass oldu. S\u00fcrekli onlar\u0131 uyar\u0131yorum. Benden dolay\u0131 onlar\u0131n ba\u015f\u0131na bir i\u015f geldi\u011finde bunun vicdan azab\u0131 \u00e7ok a\u011f\u0131r. 16 senelik tecr\u00fcbemde ben bunu g\u00f6rd\u00fcm. En \u00e7ok da ailesinden uzak kalm\u0131\u015f, k\u00fcsm\u00fc\u015f ki\u015filer, anne-babay\u0131 kaybettikten sonra \u00e7ok a\u011f\u0131r travma ve pi\u015fmanl\u0131k ya\u015f\u0131yorlar. B\u00f6yle bir s\u00fcre\u00e7te sizden bula\u015f\u0131p da bir ki\u015finin \u00f6ld\u00fc\u011f\u00fcn\u00fc g\u00f6rmek kadar ac\u0131 bir \u015fey olmaz. Onun vicdani y\u00fck\u00fc \u00e7ok a\u011f\u0131rd\u0131r\u201d diye konu\u015ftu.\u00a0<\/p>\n","protected":false},"excerpt":{"rendered":"<p>Mersin\u2019de, hi\u00e7bir belirti ya\u015famadan korona vir\u00fcse yakalanan ve hastal\u0131\u011f\u0131 hafif bir bo\u011faz a\u011fr\u0131s\u0131yla atlatan Covid yo\u011fun bak\u0131m hem\u015firesi Mehmet Nalpara, vicdan azab\u0131 ya\u015famamalar\u0131 i\u00e7in herkesi uyard\u0131. 16 y\u0131ll\u0131k yo\u011fun bak\u0131m &hellip; <a href=\"https:\/\/akdenizolaygazetesi.com\/?p=8257\" class=\"more-link\">Devam\u0131n\u0131 Oku&#8230;<\/a><\/p>\n","protected":false},"author":1,"featured_media":0,"comment_status":"open","ping_status":"open","sticky":false,"template":"","format":"standard","meta":[],"categories":[],"tags":[],"_links":{"self":[{"href":"https:\/\/akdenizolaygazetesi.com\/index.php?rest_route=\/wp\/v2\/posts\/8257"}],"collection":[{"href":"https:\/\/akdenizolaygazetesi.com\/index.php?rest_route=\/wp\/v2\/posts"}],"about":[{"href":"https:\/\/akdenizolaygazetesi.com\/index.php?rest_route=\/wp\/v2\/types\/post"}],"author":[{"embeddable":true,"href":"https:\/\/akdenizolaygazetesi.com\/index.php?rest_route=\/wp\/v2\/users\/1"}],"replies":[{"embeddable":true,"href":"https:\/\/akdenizolaygazetesi.com\/index.php?rest_route=%2Fwp%2Fv2%2Fcomments&post=8257"}],"version-history":[{"count":0,"href":"https:\/\/akdenizolaygazetesi.com\/index.php?rest_route=\/wp\/v2\/posts\/8257\/revisions"}],"wp:attachment":[{"href":"https:\/\/akdenizolaygazetesi.com\/index.php?rest_route=%2Fwp%2Fv2%2Fmedia&parent=8257"}],"wp:term":[{"taxonomy":"category","embeddable":true,"href":"https:\/\/akdenizolaygazetesi.com\/index.php?rest_route=%2Fwp%2Fv2%2Fcategories&post=8257"},{"taxonomy":"post_tag","embeddable":true,"href":"https:\/\/akdenizolaygazetesi.com\/index.php?rest_route=%2Fwp%2Fv2%2Ftags&post=8257"}],"curies":[{"name":"wp","href":"https:\/\/api.w.org\/{rel}","templated":true}]}}