{"id":8258,"date":"2020-11-04T18:28:43","date_gmt":"2020-11-04T15:28:43","guid":{"rendered":"http:\/\/mersinekonomipolitikagazetesi.com\/?p=8258"},"modified":"2020-11-04T18:28:43","modified_gmt":"2020-11-04T15:28:43","slug":"sehit-aileleri-ve-gazi-hizmetleri-sube-mudurlugunden-ornek-hizmet","status":"publish","type":"post","link":"https:\/\/akdenizolaygazetesi.com\/?p=8258","title":{"rendered":"\u015eehit Aileleri ve Gazi Hizmetleri \u015eube M\u00fcd\u00fcrl\u00fc\u011f\u00fc&#8217;nden \u00f6rnek hizmet"},"content":{"rendered":"<p><span style=\"line-height: 1.6em;\">Mersin B\u00fcy\u00fck\u015fehir Belediye Ba\u015fkan\u0131 Vahap Se\u00e7er\u2019in iste\u011fiyle kurulan \u015eehit Aileleri ve Gazi Hizmetleri \u015eube M\u00fcd\u00fcrl\u00fc\u011f\u00fc, \u00e7al\u0131\u015fmalar\u0131n\u0131 s\u00fcrd\u00fcr\u00fcyor. \u015eehit aileleri ve gazilerin her t\u00fcrl\u00fc istek ve sorununda yanlar\u0131nda olan \u015fube m\u00fcd\u00fcrl\u00fc\u011f\u00fc, farkl\u0131 \u015fehirlerdeki belediyelere de \u00f6rnek oluyor.\u00a0<\/span><\/p>\n<p>Mersin B\u00fcy\u00fck\u015fehir Belediyesi, Sosyal Hizmetler Dairesi Ba\u015fkanl\u0131\u011f\u0131 b\u00fcnyesinde kurulan \u015eehit Aileleri ve Gazi Hizmetleri \u015eube M\u00fcd\u00fcrl\u00fc\u011f\u00fc ile \u015fehit aileleri ve gazilerin yan\u0131nda oluyor. \u015eehit aileleri ve gazilere y\u00f6nelik ortak protokoller \u00e7er\u00e7evesinde psiko-sosyal destekler veren m\u00fcd\u00fcrl\u00fck, \u015fehit aileleri ile gazilerin taleplerine y\u00f6nelik i\u015flemleri programl\u0131 bir \u015fekilde koordine ediyor. \u015eehit haberi al\u0131nd\u0131\u011f\u0131 andan itibaren harekete ge\u00e7erek defin i\u015flemi ve sonras\u0131nda ger\u00e7ekle\u015fen mevlitten, yemek program\u0131na kadar bir\u00e7ok konuda g\u00f6rev alarak ailelere destek olan \u015fube m\u00fcd\u00fcrl\u00fc\u011f\u00fc, ayr\u0131ca \u015fehitleri anmaya y\u00f6nelik \u00f6zel g\u00fcnlerde, dini ve milli bayramlarda da mevlit ve yemek faaliyetlerini \u00fcstleniyor. \u015eube m\u00fcd\u00fcrl\u00fc\u011f\u00fc, \u015fehit aileleri ve vatan savunmas\u0131nda \u00f6n saflarda yer almaktan \u00e7ekinmeyen gazilere d\u00fczenledi\u011fi ziyaretler ve programlarla yanlar\u0131nda olduklar\u0131n\u0131 hissettiriyor, taleplerinin kar\u015f\u0131lanmas\u0131 i\u00e7in de aktif bir rol oynuyor.\u00a0<br \/>\nKurulan \u015fube m\u00fcd\u00fcrl\u00fc\u011f\u00fcnde, kendisi de bir gazi olan \u00f6nceki d\u00f6nem T\u00fcrkiye Harp Malul\u00fc Gaziler \u015eehit Dul ve Yetimleri Derne\u011fi Mersin \u015eube Ba\u015fkan\u0131 Cengiz Sevin\u00e7 \u015fube m\u00fcd\u00fcr\u00fc olarak g\u00f6revlendirildi. Gaziantep \u015eehit Aileleri ve Gaziler Dernek Ba\u015fkan\u0131 Hasan Basri Y\u0131lmaz, M\u00fcd\u00fcr Sevin\u00e7&#8217;i ziyaret ederek, hay\u0131rl\u0131 olsun dileklerini iletti. Y\u0131lmaz, kurulan birimin b\u00fct\u00fcn \u00fclkeye \u00f6rnek g\u00f6sterilmesi gerekti\u011fini ifade etti. Sevin\u00e7\u2019ten birimin g\u00f6revleri hakk\u0131nda bilgiler alan Y\u0131lmaz, belediye b\u00fcnyesinde kurulan m\u00fcd\u00fcrl\u00fck i\u00e7in B\u00fcy\u00fck\u015fehir Belediye Ba\u015fkan\u0131 Vahap Se\u00e7er ve belediye meclis \u00fcyelerine te\u015fekk\u00fcrlerini iletip, camiaya daha iyi hizmet edecek bir m\u00fcd\u00fcrl\u00fc\u011f\u00fcn kurulmas\u0131ndan duydu\u011fu memnuniyeti dile getirdi. Hayata ge\u00e7irilen hizmet biriminin Gaziantep\u2019te de kurulmas\u0131 i\u00e7in d\u00f6ner d\u00f6nmez giri\u015fimlerde bulunaca\u011f\u0131n\u0131 bildiren Y\u0131lmaz, bu projenin b\u00fct\u00fcn \u00fclkede \u00f6rnek al\u0131nmas\u0131 ve hayata ge\u00e7irilmesi gereken bir proje oldu\u011funa dikkat \u00e7ekti.\u00a0<\/p>\n","protected":false},"excerpt":{"rendered":"<p>Mersin B\u00fcy\u00fck\u015fehir Belediye Ba\u015fkan\u0131 Vahap Se\u00e7er\u2019in iste\u011fiyle kurulan \u015eehit Aileleri ve Gazi Hizmetleri \u015eube M\u00fcd\u00fcrl\u00fc\u011f\u00fc, \u00e7al\u0131\u015fmalar\u0131n\u0131 s\u00fcrd\u00fcr\u00fcyor. \u015eehit aileleri ve gazilerin her t\u00fcrl\u00fc istek ve sorununda yanlar\u0131nda olan \u015fube m\u00fcd\u00fcrl\u00fc\u011f\u00fc, &hellip; <a href=\"https:\/\/akdenizolaygazetesi.com\/?p=8258\" class=\"more-link\">Devam\u0131n\u0131 Oku&#8230;<\/a><\/p>\n","protected":false},"author":1,"featured_media":0,"comment_status":"open","ping_status":"open","sticky":false,"template":"","format":"standard","meta":[],"categories":[],"tags":[],"_links":{"self":[{"href":"https:\/\/akdenizolaygazetesi.com\/index.php?rest_route=\/wp\/v2\/posts\/8258"}],"collection":[{"href":"https:\/\/akdenizolaygazetesi.com\/index.php?rest_route=\/wp\/v2\/posts"}],"about":[{"href":"https:\/\/akdenizolaygazetesi.com\/index.php?rest_route=\/wp\/v2\/types\/post"}],"author":[{"embeddable":true,"href":"https:\/\/akdenizolaygazetesi.com\/index.php?rest_route=\/wp\/v2\/users\/1"}],"replies":[{"embeddable":true,"href":"https:\/\/akdenizolaygazetesi.com\/index.php?rest_route=%2Fwp%2Fv2%2Fcomments&post=8258"}],"version-history":[{"count":0,"href":"https:\/\/akdenizolaygazetesi.com\/index.php?rest_route=\/wp\/v2\/posts\/8258\/revisions"}],"wp:attachment":[{"href":"https:\/\/akdenizolaygazetesi.com\/index.php?rest_route=%2Fwp%2Fv2%2Fmedia&parent=8258"}],"wp:term":[{"taxonomy":"category","embeddable":true,"href":"https:\/\/akdenizolaygazetesi.com\/index.php?rest_route=%2Fwp%2Fv2%2Fcategories&post=8258"},{"taxonomy":"post_tag","embeddable":true,"href":"https:\/\/akdenizolaygazetesi.com\/index.php?rest_route=%2Fwp%2Fv2%2Ftags&post=8258"}],"curies":[{"name":"wp","href":"https:\/\/api.w.org\/{rel}","templated":true}]}}