{"id":8259,"date":"2020-11-04T18:28:43","date_gmt":"2020-11-04T15:28:43","guid":{"rendered":"http:\/\/mersinekonomipolitikagazetesi.com\/?p=8259"},"modified":"2020-11-04T18:28:43","modified_gmt":"2020-11-04T15:28:43","slug":"halkimizi-onemsiyoruz","status":"publish","type":"post","link":"https:\/\/akdenizolaygazetesi.com\/?p=8259","title":{"rendered":"\u201cHALKIMIZI \u00d6NEMS\u0130YORUZ\u201d"},"content":{"rendered":"<p>Akdeniz Belediye Ba\u015fkan G\u00fcltak, Adanal\u0131o\u011flu Mahallesi\u2019ni ziyaret ederek vatanda\u015flar, muhtarlar, esnaf ve \u00fcreticilerin taleplerini ve \u015fikayetlerini dinledi.\u00a0<br \/>\nHem belediye ekiplerinin b\u00f6lgedeki \u00e7al\u0131\u015fmalar\u0131n\u0131 yerinde inceleyip bilgi alan Ba\u015fkan G\u00fcltak, hem de vatanda\u015flar, \u00fcreticiler ve esnaf\u0131n talep etti\u011fi hizmet ve \u00e7al\u0131\u015fmalar i\u00e7in ilgili birimlere talimat verdi. Muhtarlar, hizmetler nedeniyle te\u015fekk\u00fcrlerini dile getirirken, \u00fcreticilerin talebi \u00fczerine mahalleden ge\u00e7en derede inceleme yapan Ba\u015fkan G\u00fcltak, derede \u0131slah ve temizlik \u00e7al\u0131\u015fmas\u0131 ba\u015flat\u0131lmas\u0131 amac\u0131yla hemen orada telefon a\u00e7arak DS\u0130 yetkilileriyle g\u00f6r\u00fc\u015ft\u00fc.\u00a0<br \/>\nMahalle meydan\u0131nda vatanda\u015flarla toplant\u0131\u00a0<br \/>\nMahalleyi ziyaretinde, eline boya f\u0131r\u00e7as\u0131 al\u0131p, vatanda\u015flar i\u00e7in b\u00fcy\u00fck \u00f6nem ta\u015f\u0131yan ve y\u00fczlerce insan\u0131n ziyaret etti\u011fi \u015eeyh \u0130brahim El Hekim T\u00fcrbesinin bah\u00e7esinde bulunan bord\u00fcrleri de boyayan G\u00fcltak, t\u00fcrbenin yenilenen tabelas\u0131n\u0131 da matkapla yerine yerle\u015ftirdi. Mahalle meydan\u0131nda muhtarlar ve vatanda\u015flarla da bir toplant\u0131 yapan G\u00fcltak, yap\u0131lan ve yap\u0131lacak olan hizmetleri anlatt\u0131. Muhtarlar ve vatanda\u015flar da yeni bah\u00e7e yollar\u0131 a\u00e7\u0131lmas\u0131, gen\u00e7ler ve \u00e7ocuklar i\u00e7in hal\u0131 saha yap\u0131lmas\u0131, asfalt kaplama, su kanallar\u0131n\u0131n \u0131slah\u0131, elektrik kesintileri gibi konularda talep ve \u015fikayetlerini dile getirdi.<br \/>\n\u00a0<br \/>\nZiyaretini de\u011ferlendiren Ba\u015fkan G\u00fcltak, \u201cAkdeniz\u2019de g\u00f6reve geldi\u011fimiz g\u00fcnden bu yana muhtarlar\u0131m\u0131z, vatanda\u015flar\u0131m\u0131z ve esnaflar\u0131m\u0131zla bulu\u015fmaya aral\u0131ks\u0131z devam ediyoruz. \u00c7\u00fcnk\u00fc Akdeniz\u2019i ve halk\u0131m\u0131z\u0131 \u00e7ok \u00f6nemsiyoruz. Mahalle sakinleri ve muhtarlar\u0131m\u0131zla sohbet etmek, daha verimli sonu\u00e7 almam\u0131z\u0131 sa\u011fl\u0131yor, sorunlar\u0131 h\u0131zl\u0131 \u015fekilde \u00e7\u00f6z\u00fcme kavu\u015fturuyoruz. Mahallemize tekrar geldi\u011fimizde \u2018neler yapt\u0131k, neler yapaca\u011f\u0131z\u2019 gibi konularda kendimizi kontrol ediyoruz. Akdeniz\u2019de art\u0131k huzur, bar\u0131\u015f ve karde\u015flik hakim oldu. Akdeniz art\u0131k daha \u00e7ok hizmet alan, de\u011fi\u015fen ve d\u00f6n\u00fc\u015fen bir il\u00e7e olma yolunda ilerliyor. Halk\u0131m\u0131z\u0131n aras\u0131nda olmaya, talep ve sorunlar\u0131 dinleyip \u00e7\u00f6z\u00fcm \u00fcretmeye devam edece\u011fiz\u201d dedi.\u00a0<\/p>\n<p>Bah\u00e7e yollar\u0131ndaki s\u0131k\u0131nt\u0131lar\u0131n da giderilece\u011fini kaydeden G\u00fcltak, s\u00f6zlerini \u015f\u00f6yle s\u00fcrd\u00fcrd\u00fc; \u201cAkdeniz\u2019de so\u011fuk asfalt tesisi kurmak i\u00e7in \u00c7evre Bakanl\u0131\u011f\u0131ndan 2 milyon liral\u0131k hibe sa\u011flanacak, proje ihale a\u015famas\u0131nda. Proje bitti\u011finde mucur yerine so\u011fuk asfalt d\u00f6kece\u011fiz. Okullar\u0131m\u0131z\u0131n tadilat\u0131 ve eksikliklerinin tamamlanmas\u0131 i\u00e7in talimat verdim. Bug\u00fcne dek farkl\u0131 mahallerimizde 50\u2019den fazla okulumuzun tadilat\u0131 yap\u0131ld\u0131. Ekiplerimizin \u015eeyh \u0130brahim El Hekim T\u00fcrbesinin tamam\u0131n\u0131 kapsayan tadilat\u0131 da devam ediyor. Mahallemize mini basketbol sahas\u0131 da kazand\u0131raca\u011f\u0131z. Konuyu yetkililerle g\u00f6r\u00fc\u015ft\u00fcm, su kanallar\u0131n\u0131n temizli\u011fi ve \u0131slah\u0131 da yerine getirilecek.\u201d \u00a0<\/p>\n","protected":false},"excerpt":{"rendered":"<p>Akdeniz Belediye Ba\u015fkan G\u00fcltak, Adanal\u0131o\u011flu Mahallesi\u2019ni ziyaret ederek vatanda\u015flar, muhtarlar, esnaf ve \u00fcreticilerin taleplerini ve \u015fikayetlerini dinledi.\u00a0 Hem belediye ekiplerinin b\u00f6lgedeki \u00e7al\u0131\u015fmalar\u0131n\u0131 yerinde inceleyip bilgi alan Ba\u015fkan G\u00fcltak, hem de &hellip; <a href=\"https:\/\/akdenizolaygazetesi.com\/?p=8259\" class=\"more-link\">Devam\u0131n\u0131 Oku&#8230;<\/a><\/p>\n","protected":false},"author":1,"featured_media":0,"comment_status":"open","ping_status":"open","sticky":false,"template":"","format":"standard","meta":[],"categories":[],"tags":[],"_links":{"self":[{"href":"https:\/\/akdenizolaygazetesi.com\/index.php?rest_route=\/wp\/v2\/posts\/8259"}],"collection":[{"href":"https:\/\/akdenizolaygazetesi.com\/index.php?rest_route=\/wp\/v2\/posts"}],"about":[{"href":"https:\/\/akdenizolaygazetesi.com\/index.php?rest_route=\/wp\/v2\/types\/post"}],"author":[{"embeddable":true,"href":"https:\/\/akdenizolaygazetesi.com\/index.php?rest_route=\/wp\/v2\/users\/1"}],"replies":[{"embeddable":true,"href":"https:\/\/akdenizolaygazetesi.com\/index.php?rest_route=%2Fwp%2Fv2%2Fcomments&post=8259"}],"version-history":[{"count":0,"href":"https:\/\/akdenizolaygazetesi.com\/index.php?rest_route=\/wp\/v2\/posts\/8259\/revisions"}],"wp:attachment":[{"href":"https:\/\/akdenizolaygazetesi.com\/index.php?rest_route=%2Fwp%2Fv2%2Fmedia&parent=8259"}],"wp:term":[{"taxonomy":"category","embeddable":true,"href":"https:\/\/akdenizolaygazetesi.com\/index.php?rest_route=%2Fwp%2Fv2%2Fcategories&post=8259"},{"taxonomy":"post_tag","embeddable":true,"href":"https:\/\/akdenizolaygazetesi.com\/index.php?rest_route=%2Fwp%2Fv2%2Ftags&post=8259"}],"curies":[{"name":"wp","href":"https:\/\/api.w.org\/{rel}","templated":true}]}}