{"id":8260,"date":"2020-11-04T18:28:43","date_gmt":"2020-11-04T15:28:43","guid":{"rendered":"http:\/\/mersinekonomipolitikagazetesi.com\/?p=8260"},"modified":"2020-11-04T18:28:43","modified_gmt":"2020-11-04T15:28:43","slug":"ihracat-666-bin-tona-ulasti","status":"publish","type":"post","link":"https:\/\/akdenizolaygazetesi.com\/?p=8260","title":{"rendered":"\u0130HRACAT 666 B\u0130N TONA ULA\u015eTI"},"content":{"rendered":"<p>Narenciye \u0130hracat\u0131nda Yeni Sezon Umut Veriyor<\/p>\n<p>Mersin Ticaret Borsas\u0131 Ba\u015fkan\u0131 \u00d6. Abdullah \u00d6zdemir yeni narenciye ihracat sezonuna y\u00f6nelik yaz\u0131l\u0131 bas\u0131n a\u00e7\u0131klamas\u0131 yapt\u0131. Akdeniz \u0130hracat\u00e7\u0131 Birlikleri (AK\u0130B) taraf\u0131ndan yay\u0131nlanan sekt\u00f6r de\u011ferlendirme verilerine g\u00f6re 2020 y\u0131l\u0131n\u0131n ilk sekiz ay\u0131nda \u00fclkemizin narenciye ihracat\u0131 bir \u00f6nceki y\u0131l\u0131n ayn\u0131 d\u00f6nemine k\u0131yasla miktar olarak y\u00fczde 9 artt\u0131\u011f\u0131na de\u011finen \u00d6zdemir, ihracat\u0131n 666 bin tona ula\u015ft\u0131\u011f\u0131n\u0131 s\u00f6yledi.<\/p>\n<p>Bu miktar\u0131n y\u00fczde 65&#8217;lik b\u00f6l\u00fcm\u00fcn\u00fc kar\u015f\u0131layan Rusya, Ukrayna, Irak ve Romanya en \u00f6nemli ihra\u00e7 pazarlar\u0131 oldu\u011funu ifade eden \u00d6zdemir, &#8220;\u00dcr\u00fcn baz\u0131nda incelendi\u011finde ise ihracat\u0131m\u0131z\u0131n y\u00fczde 34&#8217;\u00fcn\u00fc mandalina, y\u00fczde 25\u2019ini portakal, y\u00fczde 24&#8217;\u00fcn\u00fc limon ve kalan y\u00fczde 17&#8217;lik b\u00f6l\u00fcm\u00fcn\u00fc greyfurt olu\u015fturdu. Bu \u00fcr\u00fcnlerin ihracat\u0131ndan elde edilen gelir ise y\u00fczde 32 art\u0131\u015f g\u00f6stererek 340 milyon dolar olarak ger\u00e7ekle\u015fti. Narenciye ihracat\u0131ndan ton ba\u015f\u0131na sa\u011flad\u0131\u011f\u0131m\u0131z gelir uzun y\u0131llard\u0131r d\u00fc\u015fme e\u011filimi g\u00f6steriyordu. Bu rakam 2018 y\u0131l\u0131nda 442 dolara kadar gerilemi\u015fti. Son iki y\u0131ld\u0131r ise bu s\u00fcrecin tersine d\u00f6nd\u00fc\u011f\u00fcn\u00fc g\u00f6rmekteyiz. Ton ba\u015f\u0131na sa\u011flad\u0131\u011f\u0131m\u0131z gelir 2019 y\u0131l\u0131nda 468 dolara ve 2020 y\u0131l\u0131n\u0131n ilk sekiz ayl\u0131k d\u00f6neminde ise 510 dolara y\u00fckselmi\u015ftir. Bir di\u011fer olumlu geli\u015fme ise ihra\u00e7 pazarlar\u0131m\u0131zda baz\u0131 \u00fclkelerin paylar\u0131n\u0131 art\u0131rmalar\u0131d\u0131r. \u00d6rne\u011fin Polonya, Hollanda, \u0130talya ve Belarus gibi \u00fclkeler bir \u00f6nceki y\u0131la k\u0131yasla en fazla art\u0131\u015f kaydeden \u00fclkeler oldular. Her ne kadar bu \u00fclkelerin T\u00fcrkiye\u2019den ithal ettikleri narenciye miktar\u0131n\u0131n toplam i\u00e7erisindeki pay\u0131 d\u00fc\u015f\u00fck olsa da \u00fclkemizin s\u0131n\u0131rl\u0131 say\u0131da Pazar ba\u011f\u0131ml\u0131l\u0131\u011f\u0131n\u0131n a\u015f\u0131lmas\u0131 a\u00e7\u0131s\u0131ndan \u00f6nemli bir geli\u015fme oldu\u011fu kan\u0131s\u0131nday\u0131m.&#8221; ifadelerini kulland\u0131.<br \/>\n\u00a0<br \/>\nLimonda Hasat ve \u0130hracat Sezonu Ba\u015flad\u0131<br \/>\n\u00a0<br \/>\nNarenciyede limon d\u0131\u015f\u0131ndaki t\u00fcm \u00fcr\u00fcnlerin ihracat\u0131nda \u00f6nemli art\u0131\u015f sa\u011fland\u0131\u011f\u0131n\u0131 s\u00f6yleyen Ba\u015fkan \u00d6zdemir, &#8220;Ge\u00e7en y\u0131l\u0131n Ocak-A\u011fustos d\u00f6nemine g\u00f6re miktar olarak greyfurtta y\u00fczde 64, portakalda y\u00fczde 47 ve mandalinada y\u00fczde 35 y\u00fckseli\u015f ger\u00e7ekle\u015fti. \u0130\u00e7erisinden ge\u00e7mekte oldu\u011fumuz pandemi s\u00fcreci nedeniyle tedbir amac\u0131yla limon ihracat\u0131na getirilen k\u0131s\u0131tlaman\u0131n da etkisiyle limon ihracat\u0131m\u0131z y\u00fczde 36 azald\u0131. Di\u011fer yandan 7 A\u011fustos tarihinde ilgili k\u0131s\u0131tlaman\u0131n kald\u0131r\u0131lmas\u0131 ve hem hasat hem de ihracat sezonun ba\u015flamas\u0131yla birlikte \u00f6n\u00fcm\u00fczdeki d\u00f6nemde bu tablonun di\u011fer \u00fcr\u00fcnlerde oldu\u011fu gibi olumlu y\u00f6nde geli\u015fece\u011fini d\u00fc\u015f\u00fcn\u00fcyorum.&#8221; \u015feklinde konu\u015ftu.<br \/>\n\u00a0<br \/>\nDevletimizin Sahiplenmesi ile Rekabet\u00e7i G\u00fcc\u00fcm\u00fcz\u00fc Art\u0131rabiliriz<br \/>\n\u00a0<br \/>\nSon d\u00f6nemlerde Devletin bir\u00e7ok \u00fcr\u00fcnde oldu\u011fu gibi narenciyede de sekt\u00f6r\u00fcn t\u00fcm bile\u015fenlerini bir araya getiren toplant\u0131lar d\u00fczenlemesi ve kar\u015f\u0131l\u0131kl\u0131 fikir al\u0131\u015fveri\u015fini art\u0131rmas\u0131n\u0131n \u00f6nemli bir kazan\u0131m oldu\u011funun alt\u0131n\u0131 \u00e7izen \u00d6zdemir, &#8220;Devletimizin bu sahiplenmesi ile gelece\u011fe y\u00f6nelik daha etkin bir narenciye \u00fcretim planlamas\u0131, bu \u00fcretimi te\u015fvik edecek verimli bir destekleme politikas\u0131 ve yeni pazar ile markala\u015fma stratejisi olu\u015fturabilece\u011fimiz kan\u0131s\u0131nday\u0131m. Bu \u015fekilde \u0130spanya, G\u00fcney Afrika, Brezilya, \u00c7in ve Amerika gibi piyasan\u0131n h\u00e2kimi \u00fclkelere kar\u015f\u0131 rekabet\u00e7i g\u00fcc\u00fcm\u00fcz\u00fc daha da art\u0131rabiliriz&#8221; diyerek a\u00e7\u0131klamas\u0131n\u0131 sonland\u0131rd\u0131.<\/p>\n","protected":false},"excerpt":{"rendered":"<p>Narenciye \u0130hracat\u0131nda Yeni Sezon Umut Veriyor Mersin Ticaret Borsas\u0131 Ba\u015fkan\u0131 \u00d6. Abdullah \u00d6zdemir yeni narenciye ihracat sezonuna y\u00f6nelik yaz\u0131l\u0131 bas\u0131n a\u00e7\u0131klamas\u0131 yapt\u0131. Akdeniz \u0130hracat\u00e7\u0131 Birlikleri (AK\u0130B) taraf\u0131ndan yay\u0131nlanan sekt\u00f6r de\u011ferlendirme &hellip; <a href=\"https:\/\/akdenizolaygazetesi.com\/?p=8260\" class=\"more-link\">Devam\u0131n\u0131 Oku&#8230;<\/a><\/p>\n","protected":false},"author":1,"featured_media":0,"comment_status":"open","ping_status":"open","sticky":false,"template":"","format":"standard","meta":[],"categories":[],"tags":[],"_links":{"self":[{"href":"https:\/\/akdenizolaygazetesi.com\/index.php?rest_route=\/wp\/v2\/posts\/8260"}],"collection":[{"href":"https:\/\/akdenizolaygazetesi.com\/index.php?rest_route=\/wp\/v2\/posts"}],"about":[{"href":"https:\/\/akdenizolaygazetesi.com\/index.php?rest_route=\/wp\/v2\/types\/post"}],"author":[{"embeddable":true,"href":"https:\/\/akdenizolaygazetesi.com\/index.php?rest_route=\/wp\/v2\/users\/1"}],"replies":[{"embeddable":true,"href":"https:\/\/akdenizolaygazetesi.com\/index.php?rest_route=%2Fwp%2Fv2%2Fcomments&post=8260"}],"version-history":[{"count":0,"href":"https:\/\/akdenizolaygazetesi.com\/index.php?rest_route=\/wp\/v2\/posts\/8260\/revisions"}],"wp:attachment":[{"href":"https:\/\/akdenizolaygazetesi.com\/index.php?rest_route=%2Fwp%2Fv2%2Fmedia&parent=8260"}],"wp:term":[{"taxonomy":"category","embeddable":true,"href":"https:\/\/akdenizolaygazetesi.com\/index.php?rest_route=%2Fwp%2Fv2%2Fcategories&post=8260"},{"taxonomy":"post_tag","embeddable":true,"href":"https:\/\/akdenizolaygazetesi.com\/index.php?rest_route=%2Fwp%2Fv2%2Ftags&post=8260"}],"curies":[{"name":"wp","href":"https:\/\/api.w.org\/{rel}","templated":true}]}}