{"id":827,"date":"2020-11-04T18:21:27","date_gmt":"2020-11-04T15:21:27","guid":{"rendered":"http:\/\/mersinekonomipolitikagazetesi.com\/?p=827"},"modified":"2020-11-04T18:21:27","modified_gmt":"2020-11-04T15:21:27","slug":"meskiden-aciklama","status":"publish","type":"post","link":"https:\/\/akdenizolaygazetesi.com\/?p=827","title":{"rendered":"MESK\u0130\u2019den a\u00e7\u0131klama"},"content":{"rendered":"<p>MESK\u0130, Ta\u015fucu\u2019na ili\u015fkin yerel bas\u0131nda yay\u0131nlanan haberlere, \u2018\u2019Ta\u015fucu kanalizasyon tesisinin sa\u011fl\u0131kl\u0131 i\u015fletilebilmesi i\u00e7in gereken ve de\u015farj\u0131n\u0131n da sa\u011flanabilece\u011fi Ta\u015fucu At\u0131ksu Ar\u0131tma Tesisi yap\u0131m\u0131 i\u015fi i\u00e7in MESK\u0130 Y\u00f6netim Kurulumuzun 23.03.2017 tarih ve 104 say\u0131l\u0131 karar\u0131na istinaden ihale edilmesine karar verilmi\u015f olup, ihale haz\u0131rl\u0131k \u00e7al\u0131\u015fmalar\u0131 devam etmektedir\u2019\u2019 ifadelerini kullanarak bilgilendirmelerde bulundu.<\/p>\n<p>Mehmet DO\u011eU<\/p>\n<p>Yerel bas\u0131nda Ta\u015fucu\u2019na ili\u015fkin yay\u0131nlanan haberlere MESK\u0130\u2019den a\u00e7\u0131klama geldi. Yap\u0131lan a\u00e7\u0131klamada, \u2018\u2019Ta\u015fucu Ar\u0131tma Tesisi i\u00e7in \u00c7evresel Etki De\u011ferlendirmesi Y\u00f6netmeli\u011fi do\u011frultusunda tahsis i\u015flemlerinin tamamlanmas\u0131na m\u00fcteakip \u00c7ED s\u00fcreci ba\u015flat\u0131lm\u0131\u015ft\u0131r\u2019\u2019 ifadeleri kullan\u0131ld\u0131.<\/p>\n<p>\n<strong>\u2018\u2019EKS\u0130KL\u0130KLER NEDEN\u0130YLE S\u00dcRE\u00c7 TAMAMLANAMAMI\u015eTIR\u2019\u2019<\/strong><\/p>\n<p>\u201cTa\u015fucu (MERS\u0130N) Kanalizasyon \u0130n\u015faat\u0131\u201d, \u0130ller Bankas\u0131 A.\u015e. Genel M\u00fcd\u00fcrl\u00fc\u011f\u00fc\u2019nce ihale edilerek 05.11.2011 tarihinde s\u00f6zle\u015fmesi imzalanm\u0131\u015ft\u0131r\u2019\u2019 ifadesi ile a\u00e7\u0131klamas\u0131na ba\u015flayan MESK\u0130, \u2018\u2019S\u00f6z konusu yap\u0131m i\u015fi \u0130ller Bankas\u0131 A.\u015e. Adana B\u00f6lge M\u00fcd\u00fcrl\u00fc\u011f\u00fc ve M\u00fclga Ta\u015fucu (MERS\u0130N) Belediyesi\u2019nin m\u00fc\u015fterek kontroll\u00fc\u011f\u00fc alt\u0131nda tamamlanarak 28.06.2013 tarihinde ge\u00e7ici kabul\u00fc yap\u0131lm\u0131\u015ft\u0131r. Mersin \u0130li Silifke \u0130l\u00e7esi Ta\u015fucu mahallesindeki altyap\u0131 hizmetleri 6360 say\u0131l\u0131 kanun gere\u011fi 01.04.2014 tarihi itibariyle Meski Genel M\u00fcd\u00fcrl\u00fc\u011f\u00fc g\u00f6rev alan\u0131 s\u0131n\u0131rlar\u0131 i\u00e7erisine dahil edilmi\u015ftir.<\/p>\n<p>\u00a0<\/p>\n<p>Ta\u015fucu (MERS\u0130N) kanalizasyon tesisinin sa\u011fl\u0131kl\u0131 i\u015fletilebilmesi i\u00e7in gereken ve de\u015farj\u0131n\u0131n da sa\u011flanaca\u011f\u0131 Ta\u015fucu At\u0131ksu Ar\u0131tma Tesisi\u2019nin yap\u0131laca\u011f\u0131 yer; \u00d6zel \u00c7evre Koruma Alan\u0131nda yer almaktad\u0131r. M\u00fclga Ta\u015fucu (MERS\u0130N) Belediyesi taraf\u0131ndan yerel se\u00e7imler \u00f6ncesinde At\u0131ksu Ar\u0131tma Tesisinin yap\u0131labilmesi i\u00e7in \u00c7evre ve \u015eehircilik Bakanl\u0131\u011f\u0131 Tabiat Varl\u0131klar\u0131n\u0131 Koruma Genel M\u00fcd\u00fcrl\u00fc\u011f\u00fc\u2019nden izin \u00e7al\u0131\u015fmalar\u0131 ile ilgili i\u015flemler ba\u015flat\u0131lm\u0131\u015f, ancak ba\u015fvuru s\u0131ras\u0131nda tespit edilen eksiklikler nedeniyle s\u00fcre\u00e7 tamamlanamam\u0131\u015ft\u0131r\u2019\u2019 dedi.<\/p>\n<p>\u00a0<\/p>\n<p><strong>\u2018\u2019PARSELLERE A\u0130T TAHS\u0130SLER YAPILMI\u015eTIR\u2019\u2019<\/strong><\/p>\n<p>\u2018\u2019Sonraki s\u00fcre\u00e7te, h\u0131zla M\u00fclga Ta\u015fucu (MERS\u0130N) Belediyesi taraf\u0131ndan yapt\u0131r\u0131lan ancak eksik kalan 1\/5000 ve 1\/1000 \u00f6l\u00e7ekli Koruma Ama\u00e7l\u0131 \u0130mar Planlar\u0131 eksiklikleri Genel M\u00fcd\u00fcrl\u00fc\u011f\u00fcm\u00fczce tamamlanm\u0131\u015f, \u00c7evre ve \u015eehircilik Bakanl\u0131\u011f\u0131 Tabiat Varl\u0131klar\u0131n\u0131 Koruma Genel M\u00fcd\u00fcrl\u00fc\u011f\u00fc\u2019ne g\u00f6nderilmi\u015ftir\u2019\u2019 s\u00f6zleriyle devam edilen a\u00e7\u0131klamada, \u2018\u2019Ancak, bahse konu bu planlar\u0131n Bakanl\u0131k taraf\u0131ndan onaylanmas\u0131 a\u015famas\u0131nda ciddi zaman aral\u0131\u011f\u0131 ya\u015fanm\u0131\u015f ve Koruma Ama\u00e7l\u0131 \u0130mar Planlar\u0131 \u00c7evre ve \u015eehircilik Bakanl\u0131\u011f\u0131 Tabiat Varl\u0131klar\u0131n\u0131 Koruma Genel M\u00fcd\u00fcrl\u00fc\u011f\u00fcnce 02.02.2016 tarihinde onaylanm\u0131\u015ft\u0131r.<br \/>\n\u00a0<\/p>\n<p>\u00a0Ayr\u0131ca, tesisin in\u015fa edilece\u011fi 3 adet Maliye Hazinesi parsellerinden birinin (Ta\u015fucu Mahallesi Karaa\u011fa\u00e7 Mevkii 290\u00a0<a data-saferedirecturl=\"https:\/\/www.google.com\/url?hl=tr&amp;q=http:\/\/no.lu&amp;source=gmail&amp;ust=1492426851788000&amp;usg=AFQjCNEwAgrgL0KqlH2EU1TyyHG017HYEA\" href=\"http:\/\/no.lu\/\" target=\"_blank\" rel=\"noopener noreferrer\">no.lu<\/a>\u00a0parsel) tahsisi M\u00fclga Ta\u015fucu (MERS\u0130N) Belediyesi taraf\u0131ndan al\u0131nm\u0131\u015f ve 6360 say\u0131l\u0131 kanunun y\u00fcr\u00fcrl\u00fc\u011fe girmesi ile Genel M\u00fcd\u00fcrl\u00fc\u011f\u00fcm\u00fcz ad\u0131na tahsisi yap\u0131lan yaz\u0131\u015fmalar neticesinde \u00a008.09.2015 tarihinde tamamlanm\u0131\u015ft\u0131r. Ancak, di\u011fer 2 parselin (Ta\u015fucu mahallesi Karaa\u011fa\u00e7 mevkii 274 ve 278\u00a0<a data-saferedirecturl=\"https:\/\/www.google.com\/url?hl=tr&amp;q=http:\/\/no.lu&amp;source=gmail&amp;ust=1492426851788000&amp;usg=AFQjCNEwAgrgL0KqlH2EU1TyyHG017HYEA\" href=\"http:\/\/no.lu\/\" target=\"_blank\" rel=\"noopener noreferrer\">no.lu<\/a>\u00a0parseller) tahsisi i\u00e7in ise 1\/5000 ve 1\/1000 \u00f6l\u00e7ekli Koruma Ama\u00e7l\u0131 \u0130mar Planlar\u0131n\u0131n onay\u0131ndan sonra gerekli i\u015flemlere ba\u015flanabilmi\u015ftir. Ancak tahsislerin al\u0131nmas\u0131 ile ilgili olarak da, Milli Emlak Genel M\u00fcd\u00fcrl\u00fc\u011f\u00fc\u2019nden 23.02.2017 tarihinde s\u00f6z konusu parsellere ait tahsisler yap\u0131lm\u0131\u015ft\u0131r\u2019\u2019 denildi.<\/p>\n<p>\u00a0<br \/>\n<strong>\u2018\u2019\u0130HALE HAZIRLIK \u00c7ALI\u015eMALARI DEVAM ETMEKTED\u0130R\u2019\u2019<\/strong><\/p>\n<p>MESK\u0130 son olarak, \u2018\u2019Bunun yan\u0131nda, Ta\u015fucu Ar\u0131tma Tesisi i\u00e7in \u00c7evresel Etki De\u011ferlendirmesi Y\u00f6netmeli\u011fi do\u011frultusunda tahsis i\u015flemlerinin tamamlanmas\u0131na m\u00fcteakip \u00c7ED s\u00fcreci ba\u015flat\u0131lm\u0131\u015ft\u0131r.\u00a0K\u00fclt\u00fcr ve Turizm Bakanl\u0131\u011f\u0131&#8217;nca tesis yap\u0131m i\u015fi i\u00e7in\u00a0kullan\u0131lmak \u00fczere tahsis edilmi\u015f 2.000.000.-TL \u00f6denek Mersin Valili\u011fi Yat\u0131r\u0131m ve \u0130zleme Koordinasyon Ba\u015fkanl\u0131\u011f\u0131 hesaplar\u0131na aktar\u0131lm\u0131\u015f\u00a0olup, tesis yap\u0131m\u0131 i\u00e7in geriye\u00a0kalan maliyet i\u00e7in yap\u0131lacak olan harcamalar MESK\u0130 \u00f6z kaynaklar\u0131ndan kar\u015f\u0131lanacakt\u0131r.\u00a0\u00a0<\/p>\n<p>\u00a0<\/p>\n<p>Sonu\u00e7 olarak; Ta\u015fucu kanalizasyon tesisinin sa\u011fl\u0131kl\u0131 i\u015fletilebilmesi i\u00e7in gereken ve de\u015farj\u0131n\u0131n da sa\u011flanabilece\u011fi Ta\u015fucu At\u0131ksu Ar\u0131tma Tesisi yap\u0131m\u0131 i\u015fi i\u00e7in MESK\u0130 Y\u00f6netim Kurulumuzun 23.03.2017 tarih ve 104 say\u0131l\u0131 karar\u0131na istinaden ihale edilmesine karar verilmi\u015f olup, ihale haz\u0131rl\u0131k \u00e7al\u0131\u015fmalar\u0131 devam etmektedir\u2019\u2019 a\u00e7\u0131klamas\u0131nda bulundu.<\/p>\n<p>\u00a0<\/p>\n","protected":false},"excerpt":{"rendered":"<p>MESK\u0130, Ta\u015fucu\u2019na ili\u015fkin yerel bas\u0131nda yay\u0131nlanan haberlere, \u2018\u2019Ta\u015fucu kanalizasyon tesisinin sa\u011fl\u0131kl\u0131 i\u015fletilebilmesi i\u00e7in gereken ve de\u015farj\u0131n\u0131n da sa\u011flanabilece\u011fi Ta\u015fucu At\u0131ksu Ar\u0131tma Tesisi yap\u0131m\u0131 i\u015fi i\u00e7in MESK\u0130 Y\u00f6netim Kurulumuzun 23.03.2017 tarih &hellip; <a href=\"https:\/\/akdenizolaygazetesi.com\/?p=827\" class=\"more-link\">Devam\u0131n\u0131 Oku&#8230;<\/a><\/p>\n","protected":false},"author":1,"featured_media":0,"comment_status":"open","ping_status":"open","sticky":false,"template":"","format":"standard","meta":[],"categories":[],"tags":[],"_links":{"self":[{"href":"https:\/\/akdenizolaygazetesi.com\/index.php?rest_route=\/wp\/v2\/posts\/827"}],"collection":[{"href":"https:\/\/akdenizolaygazetesi.com\/index.php?rest_route=\/wp\/v2\/posts"}],"about":[{"href":"https:\/\/akdenizolaygazetesi.com\/index.php?rest_route=\/wp\/v2\/types\/post"}],"author":[{"embeddable":true,"href":"https:\/\/akdenizolaygazetesi.com\/index.php?rest_route=\/wp\/v2\/users\/1"}],"replies":[{"embeddable":true,"href":"https:\/\/akdenizolaygazetesi.com\/index.php?rest_route=%2Fwp%2Fv2%2Fcomments&post=827"}],"version-history":[{"count":0,"href":"https:\/\/akdenizolaygazetesi.com\/index.php?rest_route=\/wp\/v2\/posts\/827\/revisions"}],"wp:attachment":[{"href":"https:\/\/akdenizolaygazetesi.com\/index.php?rest_route=%2Fwp%2Fv2%2Fmedia&parent=827"}],"wp:term":[{"taxonomy":"category","embeddable":true,"href":"https:\/\/akdenizolaygazetesi.com\/index.php?rest_route=%2Fwp%2Fv2%2Fcategories&post=827"},{"taxonomy":"post_tag","embeddable":true,"href":"https:\/\/akdenizolaygazetesi.com\/index.php?rest_route=%2Fwp%2Fv2%2Ftags&post=827"}],"curies":[{"name":"wp","href":"https:\/\/api.w.org\/{rel}","templated":true}]}}